{"id":13464,"date":"2025-12-28T20:37:41","date_gmt":"2025-12-28T20:37:41","guid":{"rendered":"https:\/\/dobrezrodla.com\/?p=13464"},"modified":"2025-12-28T20:37:41","modified_gmt":"2025-12-28T20:37:41","slug":"fatalne-wiesci-dla-tuska-takiego-ciosu-sie-nie-spodziewal-nawrocki-nie-dal-mu-zadnych-szans","status":"publish","type":"post","link":"https:\/\/dobrezrodla.com\/?p=13464","title":{"rendered":"Fatalne wie\u015bci dla Tuska. Takiego ciosu si\u0119 nie spodziewa\u0142, Nawrocki nie da\u0142 mu \u017cadnych szans"},"content":{"rendered":"\n<p>Instytut Bada\u0144 Pollster, na zlecenie \u201eSuper Expressu\u201d, zapyta\u0142 Polak\u00f3w, kto powinien mie\u0107 wi\u0119ksz\u0105 w\u0142adz\u0119 wykonawcz\u0105 \u2013 prezydent czy premier.<\/p>\n\n\n\n<p>Wyniki pokazuj\u0105, \u017ce cho\u0107 nie ma jednomy\u015blno\u015bci, zauwa\u017calna jest presja na zmian\u0119 obecnego modelu.<\/p>\n\n\n\n<p>To pytanie wraca szczeg\u00f3lnie teraz, gdy Karol Nawrocki obj\u0105\u0142 urz\u0105d prezydenta, co wzbudza dyskusje o r\u00f3wnowadze kompetencji mi\u0119dzy g\u0142ow\u0105 pa\u0144stwa a rz\u0105dem.<\/p>\n\n\n\n<p>Coraz cz\u0119\u015bciej zastanawiamy si\u0119, czy obecny system rz\u0105d\u00f3w spe\u0142nia oczekiwania spo\u0142eczne lub czy mo\u017ce lepsza by\u0142aby bardziej prezydencka forma w\u0142adzy. Ten temat przyci\u0105ga uwag\u0119, zw\u0142aszcza, \u017ce opinia publiczna w takich momentach wyostrza spojrzenie na kwestie przyw\u00f3dztwa i skuteczno\u015bci.<\/p>\n\n\n\n<figure class=\"wp-block-image\"><img decoding=\"async\" src=\"https:\/\/www.bystragrazyna.pl\/wp-content\/uploads\/2025\/08\/1092.jpg\" alt=\"\" class=\"wp-image-22414\"\/><\/figure>\n\n\n\n<h2 class=\"wp-block-heading\">Przewaga g\u0142owy pa\u0144stwa?<\/h2>\n\n\n\n<p>W tle debaty pozostaje pytanie o to, kto powinien mie\u0107 decyduj\u0105cy wp\u0142yw na wa\u017cne decyzje pa\u0144stwowe \u2013 prezydent czy premier. Sonda\u017c Pollstera ukaza\u0142, \u017ce ponad po\u0142owa badanych, bo a\u017c 52%, woli widzie\u0107 w roli kluczowej osoby prezydenta, podczas gdy 38% opowiada si\u0119 za premierem. 10% respondent\u00f3w nie potrafi\u0142o wskaza\u0107 jednoznacznie preferencji.<\/p>\n\n\n\n<blockquote class=\"wp-block-quote is-layout-flow wp-block-quote-is-layout-flow\">\n<p>Z sonda\u017cy wynika r\u00f3wnie\u017c poszukiwanie lidera, kt\u00f3ry jest skuteczny i sprawczy \u2013 komentuje dr Sergiusz Trzeciak, ekspert ds. komunikacji strategicznej, w wywiadzie dla \u201eSuper Expressu\u201d.<\/p>\n<\/blockquote>\n\n\n\n<p>Takie odczyty wskazuj\u0105 na spo\u0142eczne oczekiwanie silniejszego przyw\u00f3dztwa skupionego w jednym miejscu, by\u0107 mo\u017ce b\u0119d\u0105cego odpowiedzi\u0105 na zm\u0119czenie konfliktem kompetencyjnym, kt\u00f3ry dotychczas charakteryzowa\u0142 polsk\u0105 scen\u0119 polityczn\u0105.<\/p>\n\n\n\n<h2 class=\"wp-block-heading\">Jak wygl\u0105da podzia\u0142 konstytucyjnych kompetencji?<\/h2>\n\n\n\n<p>Aktualnie w\u0142adz\u0119 wykonawcz\u0105 dzieli Prezydent RP i Rada Ministr\u00f3w. Prezydent jest formalnym g\u0142ow\u0105 pa\u0144stwa, reprezentuje Polsk\u0119 na arenie mi\u0119dzynarodowej, mianuje premiera, podpisuje ustawy oraz czuwa nad przestrzeganiem konstytucji. Natomiast premier wraz z Rad\u0105 Ministr\u00f3w odpowiada za kierowanie polityk\u0105 wewn\u0119trzn\u0105 i zagraniczn\u0105 oraz zarz\u0105dzanie administracj\u0105 rz\u0105dow\u0105.<\/p>\n\n\n\n<p><strong>Cho\u0107 zakres kompetencji jest jasno rozdzielony, wsp\u00f3\u0142praca mi\u0119dzy prezydentem a rz\u0105dem jest kluczowa.<\/strong>&nbsp;Problem pojawia si\u0119 jednak, gdy r\u00f3\u017cnice w wizji pa\u0144stwa mi\u0119dzy tymi o\u015brodkami w\u0142adzy powoduj\u0105 napi\u0119cia i spory, prowokuj\u0105c dyskusje o potrzebie zmiany ustroju na bardziej prezydencki lub \u2013 alternatywnie \u2013 o wzmocnieniu roli premiera.<\/p>\n\n\n\n<h2 class=\"wp-block-heading\">Co m\u00f3wi\u0105 polityczne nastroje?<\/h2>\n\n\n\n<p>W obliczu nowych wyzwa\u0144 i zmian na scenie politycznej, Polacy coraz cz\u0119\u015bciej debatuj\u0105 o tym, jak powinien wygl\u0105da\u0107 podzia\u0142 w\u0142adzy w kraju. Mandat Karola Nawrockiego jako prezydenta wni\u00f3s\u0142 now\u0105 dynamik\u0119 do tej dyskusji. Pokazuje to tak\u017ce badanie opinii, kt\u00f3re wskazuje na rosn\u0105c\u0105 sympati\u0119 do silnej centralnej w\u0142adzy.<\/p>\n\n\n\n<p>Taki trend mo\u017ce \u015bwiadczy\u0107 o spo\u0142ecznym zm\u0119czeniu obecnym modelem, w kt\u00f3rym cz\u0119sto dochodzi\u0142o do politycznych star\u0107 mi\u0119dzy Pa\u0142acem Prezydenckim a Kancelari\u0105 Premiera. Wielu obywateli zdaje si\u0119 oczekiwa\u0107, by decyzyjno\u015b\u0107 by\u0142a skupiona w r\u0119kach jednej osoby lub instytucji bardziej ni\u017c dotychczas.<\/p>\n","protected":false},"excerpt":{"rendered":"<p>Instytut Bada\u0144 Pollster, na zlecenie \u201eSuper Expressu\u201d, zapyta\u0142 Polak\u00f3w, kto powinien mie\u0107 wi\u0119ksz\u0105 w\u0142adz\u0119 wykonawcz\u0105 \u2013 prezydent czy premier. Wyniki pokazuj\u0105, \u017ce cho\u0107 nie ma jednomy\u015blno\u015bci, zauwa\u017calna jest presja na zmian\u0119 obecnego modelu. To pytanie wraca szczeg\u00f3lnie teraz, gdy Karol Nawrocki obj\u0105\u0142 urz\u0105d prezydenta, co wzbudza dyskusje o r\u00f3wnowadze kompetencji mi\u0119dzy g\u0142ow\u0105 pa\u0144stwa a rz\u0105dem. &#8230; <a title=\"Fatalne wie\u015bci dla Tuska. Takiego ciosu si\u0119 nie spodziewa\u0142, Nawrocki nie da\u0142 mu \u017cadnych szans\" class=\"read-more\" href=\"https:\/\/dobrezrodla.com\/?p=13464\" aria-label=\"Read more about Fatalne wie\u015bci dla Tuska. Takiego ciosu si\u0119 nie spodziewa\u0142, Nawrocki nie da\u0142 mu \u017cadnych szans\">Read more<\/a><\/p>\n","protected":false},"author":1,"featured_media":0,"comment_status":"open","ping_status":"open","sticky":false,"template":"","format":"standard","meta":{"footnotes":""},"categories":[1],"tags":[],"class_list":["post-13464","post","type-post","status-publish","format-standard","hentry","category-uncategorized"],"_links":{"self":[{"href":"https:\/\/dobrezrodla.com\/index.php?rest_route=\/wp\/v2\/posts\/13464","targetHints":{"allow":["GET"]}}],"collection":[{"href":"https:\/\/dobrezrodla.com\/index.php?rest_route=\/wp\/v2\/posts"}],"about":[{"href":"https:\/\/dobrezrodla.com\/index.php?rest_route=\/wp\/v2\/types\/post"}],"author":[{"embeddable":true,"href":"https:\/\/dobrezrodla.com\/index.php?rest_route=\/wp\/v2\/users\/1"}],"replies":[{"embeddable":true,"href":"https:\/\/dobrezrodla.com\/index.php?rest_route=%2Fwp%2Fv2%2Fcomments&post=13464"}],"version-history":[{"count":1,"href":"https:\/\/dobrezrodla.com\/index.php?rest_route=\/wp\/v2\/posts\/13464\/revisions"}],"predecessor-version":[{"id":13465,"href":"https:\/\/dobrezrodla.com\/index.php?rest_route=\/wp\/v2\/posts\/13464\/revisions\/13465"}],"wp:attachment":[{"href":"https:\/\/dobrezrodla.com\/index.php?rest_route=%2Fwp%2Fv2%2Fmedia&parent=13464"}],"wp:term":[{"taxonomy":"category","embeddable":true,"href":"https:\/\/dobrezrodla.com\/index.php?rest_route=%2Fwp%2Fv2%2Fcategories&post=13464"},{"taxonomy":"post_tag","embeddable":true,"href":"https:\/\/dobrezrodla.com\/index.php?rest_route=%2Fwp%2Fv2%2Ftags&post=13464"}],"curies":[{"name":"wp","href":"https:\/\/api.w.org\/{rel}","templated":true}]}}