{"id":13505,"date":"2025-12-28T22:14:11","date_gmt":"2025-12-28T22:14:11","guid":{"rendered":"https:\/\/dobrezrodla.com\/?p=13505"},"modified":"2025-12-28T22:14:11","modified_gmt":"2025-12-28T22:14:11","slug":"sikorski-odpowiedzial-nawrockiemu-wytknal-prezydentowi-blad","status":"publish","type":"post","link":"https:\/\/dobrezrodla.com\/?p=13505","title":{"rendered":"Sikorski odpowiedzia\u0142 Nawrockiemu. Wytkn\u0105\u0142 prezydentowi b\u0142\u0105d"},"content":{"rendered":"\n<p>Jedno wyst\u0105pienie prezydenta wystarczy\u0142o, by wywo\u0142a\u0107 reakcj\u0119 na najwy\u017cszym szczeblu rz\u0105dowym. Rados\u0142aw Sikorski publicznie odni\u00f3s\u0142 si\u0119 do s\u0142\u00f3w, kt\u00f3re pad\u0142y podczas wa\u017cnych obchod\u00f3w historycznych w Poznaniu. Jego wpis szybko sta\u0142 si\u0119 politycznym komentarzem o szerszym znaczeniu ni\u017c tylko rocznicowe uroczysto\u015bci.<\/p>\n\n\n\n<p>Przem\u00f3wienie Karola Nawrockiego podczas obchod\u00f3w Powstania Wielkopolskiego<br>Powstanie Wielkopolskie 1918\u20131919. Kluczowe fakty i znaczenie historyczne<br>Rados\u0142aw Sikorski reaguje na s\u0142owa prezydenta. Ostra krytyka w sprawie granicy z Niemcami<br>Przem\u00f3wienie Karola Nawrockiego podczas obchod\u00f3w Powstania Wielkopolskiego<br>W sobot\u0119 w Poznaniu odby\u0142y si\u0119 obchody Narodowego Dnia Zwyci\u0119skiego Powstania Wielkopolskiego, upami\u0119tniaj\u0105ce wydarzenia sprzed 107 lat. To w\u0142a\u015bnie tam prezydent Karol Nawrocki wyg\u0142osi\u0142 przem\u00f3wienie, w kt\u00f3rym mocno akcentowa\u0142 historyczn\u0105 rol\u0119 Wielkopolski jako kolebki polskiej pa\u0144stwowo\u015bci. Przypomnia\u0142, \u017ce to na tych ziemiach Boles\u0142aw Chrobry \u201eprzyj\u0105\u0142 koron\u0119\u201d, podkre\u015blaj\u0105c jej znaczenie jako symbolu suwerenno\u015bci i niepodleg\u0142o\u015bci.<\/p>\n\n\n\n<p>Prezydent m\u00f3wi\u0142 r\u00f3wnie\u017c o wsp\u00f3lnocie narodowej, zaznaczaj\u0105c jej otwarto\u015b\u0107 na Zach\u00f3d, ale jednocze\u015bnie gotowo\u015b\u0107 do obrony granic pa\u0144stwa. Jak zaznaczy\u0142, by\u0142a to postawa dobrze znana powsta\u0144com wielkopolskim, kt\u00f3rzy w latach 1918\u20131919 walczyli o przy\u0142\u0105czenie regionu do odradzaj\u0105cej si\u0119 Polski.<\/p>\n\n\n\n<p>W\u0142a\u015bnie ten fragment wyst\u0105pienia zwr\u00f3ci\u0142 szczeg\u00f3ln\u0105 uwag\u0119 polityk\u00f3w rz\u0105dz\u0105cych i \u2013 jak si\u0119 okaza\u0142o \u2013 sta\u0142 si\u0119 impulsem do reakcji z ich strony.<\/p>\n\n\n\n<p>Sikorski odpowiedzia\u0142 Nawrockiemu. Wytkn\u0105\u0142 prezydentowi b\u0142\u0105d<br>Karol Nawrocki, fot. KAPiF<br>Powstanie Wielkopolskie 1918\u20131919. Kluczowe fakty i znaczenie historyczne<br>Powstanie Wielkopolskie wybuch\u0142o 27 grudnia 1918 roku, nied\u0142ugo po zako\u0144czeniu I wojny \u015bwiatowej. Wielkopolska znajdowa\u0142a si\u0119 w\u00f3wczas w granicach Niemiec, a celem zrywu by\u0142o przy\u0142\u0105czenie regionu do niepodleg\u0142ej Polski. Walki przebiega\u0142y dynamicznie \u2013 ju\u017c w pierwszych dniach powsta\u0144cy opanowali Pozna\u0144, a do po\u0142owy stycznia wyzwolili znaczn\u0105 cz\u0119\u015b\u0107 regionu.<\/p>\n\n\n\n<p>Sukces militarny zosta\u0142 nast\u0119pnie potwierdzony na arenie mi\u0119dzynarodowej. Rozejm w Trewirze z 16 lutego 1919 roku, podpisany przez Niemcy i pa\u0144stwa Ententy, uzna\u0142 zdobycze powsta\u0144c\u00f3w, a kilka miesi\u0119cy p\u00f3\u017aniej traktat wersalski przypiecz\u0119towa\u0142 powr\u00f3t niemal ca\u0142ej Wielkopolski do Polski.<\/p>\n\n\n\n<p>Wed\u0142ug danych Instytutu Pami\u0119ci Narodowej w walkach zgin\u0119\u0142o blisko 2500 powsta\u0144c\u00f3w, a oko\u0142o 6 tysi\u0119cy odnios\u0142o rany. W 2018 roku na imiennej li\u015bcie strat figurowa\u0142o 2261 ofiar \u015bmiertelnych, w tym 136 os\u00f3b oznaczonych jako \u201eNN\u201d.<\/p>\n\n\n\n<p>Rados\u0142aw Sikorski reaguje na s\u0142owa prezydenta. Ostra krytyka w sprawie granicy z Niemcami<br>Dzie\u0144 po uroczysto\u015bciach, 28 grudnia, do s\u0142\u00f3w prezydenta odni\u00f3s\u0142 si\u0119 Rados\u0142aw Sikorski. Minister spraw zagranicznych opublikowa\u0142 na swoim profilu na portalu X wpis, w kt\u00f3rym wprost skomentowa\u0142 narracj\u0119 dotycz\u0105c\u0105 bezpiecze\u0144stwa zachodniej granicy Polski.<\/p>\n\n\n\n<p>\u2013 Pragn\u0119 uspokoi\u0107 Pana Prezydenta, \u017ce dop\u00f3ki Niemcy s\u0105 w NATO i UE, a rz\u0105dz\u0105 nimi chrze\u015bcija\u0144scy lub socjal demokraci, zagro\u017cenie naszej zachodniej granicy jest \u017cadne. Powsta\u0107 mog\u0142oby dopiero, gdyby w\u0142adz\u0119 za Odr\u0105 obj\u0119li eurofobiczni nacjonali\u015bci \u2013 napisa\u0142 Rados\u0142aw Sikorski.<\/p>\n\n\n\n<p>S\u0142owa ministra zosta\u0142y odczytane jako bezpo\u015brednia polemika z wyst\u0105pieniem Karola Nawrockiego i wyra\u017ane zakwestionowanie sugestii, \u017ce obecnie istnieje realne ryzyko zwi\u0105zane z bezpiecze\u0144stwem zachodniej granicy.<\/p>\n\n\n\n<p>Sikorski jasno wskaza\u0142 na znaczenie cz\u0142onkostwa Niemiec w NATO i Unii Europejskiej oraz na aktualny uk\u0142ad polityczny u naszego zachodniego s\u0105siada, uznaj\u0105c go za kluczowy czynnik stabilizuj\u0105cy sytuacj\u0119. W ten spos\u00f3b historyczna rocznica sta\u0142a si\u0119 punktem wyj\u015bcia do ostrej, wsp\u00f3\u0142czesnej debaty politycznej.<\/p>\n","protected":false},"excerpt":{"rendered":"<p>Jedno wyst\u0105pienie prezydenta wystarczy\u0142o, by wywo\u0142a\u0107 reakcj\u0119 na najwy\u017cszym szczeblu rz\u0105dowym. Rados\u0142aw Sikorski publicznie odni\u00f3s\u0142 si\u0119 do s\u0142\u00f3w, kt\u00f3re pad\u0142y podczas wa\u017cnych obchod\u00f3w historycznych w Poznaniu. Jego wpis szybko sta\u0142 si\u0119 politycznym komentarzem o szerszym znaczeniu ni\u017c tylko rocznicowe uroczysto\u015bci. Przem\u00f3wienie Karola Nawrockiego podczas obchod\u00f3w Powstania WielkopolskiegoPowstanie Wielkopolskie 1918\u20131919. Kluczowe fakty i znaczenie historyczneRados\u0142aw Sikorski &#8230; <a title=\"Sikorski odpowiedzia\u0142 Nawrockiemu. Wytkn\u0105\u0142 prezydentowi b\u0142\u0105d\" class=\"read-more\" href=\"https:\/\/dobrezrodla.com\/?p=13505\" aria-label=\"Read more about Sikorski odpowiedzia\u0142 Nawrockiemu. Wytkn\u0105\u0142 prezydentowi b\u0142\u0105d\">Read more<\/a><\/p>\n","protected":false},"author":1,"featured_media":0,"comment_status":"open","ping_status":"open","sticky":false,"template":"","format":"standard","meta":{"footnotes":""},"categories":[1],"tags":[],"class_list":["post-13505","post","type-post","status-publish","format-standard","hentry","category-uncategorized"],"_links":{"self":[{"href":"https:\/\/dobrezrodla.com\/index.php?rest_route=\/wp\/v2\/posts\/13505","targetHints":{"allow":["GET"]}}],"collection":[{"href":"https:\/\/dobrezrodla.com\/index.php?rest_route=\/wp\/v2\/posts"}],"about":[{"href":"https:\/\/dobrezrodla.com\/index.php?rest_route=\/wp\/v2\/types\/post"}],"author":[{"embeddable":true,"href":"https:\/\/dobrezrodla.com\/index.php?rest_route=\/wp\/v2\/users\/1"}],"replies":[{"embeddable":true,"href":"https:\/\/dobrezrodla.com\/index.php?rest_route=%2Fwp%2Fv2%2Fcomments&post=13505"}],"version-history":[{"count":1,"href":"https:\/\/dobrezrodla.com\/index.php?rest_route=\/wp\/v2\/posts\/13505\/revisions"}],"predecessor-version":[{"id":13506,"href":"https:\/\/dobrezrodla.com\/index.php?rest_route=\/wp\/v2\/posts\/13505\/revisions\/13506"}],"wp:attachment":[{"href":"https:\/\/dobrezrodla.com\/index.php?rest_route=%2Fwp%2Fv2%2Fmedia&parent=13505"}],"wp:term":[{"taxonomy":"category","embeddable":true,"href":"https:\/\/dobrezrodla.com\/index.php?rest_route=%2Fwp%2Fv2%2Fcategories&post=13505"},{"taxonomy":"post_tag","embeddable":true,"href":"https:\/\/dobrezrodla.com\/index.php?rest_route=%2Fwp%2Fv2%2Ftags&post=13505"}],"curies":[{"name":"wp","href":"https:\/\/api.w.org\/{rel}","templated":true}]}}