{"id":13509,"date":"2025-12-28T22:15:24","date_gmt":"2025-12-28T22:15:24","guid":{"rendered":"https:\/\/dobrezrodla.com\/?p=13509"},"modified":"2025-12-28T22:15:27","modified_gmt":"2025-12-28T22:15:27","slug":"nawrocki-uderza-w-tuska-pan-ma-pretensje-do-chrobrego","status":"publish","type":"post","link":"https:\/\/dobrezrodla.com\/?p=13509","title":{"rendered":"Nawrocki uderza w Tuska. &#8220;Pan ma pretensje do Chrobrego?&#8221;"},"content":{"rendered":"\n<p><strong>Nawrocki krytykuje Tuska<\/strong><\/p>\n\n\n\n<p>Sp\u00f3r mi\u0119dzy prezydentem a premierem wybuch\u0142 po wyst\u0105pieniu Karola Nawrockiego podczas obchod\u00f3w&nbsp;107. rocznicy wybuchu powstania wielkopolskiego w Poznaniu. W swojej przemowie&nbsp;prezydent&nbsp;podkre\u015bla\u0142 m.in. gotowo\u015b\u0107 do obrony zachodniej granicy Polski.<\/p>\n\n\n\n<p>Premier\u00a0Donald Tusk skrytykowa\u0142 te s\u0142owa, twierdz\u0105c, \u017ce Nawrocki &#8220;wskazuje Zach\u00f3d jako g\u0142\u00f3wne zagro\u017cenie&#8221; dla kraju, i uzna\u0142 je za przejaw g\u0142\u0119bszego konfliktu politycznego dotycz\u0105cego warto\u015bci, bezpiecze\u0144stwa oraz kierunku polityki zagranicznej Polski.<\/p>\n\n\n\n<h2 class=\"wp-block-heading\">&#8220;Pretensje do Chrobrego&#8221;<\/h2>\n\n\n\n<h2 class=\"wp-block-heading\">StartFragment<\/h2>\n\n\n\n<p>Karol Nawrocki opublikowa\u0142 wpis na platformie X, w kt\u00f3rym odni\u00f3s\u0142 si\u0119 do zarzut\u00f3w Donalda Tuska dotycz\u0105cych historii i polityki zagranicznej. Prezydent wyrazi\u0142 zdziwienie, \u017ce obaj uko\u0144czyli ten sam wydzia\u0142 historyczny, wskazuj\u0105c, \u017ce jego zdaniem premier b\u0142\u0119dnie ocenia dzia\u0142ania&nbsp;postaci&nbsp;historycznych, takich jak Boles\u0142aw Chrobry czy powsta\u0144cy wielkopolscy.<\/p>\n\n\n\n<p>W wpisie podkre\u015bli\u0142, \u017ce zarzuty premiera dotycz\u0105ce walk Chrobrego na wschodzie i zachodzie czy powsta\u0144c\u00f3w wielkopolskich walcz\u0105cych z Niemcami s\u0105 jego zdaniem nieuzasadnione. Zaznaczy\u0142 te\u017c, \u017ce sp\u00f3r wynika raczej z braku zrozumienia lub celowego szukania konfliktu.<\/p>\n\n\n\n<h2 class=\"wp-block-heading\">EndFragment<\/h2>\n\n\n\n<h2 class=\"wp-block-heading\">Nawrocki przywo\u0142a\u0142 s\u0142ynny spacer po molo<\/h2>\n\n\n\n<p>Nawrocki podkre\u015bli\u0142, \u017ce istota sporu nie le\u017cy w kwestiach historycznych, lecz w tym, \u017ce premier nie potrafi s\u0142ucha\u0107 lub celowo podsyca konflikty w obliczu problem\u00f3w bud\u017cetowych i w ochronie zdrowia.<\/p>\n\n\n\n<p>Odnosz\u0105c si\u0119 do zarzut\u00f3w dotycz\u0105cych &#8220;bratania si\u0119 ze Wschodem&#8221;, Nawrocki stwierdzi\u0142, \u017ce ju\u017c wcze\u015bniej komentowa\u0142 kwesti\u0119 zagro\u017cenia ze wschodu, ale nie w kontek\u015bcie powstania wielkopolskiego, bo to nie ten w\u0105tek. &#8211;&nbsp;Aaa, o zagro\u017ceniu ze wschodu to ja ju\u017c m\u00f3wi\u0142em, jak Pan Premier spacerowa\u0142 po molo i tuli\u0142 Rosj\u0119 jak\u0105 jest &#8211; napisa\u0142.<\/p>\n","protected":false},"excerpt":{"rendered":"<p>Nawrocki krytykuje Tuska Sp\u00f3r mi\u0119dzy prezydentem a premierem wybuch\u0142 po wyst\u0105pieniu Karola Nawrockiego podczas obchod\u00f3w&nbsp;107. rocznicy wybuchu powstania wielkopolskiego w Poznaniu. W swojej przemowie&nbsp;prezydent&nbsp;podkre\u015bla\u0142 m.in. gotowo\u015b\u0107 do obrony zachodniej granicy Polski. Premier\u00a0Donald Tusk skrytykowa\u0142 te s\u0142owa, twierdz\u0105c, \u017ce Nawrocki &#8220;wskazuje Zach\u00f3d jako g\u0142\u00f3wne zagro\u017cenie&#8221; dla kraju, i uzna\u0142 je za przejaw g\u0142\u0119bszego konfliktu politycznego dotycz\u0105cego &#8230; <a title=\"Nawrocki uderza w Tuska. &#8220;Pan ma pretensje do Chrobrego?&#8221;\" class=\"read-more\" href=\"https:\/\/dobrezrodla.com\/?p=13509\" aria-label=\"Read more about Nawrocki uderza w Tuska. &#8220;Pan ma pretensje do Chrobrego?&#8221;\">Read more<\/a><\/p>\n","protected":false},"author":1,"featured_media":0,"comment_status":"open","ping_status":"open","sticky":false,"template":"","format":"standard","meta":{"footnotes":""},"categories":[1],"tags":[],"class_list":["post-13509","post","type-post","status-publish","format-standard","hentry","category-uncategorized"],"_links":{"self":[{"href":"https:\/\/dobrezrodla.com\/index.php?rest_route=\/wp\/v2\/posts\/13509","targetHints":{"allow":["GET"]}}],"collection":[{"href":"https:\/\/dobrezrodla.com\/index.php?rest_route=\/wp\/v2\/posts"}],"about":[{"href":"https:\/\/dobrezrodla.com\/index.php?rest_route=\/wp\/v2\/types\/post"}],"author":[{"embeddable":true,"href":"https:\/\/dobrezrodla.com\/index.php?rest_route=\/wp\/v2\/users\/1"}],"replies":[{"embeddable":true,"href":"https:\/\/dobrezrodla.com\/index.php?rest_route=%2Fwp%2Fv2%2Fcomments&post=13509"}],"version-history":[{"count":2,"href":"https:\/\/dobrezrodla.com\/index.php?rest_route=\/wp\/v2\/posts\/13509\/revisions"}],"predecessor-version":[{"id":13511,"href":"https:\/\/dobrezrodla.com\/index.php?rest_route=\/wp\/v2\/posts\/13509\/revisions\/13511"}],"wp:attachment":[{"href":"https:\/\/dobrezrodla.com\/index.php?rest_route=%2Fwp%2Fv2%2Fmedia&parent=13509"}],"wp:term":[{"taxonomy":"category","embeddable":true,"href":"https:\/\/dobrezrodla.com\/index.php?rest_route=%2Fwp%2Fv2%2Fcategories&post=13509"},{"taxonomy":"post_tag","embeddable":true,"href":"https:\/\/dobrezrodla.com\/index.php?rest_route=%2Fwp%2Fv2%2Ftags&post=13509"}],"curies":[{"name":"wp","href":"https:\/\/api.w.org\/{rel}","templated":true}]}}