{"id":13512,"date":"2025-12-28T22:16:03","date_gmt":"2025-12-28T22:16:03","guid":{"rendered":"https:\/\/dobrezrodla.com\/?p=13512"},"modified":"2025-12-28T22:16:03","modified_gmt":"2025-12-28T22:16:03","slug":"prezydent-w-poznaniu-musimy-miec-odwage-gdy-przychodzi-wojna","status":"publish","type":"post","link":"https:\/\/dobrezrodla.com\/?p=13512","title":{"rendered":"Prezydent w Poznaniu. &#8220;Musimy mie\u0107 odwag\u0119, gdy przychodzi wojna&#8221;"},"content":{"rendered":"\n<p>Obchody powstania wielkopolskiego. &#8220;Nie ma Polski bez Wielkopolski&#8221;<br>27 grudnia w Poznaniu odby\u0142y si\u0119 obchody 107. rocznicy wybuchu powstania wielkopolskiego. Centralne uroczysto\u015bci odby\u0142y si\u0119 przy pomniku 15. Pu\u0142ku U\u0142an\u00f3w Pozna\u0144skich z udzia\u0142em prezydenta RP, przedstawicieli rz\u0105du, parlamentu, samorz\u0105d\u00f3w, wojska, duchowie\u0144stwa oraz harcerzy.<\/p>\n\n\n\n<p>Prezydent Karol Nawrocki przypomnia\u0142 w swoim przem\u00f3wieniu, \u017ce powsta\u0144cy wielkopolscy podj\u0119li walk\u0119 w obronie kolebki polsko\u015bci. &#8211; Podj\u0119li swoj\u0105 walk\u0119 w imieniu ojc\u00f3w, matek, dziadk\u00f3w i pradziadk\u00f3w, kt\u00f3rzy przez dziesi\u0105tki lat nie poddali si\u0119 pruskiemu imperializmowi. Walczyli po to, aby Polska by\u0142a Polsk\u0105. Nie ma Polski bez Wielkopolski i nie ma Wielkopolski bez Polski &#8211; m\u00f3wi\u0142.<\/p>\n\n\n\n<p>Prezydent zaznaczy\u0142 tak\u017ce, \u017ce nie da si\u0119 w pe\u0142ni zrozumie\u0107 fenomenu zwyci\u0119skiego powstania wielkopolskiego bez znajomo\u015bci historii tych ziem. &#8211; Ziemia wielkopolska jest w istocie kolebk\u0105 polsko\u015bci. To \u017ar\u00f3d\u0142o, z kt\u00f3rego narodzi\u0142a si\u0119 ca\u0142a Rzeczpospolita. To tu 1000 lat temu wielki kr\u00f3l Boles\u0142aw Chrobry przyj\u0105\u0142 koron\u0119 &#8211; powiedzia\u0142.<\/p>\n\n\n\n<p>Podkre\u015bli\u0142, \u017ce korona jest symbolem suwerenno\u015bci i niepodleg\u0142o\u015bci pa\u0144stwa polskiego oraz zwyci\u0119skim symbolem Rzeczypospolitej &#8211; wiele m\u00f3wi o naszej narodowej wsp\u00f3lnocie: otwartej na Zach\u00f3d, ale tak\u017ce gotowej do obrony zachodniej granicy Rzeczypospolitej.<\/p>\n\n\n\n<p>Prezydent przypomnia\u0142, \u017ce po 11 listopada 1918 roku Rzeczpospolita odradzaj\u0105ca si\u0119 w kszta\u0142cie, kt\u00f3ry zaproponowa\u0142y mocarstwa zachodnie, nie mia\u0142a mo\u017cliwo\u015bci sta\u0107 si\u0119 pa\u0144stwem silnym. &#8211; Nie by\u0142o G\u00f3rnego \u015al\u0105ska, nie by\u0142o Pomorza, nie by\u0142o zasadniczej cz\u0119\u015bci Wielkopolski. By\u0142a to Polska w po\u0142owie taka, jak\u0105 znamy dzisiaj. Niegotowa do tego, aby sta\u0107 si\u0119 Rzeczpospolit\u0105 przy tak agresywnych s\u0105siadach &#8211; powiedzia\u0142.<\/p>\n\n\n\n<p>Podkre\u015bli\u0142, \u017ce po to, by w granicach Polski znalaz\u0142 si\u0119 tak\u017ce region wielkopolski, w powstaniu z 1918 i 1919 r. krew przela\u0142o ok. 2300 os\u00f3b. &#8211; Nie wszystkie nazwiska dzi\u015b znamy, ale chc\u0119 g\u0142o\u015bno powiedzie\u0107 jako prezydent Polski: chwa\u0142a tym wszystkim powsta\u0144com, kt\u00f3rzy oddali swoj\u0105 krew za to, aby Wielkopolska by\u0142a Polsk\u0105 &#8211; powiedzia\u0142.<\/p>\n\n\n\n<p>&#8220;Musimy mie\u0107 odwag\u0119, gdy przychodzi konflikt b\u0105d\u017a wojna&#8221;<br>Zaznaczy\u0142, \u017ce wsp\u00f3\u0142cze\u015bni Polacy s\u0105 zobowi\u0105zani do my\u015blenia o narodowej to\u017csamo\u015bci i dziedzictwie kulturowym. &#8211; Dzisiaj z powstania wielkopolskiego musimy wyczyta\u0107 to, \u017ce Polacy jako narodowa wsp\u00f3lnota, tak jak Wielkopolanie, musz\u0105 przez dziesi\u0105tki lat ci\u0119\u017cko pracowa\u0107. Bo powstanie wielkopolskie spotyka dwie wspania\u0142e polskie tradycje: pozytywistyczn\u0105 i romantyczn\u0105, tradycj\u0119 ci\u0119\u017ckiej pracy i tradycj\u0119 gotowo\u015bci do insurekcji i do walki &#8211; powiedzia\u0142.<\/p>\n\n\n\n<ul class=\"wp-block-list\">\n<li>Musimy by\u0107 dzisiaj, w XXI wieku, tacy sami jak oni, gotowi do ci\u0119\u017ckiej pracy, je\u015bli tylko to mo\u017cliwe, je\u015bli tylko nasze bezpiecze\u0144stwo nie jest zagro\u017cone. Ale musimy mie\u0107 odwag\u0119, gdy przychodzi konflikt b\u0105d\u017a wojna. Tego oni nas ucz\u0105. Oni byli i pracowici, i odwa\u017cni. I tego dzi\u015b potrzebuje Polska, o tym m\u00f3wi powstanie wielkopolskie &#8211; zaznaczy\u0142 prezydent.<\/li>\n<\/ul>\n\n\n\n<p>&#8220;Powsta\u0144cy doskonale wiedzieli, czego chc\u0105&#8221;<br>Gospodarz uroczysto\u015bci, marsza\u0142ek wielkopolski Marek Wo\u017aniak, podkre\u015bli\u0142, \u017ce 27 grudnia jest najwa\u017cniejszym dla Wielkopolski dniem w kalendarzu. Doda\u0142, \u017ce powstanie wielkopolskie by\u0142o wydarzeniem, kt\u00f3re &#8220;niezmiennie pozwala nam czu\u0107 dum\u0119 i rado\u015b\u0107 &#8211; jest kluczowym elementem naszej wielkopolskiej to\u017csamo\u015bci&#8221;.<\/p>\n\n\n\n<ul class=\"wp-block-list\">\n<li>Wielkopolskie spo\u0142ecze\u0144stwo, ludzie r\u00f3\u017cnych stan\u00f3w, zawod\u00f3w i pogl\u0105d\u00f3w, kobiety, m\u0119\u017cczy\u017ani, dzieci, to oni wszyscy doprowadzili do zwyci\u0119stwa. Zwyci\u0119stwa wyj\u0105tkowego, bo tak niewiele powsta\u0144 w naszej historii zako\u0144czy\u0142o si\u0119 pe\u0142nym sukcesem. Powsta\u0144cy doskonale wiedzieli, czego chc\u0105 i mieli w sobie, jak dzi\u015b lubimy powtarza\u0107, gen wolno\u015bci, kt\u00f3ry mamy i my, wsp\u00f3\u0142cze\u015bni Wielkopolanie &#8211; powiedzia\u0142.<\/li>\n<\/ul>\n\n\n\n<p>Wo\u017aniak podkre\u015bli\u0142, \u017ce tak\u017ce wsp\u00f3\u0142cze\u015bni mieszka\u0144cy Wielkopolski maj\u0105 obowi\u0105zki wobec przysz\u0142ych pokole\u0144. &#8211; Dla nas pami\u0119\u0107 o powstaniu to budulec to\u017csamo\u015bci regionalnej. Chcemy jednak, by to wolno\u015bciowe spoiwo tworzy\u0142o znacznie szersz\u0105 wsp\u00f3lnot\u0119: \u015bwiadom\u0105, odporn\u0105, odpowiedzialn\u0105 i konsekwentn\u0105. Tak\u0105, kt\u00f3ra nie zmarnuje szansy danej nam przez organicznik\u00f3w, powsta\u0144c\u00f3w, u\u0142an\u00f3w &#8211; ka\u017cdego, kto by\u0142 budowniczym zwyci\u0119stwa &#8211; zaznaczy\u0142.<\/p>\n\n\n\n<p>Pozna\u0144 uczci\u0142 powsta\u0144c\u00f3w wielkopolskich. 107 lat od zrywu<br>Przy pomniku odczytano decyzj\u0119 szefa MON W\u0142adys\u0142awa Kosiniaka-Kamysza. Zgodnie z ni\u0105 2 Skrzyd\u0142o Lotnictwa Taktycznego od soboty nosi nazw\u0119 wyr\u00f3\u017cniaj\u0105c\u0105 Zwyci\u0119skich Powsta\u0144c\u00f3w Wielkopolskich.<\/p>\n\n\n\n<p>Obchody organizuje od lat Samorz\u0105d Wojew\u00f3dztwa Wielkopolskiego wraz z Towarzystwem Pami\u0119ci Powstania Wielkopolskiego 1918-1919. Po centralnych uroczysto\u015bciach prezydent przeszed\u0142 ulicami miasta w Marszu Powstania Wielkopolskiego. Nast\u0119pnie, na placu Kolegiackim, by\u0142 go\u015bciem &#8220;\u015apiewanek Powsta\u0144czych&#8221; &#8211; koncertu pie\u015bni patriotycznych.<\/p>\n\n\n\n<p>Powstanie wielkopolskie wybuch\u0142o 27 grudnia 1918 r. w Poznaniu i by\u0142o najwi\u0119kszym zwyci\u0119skim zrywem niepodleg\u0142o\u015bciowym na terenie zabor\u00f3w. W listopadzie 2021 r. prezydent Andrzej Duda podpisa\u0142 ustaw\u0119 o ustanowieniu Narodowego Dnia Zwyci\u0119skiego Powstania Wielkopolskiego. Po raz pierwszy \u015bwi\u0119to to obchodzono miesi\u0105c p\u00f3\u017aniej, w 103. rocznic\u0119 insurekcji.<\/p>\n","protected":false},"excerpt":{"rendered":"<p>Obchody powstania wielkopolskiego. &#8220;Nie ma Polski bez Wielkopolski&#8221;27 grudnia w Poznaniu odby\u0142y si\u0119 obchody 107. rocznicy wybuchu powstania wielkopolskiego. Centralne uroczysto\u015bci odby\u0142y si\u0119 przy pomniku 15. Pu\u0142ku U\u0142an\u00f3w Pozna\u0144skich z udzia\u0142em prezydenta RP, przedstawicieli rz\u0105du, parlamentu, samorz\u0105d\u00f3w, wojska, duchowie\u0144stwa oraz harcerzy. Prezydent Karol Nawrocki przypomnia\u0142 w swoim przem\u00f3wieniu, \u017ce powsta\u0144cy wielkopolscy podj\u0119li walk\u0119 w obronie &#8230; <a title=\"Prezydent w Poznaniu. &#8220;Musimy mie\u0107 odwag\u0119, gdy przychodzi wojna&#8221;\" class=\"read-more\" href=\"https:\/\/dobrezrodla.com\/?p=13512\" aria-label=\"Read more about Prezydent w Poznaniu. &#8220;Musimy mie\u0107 odwag\u0119, gdy przychodzi wojna&#8221;\">Read more<\/a><\/p>\n","protected":false},"author":1,"featured_media":0,"comment_status":"open","ping_status":"open","sticky":false,"template":"","format":"standard","meta":{"footnotes":""},"categories":[1],"tags":[],"class_list":["post-13512","post","type-post","status-publish","format-standard","hentry","category-uncategorized"],"_links":{"self":[{"href":"https:\/\/dobrezrodla.com\/index.php?rest_route=\/wp\/v2\/posts\/13512","targetHints":{"allow":["GET"]}}],"collection":[{"href":"https:\/\/dobrezrodla.com\/index.php?rest_route=\/wp\/v2\/posts"}],"about":[{"href":"https:\/\/dobrezrodla.com\/index.php?rest_route=\/wp\/v2\/types\/post"}],"author":[{"embeddable":true,"href":"https:\/\/dobrezrodla.com\/index.php?rest_route=\/wp\/v2\/users\/1"}],"replies":[{"embeddable":true,"href":"https:\/\/dobrezrodla.com\/index.php?rest_route=%2Fwp%2Fv2%2Fcomments&post=13512"}],"version-history":[{"count":1,"href":"https:\/\/dobrezrodla.com\/index.php?rest_route=\/wp\/v2\/posts\/13512\/revisions"}],"predecessor-version":[{"id":13513,"href":"https:\/\/dobrezrodla.com\/index.php?rest_route=\/wp\/v2\/posts\/13512\/revisions\/13513"}],"wp:attachment":[{"href":"https:\/\/dobrezrodla.com\/index.php?rest_route=%2Fwp%2Fv2%2Fmedia&parent=13512"}],"wp:term":[{"taxonomy":"category","embeddable":true,"href":"https:\/\/dobrezrodla.com\/index.php?rest_route=%2Fwp%2Fv2%2Fcategories&post=13512"},{"taxonomy":"post_tag","embeddable":true,"href":"https:\/\/dobrezrodla.com\/index.php?rest_route=%2Fwp%2Fv2%2Ftags&post=13512"}],"curies":[{"name":"wp","href":"https:\/\/api.w.org\/{rel}","templated":true}]}}