{"id":1507,"date":"2025-07-17T03:59:48","date_gmt":"2025-07-17T03:59:48","guid":{"rendered":"https:\/\/dobrezrodla.com\/?p=1507"},"modified":"2025-07-17T16:28:06","modified_gmt":"2025-07-17T16:28:06","slug":"motiunea-de-cenzura-depusa-de-aur-impotriva-guvernului-bolojan-a-picat-simion-nu-a-reusit-sa-obtina-toate-voturile-opozitiei","status":"publish","type":"post","link":"https:\/\/dobrezrodla.com\/?p=1507","title":{"rendered":"Mo\u021biunea de cenzur\u0103 depus\u0103 de AUR \u00eempotriva Guvernului Bolojan a picat. Simion nu a reu\u0219it s\u0103 ob\u021bin\u0103 toate voturile Opozi\u021biei"},"content":{"rendered":"<p>Mo\u021biunea \u00eempotriva Guvernului Bolojan a picat. Discursul premierului \u00een Parlament: \u201eAm spus rom\u00e2nilor adev\u0103rul, chiar dac\u0103 este nepl\u0103cut\u201d. Ce i-a transmis George Simion<\/p>\n<p>Luni, 14 iulie, mo\u021biunea de cenzur\u0103 depus\u0103 de AUR \u00eempotriva Executivului a fost dezb\u0103tut\u0103 \u0219i supus\u0103 votului ast\u0103zi, \u00een plenul Parlamentului. Premierul Ilie Bolojan \u0219i mini\u0219trii au fost prezen\u021bi \u00een sal\u0103 pentru pentru a asculta acuza\u021biile aduse de opozi\u021bie \u0219i pentru a-\u0219i sus\u021bine pozi\u021biile,\u00a0iar mo\u021biunea a picat cu 134 de voturi pentru \u0219i patru ab\u021bineri.<\/p>\n<p>Nemul\u021bumi\u021bi de m\u0103surile de austeritate impuse de noul Guvern, parlamentarii AUR au depus o mo\u021biune de cenzur\u0103 intitulat\u0103 sugestiv: \u201eAu ruinat \u0163ara \u015fi acum \u00eei oblig\u0103 pe rom\u00e2ni s\u0103 achite nota de plat\u0103 \u2013 afar\u0103 cu Guvernul ipocrit!\u2019. Forma\u021biunea acuz\u0103 Executivul c\u0103 \u00eei pedepse\u0219te tocmai pe cei care muncesc cinstit, \u00een timp ce \u201eprivilegia\u021bii sistemului\u2019 scap\u0103 din nou nep\u0103s\u0103tori.<\/p>\n<p>Mo\u021biunea de cenzur\u0103 \u00eempotriva Guvernului, dezb\u0103tut\u0103 \u00een Parlament<\/p>\n<p>Mo\u0163iunea de cenzur\u0103, semnat\u0103 de parlamentari AUR, POT, S.O.S. Rom\u00e2nia \u015fi neafilia\u0163i, a fost prezentat\u0103 s\u0103pt\u0103m\u00e2na trecut\u0103 \u00een plenul reunit al Camerei Deputa\u0163ilor \u015fi Senatului de liderul senatorilor AUR, Petri\u015for Peiu.<\/p>\n<p>\u201eImagina\u0163i-v\u0103 urm\u0103toarea scen\u0103: la un separeu mare, \u00eentr-un restaurant de lux, clien\u0163ii beau \u015fi m\u0103n\u00e2nc\u0103, \u015fampanie scump\u0103, vit\u0103 Wagyu, caviar \u015fi fumeaz\u0103 trabucuri cubaneze. Afar\u0103, pe teras\u0103, un alt grup m\u0103n\u00e2nc\u0103 cartofi pr\u0103ji\u0163i \u015fi beau bere la PET. La final, dup\u0103 o petrecere lung\u0103, vine nota de plat\u0103, la separeu. E uria\u015f\u0103. Mesenii simandico\u015fi se uit\u0103 lung la not\u0103 \u015fi \u00eei spun chelnerului, f\u0103r\u0103 s\u0103 clipeasc\u0103, s\u0103 o trimit\u0103 la masa de pe teras\u0103, s\u0103 o pl\u0103teasc\u0103 cei de acolo\u2026 Asta a fost condi\u0163ia Rom\u00e2niei \u00een ultimii ani! \u015ei nou\u0103, rom\u00e2nilor de pe teras\u0103, ne-a fost trimis\u0103 nota de plat\u0103 uria\u015f\u0103 consumat\u0103 de guvernan\u0163ii din separeu\u2019, se arat\u0103 \u00een textul mo\u0163iunii.<\/p>\n<p>Discursul lui Ilie Bolojan \u00een fa\u021ba plenului reunit<\/p>\n<p>Dup\u0103 ce deputata AUR Ramona Ioana Bruynseels a dat citire textului mo\u021biunii de cenzur\u0103, premierul Ilie Bolojan a luat cuv\u00e2ntul \u0219i a sus\u021binut un discurs ferm \u00een fa\u021ba plenului Parlamentului.<\/p>\n<p>\u201eAtunci c\u00e2nd am angajat r\u0103spunderea guvernului, am explicat situa\u021bia \u00een care se afl\u0103 Rom\u00e2nia \u0219i de ce m\u0103surile propuse sunt necesare \u0219i urgente. Am spus c\u0103 \u00eemi asum trei obiective de principiu: ordine \u00een finan\u021bele \u021b\u0103rii, bun\u0103 guvernare \u0219i respect pentru cet\u0103\u021beni. Am spus rom\u00e2nilor adev\u0103rul, chiar dac\u0103 este nepl\u0103cut.<\/p>\n<p>\u00cen acela\u0219i timp, mi-am exprimat convingerea c\u0103, lu\u00e2nd aceste m\u0103suri, vom evita un scenariu de criz\u0103 \u0219i vom readuce echilibrul \u00een economia rom\u00e2neasc\u0103. Dac\u0103 facem ce trebuie f\u0103cut, lucrurile se vor \u00eendrepta. Este mai mult dec\u00e2t o speran\u021b\u0103, este convingerea \u0219i promisiunea mea.<\/p>\n<p>De atunci \u0219i p\u00e2n\u0103 acum avem deja primele semnale pozitive. Rom\u00e2nia \u00eencepe s\u0103-\u0219i rec\u00e2\u0219tige \u00eencrederea pe pie\u021bele interna\u021bionale. Costurile la care ne \u00eemprumut\u0103m au \u00eenceput s\u0103 scad\u0103. \u021aara noastr\u0103 a realizat \u00een data de 9 iulie o emisiune de euroobliga\u021biuni \u00een trei tran\u0219e, la dob\u00e2nzi mai mici dec\u00e2t cele din urm\u0103 cu c\u00e2teva luni.<\/p>\n<p>Interesul foarte mare al investitorilor pentru acestea, reducerile de cost \u0219i reducerea riscului de credit arat\u0103 c\u0103 suntem pe drumul cel bun. Doar din reducerea dob\u00e2nzii, \u021bara noastr\u0103 a economisit deja 200 de milioane de dolari pe care i-ar fi pl\u0103tit \u00een urm\u0103torii 14 ani.<\/p>\n<p>De asemenea, agen\u021bia de rating Moody consider\u0103 m\u0103surile anun\u021bate un pas important \u0219i estimeaz\u0103 c\u0103 reducerea deficitului \u0219i \u00eencetinirea cre\u0219terii datoriei publice se pot produce chiar mai repede dec\u00e2t anticipa anterior. A\u0219a cum am spus \u0219i atunci c\u00e2nd am venit \u00een fa\u021ba<\/p>\n<p>Parlamentului pentru a angaja aceste m\u0103suri, ratingul de \u021bar\u0103 al Rom\u00e2niei afecteaz\u0103 pe fiecare rom\u00e2n \u00een parte.<\/p>\n<p>Aceste semnale sunt de bun augur. Trebuie s\u0103 continu\u0103m, nu s\u0103 ne oprim aici. Deci \u00eei \u00eentreb pe colegii de la opozi\u021bie: \u00een afar\u0103 de un exerci\u021biu politic, pe care l-au bifat \u0219i pe care pot s\u0103 \u00eel \u00een\u021beleg, ce rost are aceast\u0103 mo\u021biune? Ar vrea d\u00e2n\u0219ii s\u0103 ne oprim \u0219i s\u0103 ne \u00eentoarcem de unde am plecat?<\/p>\n<p>Doamnelor \u0219i domnilor,<\/p>\n<p>O bun\u0103 parte dintre lucrurile pe care le semnaleaz\u0103 colegii de la opozi\u021bie sunt \u0219tiute, altele sunt exagerate sau gre\u0219it interpretate. Ne spune mo\u021biunea c\u0103 Rom\u00e2nia are un deficit mare, c\u0103 au crescut cheltuielile statului. \u0218tim acest lucru. De aceea suntem aici: s\u0103 corect\u0103m aceste neajunsuri. Din acest motiv ne-am angajat r\u0103spunderea.<\/p>\n<p>D\u00e2n\u0219ii au \u00eembr\u0103cat aceste cifre \u00eentr-un limbaj colorat, \u00een slogane \u0219i \u00een acuze aduse guvernului. Eu \u00een\u021beleg c\u0103 opozi\u021bia critic\u0103 guvernul. Este rolul ei \u0219i dreptul ei. Am f\u0103cut \u00eens\u0103 un apel la partidele din opozi\u021bie s\u0103 fie parte la solu\u021bie, nu la problem\u0103.<\/p>\n<p>\u00cen\u021beleg c\u0103 d\u00e2n\u0219ii nu sunt de acord cu ce propune guvernul. Dar atunci care sunt solu\u021biile celor de la opozi\u021bie? \u00cen aceast\u0103 mo\u021biune este o fractur\u0103 logic\u0103. Pe de-o parte ni se spune c\u0103 problemele economiei sunt serioase, pe de alt\u0103 parte, c\u00e2nd venim cu un plan clar de rezolvare, d\u00e2n\u0219ii ne spun s\u0103 nu lu\u0103m aceste m\u0103suri. Nu se poate \u0219i una \u0219i alta.<\/p>\n<p>De aceea continui s\u0103 fac apel la opozi\u021bie s\u0103 renun\u021be la dublul limbaj.<\/p>\n<p>Stima\u021bi membri ai Parlamentului,<\/p>\n<p>V\u0103 rog s\u0103 privi\u021bi \u00eentr-o perspectiv\u0103 mai larg\u0103 acest prim pachet legislativ pentru care ne-am angajat r\u0103spunderea. Este doar prima etap\u0103 \u00eentr-un proces mai amplu la cap\u0103tul c\u0103ruia, cu sprijinul Parlamentului, punem ordine \u00een finan\u021be, stop\u0103m risipa banului public \u0219i, mai ales, restabilim echitatea, dreptatea \u0219i responsabilitatea \u00een institu\u021biile statului.<\/p>\n<p>Ad<\/p>\n<p>Toate acestea sunt necesare pentru a da rom\u00e2nilor o bun\u0103 guvernare, cu respect pentru oamenii care ne-au trimis aici. Am explicat c\u0103 am \u00eenceput cu m\u0103surile care se pot lua rapid \u0219i cu efect imediat. \u0218i, dup\u0103 cum a\u021bi v\u0103zut, am oferit deja detalii despre celelalte pachete de m\u0103suri pe care le avem \u00een preg\u0103tire.<\/p>\n<p>Exist\u0103 deja un grup de lucru cu exper\u021bi din ministerele responsabile, care elaboreaz\u0103 m\u0103surile pentru reforma companiilor de stat. Aceasta este prioritatea major\u0103 a urm\u0103toarelor luni. Chiar \u00een perioada urm\u0103toare vom face publice datele cu privire la conducerea \u0219i indicatorii companiilor la care statul este ac\u021bionar majoritar.<\/p>\n<p>Vom termina cu criteriile de performan\u021b\u0103 de fa\u021bad\u0103, \u00een spatele c\u0103rora se ascunde lipsa de performan\u021b\u0103. Vom reduce num\u0103rul de membri din structurile de conducere, vom plafona indemniza\u021biile \u0219i vom reduce num\u0103rul companiilor de stat.Un alt grup lucreaz\u0103 deja la modificarea legisla\u021biei fiscale, \u00een a\u0219a fel \u00eenc\u00e2t statul s\u0103 \u00eencaseze veniturile care i se cuvin \u0219i s\u0103 recupereze datoriile.<\/p>\n<p>\u00cen textul mo\u021biunii se vorbe\u0219te despre m\u0103surile luate de guvern \u0219i efectele lor. \u0218tim c\u0103 nu este o situa\u021bie u\u0219oar\u0103, dar exager\u0103rile nu ajut\u0103. S\u0103 fim responsabili, s\u0103 nu ne juc\u0103m cu vorbele \u0219i s\u0103 nu gener\u0103m panic\u0103 printre rom\u00e2ni din motive politice!<\/p>\n<p>Eu cred c\u0103 m\u0103surile luate ne vor ajuta s\u0103 stabiliz\u0103m economia, s\u0103 devenim atr\u0103g\u0103tori pentru investi\u021bii, s\u0103 aducem mai mul\u021bi bani europeni \u0219i s\u0103 ne men\u021binem pe calea dezvolt\u0103rii.<\/p>\n<p>Se mai spune \u00een mo\u021biune c\u0103 nu avem ca obiectiv risipa din banii publici. S-au pripit cei din opozi\u021bie cu asemenea concluzie. Nimic mai fals. Eu personal am spus c\u0103 declar r\u0103zboi risipei de la buget \u0219i celor care ar vrea s\u0103 p\u0103streze actuala stare de fapt din companiile de stat. \u0218i a\u021bi v\u0103zut deja primele direc\u021bii de ac\u021biune.<\/p>\n<p>La finalul lunii iulie vom reveni cu un pachet complet de m\u0103suri.<\/p>\n<p>Nu este adev\u0103rat nici c\u0103 marile corpora\u021bii multina\u021bionale vor fi scutite. Avem \u0219i aceast\u0103 tem\u0103 pe agend\u0103. Trebuie s\u0103 ne asigur\u0103m c\u0103 toate companiile, inclusiv cele str\u0103ine, pl\u0103tesc taxe statului rom\u00e2n.<\/p>\n<p>Sunt ferm hot\u0103r\u00e2t s\u0103 mergem \u00eenainte cu m\u0103surile necesare.<\/p>\n<p>Mul\u021bumesc colegilor din guvern pentru efortul de ac\u021biune \u0219i comunicare din aceste zile. Mul\u021bumesc colegilor parlamentari care au \u00een\u021beles s\u0103 ne sus\u021bin\u0103 \u00een aceste demersuri deloc u\u0219oare. \u0218i, mai ales, mul\u021bumesc rom\u00e2nilor.<\/p>\n<p>Sper ca atunci c\u00e2nd ne vom uita \u00eenapoi la aceste zile s\u0103 putem spune c\u0103 am f\u0103cut tot ce a \u021binut de noi pentru \u021bara noastr\u0103 \u0219i c\u0103 nu i-am dezam\u0103git pe rom\u00e2ni\u2019,\u00a0a declarat Ilie Bolojan \u00een fa\u021ba plenului reunit.<\/p>\n","protected":false},"excerpt":{"rendered":"<p>Mo\u021biunea \u00eempotriva Guvernului Bolojan a picat. Discursul premierului \u00een Parlament: \u201eAm spus rom\u00e2nilor adev\u0103rul, chiar dac\u0103 este nepl\u0103cut\u201d. Ce i-a transmis George Simion Luni, 14 iulie, mo\u021biunea de cenzur\u0103 depus\u0103 de AUR \u00eempotriva Executivului a fost dezb\u0103tut\u0103 \u0219i supus\u0103 votului ast\u0103zi, \u00een plenul Parlamentului. Premierul Ilie Bolojan \u0219i mini\u0219trii au fost prezen\u021bi \u00een sal\u0103 pentru &#8230; <a title=\"Mo\u021biunea de cenzur\u0103 depus\u0103 de AUR \u00eempotriva Guvernului Bolojan a picat. Simion nu a reu\u0219it s\u0103 ob\u021bin\u0103 toate voturile Opozi\u021biei\" class=\"read-more\" href=\"https:\/\/dobrezrodla.com\/?p=1507\" aria-label=\"Read more about Mo\u021biunea de cenzur\u0103 depus\u0103 de AUR \u00eempotriva Guvernului Bolojan a picat. Simion nu a reu\u0219it s\u0103 ob\u021bin\u0103 toate voturile Opozi\u021biei\">Read more<\/a><\/p>\n","protected":false},"author":1,"featured_media":1506,"comment_status":"closed","ping_status":"open","sticky":false,"template":"","format":"standard","meta":{"footnotes":""},"categories":[1],"tags":[],"class_list":["post-1507","post","type-post","status-publish","format-standard","has-post-thumbnail","hentry","category-uncategorized"],"_links":{"self":[{"href":"https:\/\/dobrezrodla.com\/index.php?rest_route=\/wp\/v2\/posts\/1507","targetHints":{"allow":["GET"]}}],"collection":[{"href":"https:\/\/dobrezrodla.com\/index.php?rest_route=\/wp\/v2\/posts"}],"about":[{"href":"https:\/\/dobrezrodla.com\/index.php?rest_route=\/wp\/v2\/types\/post"}],"author":[{"embeddable":true,"href":"https:\/\/dobrezrodla.com\/index.php?rest_route=\/wp\/v2\/users\/1"}],"replies":[{"embeddable":true,"href":"https:\/\/dobrezrodla.com\/index.php?rest_route=%2Fwp%2Fv2%2Fcomments&post=1507"}],"version-history":[{"count":3,"href":"https:\/\/dobrezrodla.com\/index.php?rest_route=\/wp\/v2\/posts\/1507\/revisions"}],"predecessor-version":[{"id":1567,"href":"https:\/\/dobrezrodla.com\/index.php?rest_route=\/wp\/v2\/posts\/1507\/revisions\/1567"}],"wp:featuredmedia":[{"embeddable":true,"href":"https:\/\/dobrezrodla.com\/index.php?rest_route=\/wp\/v2\/media\/1506"}],"wp:attachment":[{"href":"https:\/\/dobrezrodla.com\/index.php?rest_route=%2Fwp%2Fv2%2Fmedia&parent=1507"}],"wp:term":[{"taxonomy":"category","embeddable":true,"href":"https:\/\/dobrezrodla.com\/index.php?rest_route=%2Fwp%2Fv2%2Fcategories&post=1507"},{"taxonomy":"post_tag","embeddable":true,"href":"https:\/\/dobrezrodla.com\/index.php?rest_route=%2Fwp%2Fv2%2Ftags&post=1507"}],"curies":[{"name":"wp","href":"https:\/\/api.w.org\/{rel}","templated":true}]}}