{"id":1512,"date":"2025-07-17T05:23:46","date_gmt":"2025-07-17T05:23:46","guid":{"rendered":"https:\/\/dobrezrodla.com\/?p=1512"},"modified":"2025-07-17T05:23:46","modified_gmt":"2025-07-17T05:23:46","slug":"florin-busuioc-marturii-emotionante-despre-episodul-medical-din-2018-puteam-ramane-cu-urmari-grave-daca-nu-se-intervenea-la-timp-vezi-in-comentarii","status":"publish","type":"post","link":"https:\/\/dobrezrodla.com\/?p=1512","title":{"rendered":"Florin Busuioc m\u0103rturii emo\u021bionante despre episodul medical din 2018 Puteam r\u0103m\u00e2ne cu urm\u0103ri grave dac\u0103 nu se intervenea la timp..Vezi in comentarii"},"content":{"rendered":"<p>Florin Busuioc a rememorat recent, \u00eentr-o conversa\u021bie sincer\u0103, momentele critice tr\u0103ite \u00een urm\u0103 cu \u0219apte ani, c\u00e2nd, \u00een timpul unui spectacol desf\u0103\u0219urat \u00een Craiova, a suferit o problem\u0103 medical\u0103 sever\u0103. Interven\u021bia rapid\u0103 a colegului s\u0103u de scen\u0103, actorul Bogdan Tala\u0219man, a fost esen\u021bial\u0103 pentru stabilizarea st\u0103rii lui p\u00e2n\u0103 la sosirea echipei de urgen\u021b\u0103.<\/p>\n<p>\u00cen discu\u021bia purtat\u0103 \u00een cadrul unui podcast, Busu a povestit c\u0103, \u00eenainte de acel moment, a avut semne de avertizare \u2013 disconfort \u00een zona pieptului \u2013 pe care le-a tratat cu superficialitate. Actorul a recunoscut c\u0103 stilul s\u0103u de via\u021b\u0103 de atunci, marcat de consum excesiv de tutun \u0219i cafea, a contribuit semnificativ la problemele ap\u0103rute.<\/p>\n<p>\u201eAjunsesem s\u0103 fumez trei pachete de \u021big\u0103ri pe zi \u0219i beam peste 15 cafele. Privind \u00eenapoi, \u00eemi dau seama c\u00e2t de periculos era totul.\u201d<\/p>\n<p>A ales ulterior s\u0103 renun\u021be complet la astfel de obiceiuri \u0219i a \u00eencurajat publicul s\u0103 nu ignore semnele transmise de corp, mai ales \u00een contextul unui stil de via\u021b\u0103 solicitant.<\/p>\n<p>\u00cen seara cu pricina, Florin Busuioc s-a sim\u021bit r\u0103u dup\u0103 ie\u0219irea din scen\u0103. Reac\u021bia colegului s\u0103u, Bogdan Tala\u0219man, a fost rapid\u0103 \u0219i decisiv\u0103. De\u0219i nu avea experien\u021b\u0103 medical\u0103, acesta i-a aplicat manevre de resuscitare, reu\u0219ind s\u0103-i men\u021bin\u0103 oxigenarea creierului p\u00e2n\u0103 la sosirea ambulan\u021bei.<\/p>\n<p>\u201eA fost o reac\u021bie instinctiv\u0103. Nu mai f\u0103cusem niciodat\u0103 resuscitare, dar \u00een acele momente, alt\u0103 variant\u0103 nu exista. Am continuat, de\u0219i sim\u021beam c\u0103 i-a\u0219 putea face mai mult r\u0103u\u2026 dar nu aveam voie s\u0103 m\u0103 opresc\u201d, a povestit Tala\u0219man \u00eentr-o postare emo\u021bionant\u0103 pe re\u021belele sociale.<\/p>\n<p>Dup\u0103 o perioad\u0103 delicat\u0103 petrecut\u0103 \u00een com\u0103 indus\u0103 \u0219i sub strict\u0103 supraveghere medical\u0103, actorul \u0219i-a revenit treptat. \u00cent\u00e2lnirea cu salvatorul s\u0103u, la c\u00e2teva s\u0103pt\u0103m\u00e2ni dup\u0103 incident, a fost extrem de emo\u021bionant\u0103. Fiica cea mic\u0103 a lui Florin Busuioc i-a mul\u021bumit personal lui Bogdan, oferindu-i un moment de recuno\u0219tin\u021b\u0103 pur\u0103 \u0219i sincer\u0103.<\/p>\n<p>\u201eA fost o scen\u0103 care ne-a cople\u0219it pe am\u00e2ndoi. Am ie\u0219it din cas\u0103 pl\u00e2ng\u00e2nd, iar afar\u0103 ningea lini\u0219tit, ca \u00eentr-o poveste. Nu pot uita acel moment\u201d, a spus actorul.<\/p>\n<p>Florin Busuioc r\u0103m\u00e2ne una dintre cele mai cunoscute figuri din televiziunea rom\u00e2neasc\u0103, iar experien\u021ba sa personal\u0103 a devenit un mesaj de con\u0219tientizare privind s\u0103n\u0103tatea \u0219i importan\u021ba reac\u021biilor rapide \u00een situa\u021bii critice.<\/p>\n","protected":false},"excerpt":{"rendered":"<p>Florin Busuioc a rememorat recent, \u00eentr-o conversa\u021bie sincer\u0103, momentele critice tr\u0103ite \u00een urm\u0103 cu \u0219apte ani, c\u00e2nd, \u00een timpul unui spectacol desf\u0103\u0219urat \u00een Craiova, a suferit o problem\u0103 medical\u0103 sever\u0103. Interven\u021bia rapid\u0103 a colegului s\u0103u de scen\u0103, actorul Bogdan Tala\u0219man, a fost esen\u021bial\u0103 pentru stabilizarea st\u0103rii lui p\u00e2n\u0103 la sosirea echipei de urgen\u021b\u0103. \u00cen discu\u021bia &#8230; <a title=\"Florin Busuioc m\u0103rturii emo\u021bionante despre episodul medical din 2018 Puteam r\u0103m\u00e2ne cu urm\u0103ri grave dac\u0103 nu se intervenea la timp..Vezi in comentarii\" class=\"read-more\" href=\"https:\/\/dobrezrodla.com\/?p=1512\" aria-label=\"Read more about Florin Busuioc m\u0103rturii emo\u021bionante despre episodul medical din 2018 Puteam r\u0103m\u00e2ne cu urm\u0103ri grave dac\u0103 nu se intervenea la timp..Vezi in comentarii\">Read more<\/a><\/p>\n","protected":false},"author":1,"featured_media":1511,"comment_status":"closed","ping_status":"open","sticky":false,"template":"","format":"standard","meta":{"footnotes":""},"categories":[1],"tags":[],"class_list":["post-1512","post","type-post","status-publish","format-standard","has-post-thumbnail","hentry","category-uncategorized"],"_links":{"self":[{"href":"https:\/\/dobrezrodla.com\/index.php?rest_route=\/wp\/v2\/posts\/1512","targetHints":{"allow":["GET"]}}],"collection":[{"href":"https:\/\/dobrezrodla.com\/index.php?rest_route=\/wp\/v2\/posts"}],"about":[{"href":"https:\/\/dobrezrodla.com\/index.php?rest_route=\/wp\/v2\/types\/post"}],"author":[{"embeddable":true,"href":"https:\/\/dobrezrodla.com\/index.php?rest_route=\/wp\/v2\/users\/1"}],"replies":[{"embeddable":true,"href":"https:\/\/dobrezrodla.com\/index.php?rest_route=%2Fwp%2Fv2%2Fcomments&post=1512"}],"version-history":[{"count":1,"href":"https:\/\/dobrezrodla.com\/index.php?rest_route=\/wp\/v2\/posts\/1512\/revisions"}],"predecessor-version":[{"id":1513,"href":"https:\/\/dobrezrodla.com\/index.php?rest_route=\/wp\/v2\/posts\/1512\/revisions\/1513"}],"wp:featuredmedia":[{"embeddable":true,"href":"https:\/\/dobrezrodla.com\/index.php?rest_route=\/wp\/v2\/media\/1511"}],"wp:attachment":[{"href":"https:\/\/dobrezrodla.com\/index.php?rest_route=%2Fwp%2Fv2%2Fmedia&parent=1512"}],"wp:term":[{"taxonomy":"category","embeddable":true,"href":"https:\/\/dobrezrodla.com\/index.php?rest_route=%2Fwp%2Fv2%2Fcategories&post=1512"},{"taxonomy":"post_tag","embeddable":true,"href":"https:\/\/dobrezrodla.com\/index.php?rest_route=%2Fwp%2Fv2%2Ftags&post=1512"}],"curies":[{"name":"wp","href":"https:\/\/api.w.org\/{rel}","templated":true}]}}