{"id":1514,"date":"2025-07-17T06:05:25","date_gmt":"2025-07-17T06:05:25","guid":{"rendered":"https:\/\/dobrezrodla.com\/?p=1514"},"modified":"2025-07-17T06:05:25","modified_gmt":"2025-07-17T06:05:25","slug":"doliu-in-psd-un-membru-de-vaza-a","status":"publish","type":"post","link":"https:\/\/dobrezrodla.com\/?p=1514","title":{"rendered":"Doliu \u00een PSD! Un membru de vaz\u0103 a"},"content":{"rendered":"\n<p>Partidul Social Democrat este \u00een doliu.<\/p>\n\n\n\n<p>Cornel Diaconi\u021b\u0103, directorul adjunct al Direc\u021biei Jude\u021bene pentru Agricultur\u0103 din Buz\u0103u, a murit fulger\u0103tor la doar 59 de ani.<\/p>\n\n\n\n<p>Cornel Diaconi\u021b\u0103 mersese diminea\u021b\u0103 la serviciu.<\/p>\n\n\n\n<p>A venit acas\u0103 spre seara unde s-a a\u0219ezat \u00een pat pentru a se odihni pu\u021bin. La scurt timp, rudele l-au g\u0103sit decedat.<\/p>\n\n\n\n<p>La fa\u021ba locului a ajuns, \u00een scurt\u0103 vreme \u0219i o ambulan\u021b\u0103.<\/p>\n\n\n\n<p>Din p\u0103cate, \u00een ciuda tuturor eforturilor, echipajul medical nu a mai putut face nimic pentru a-l salva, scrie DCNews.<\/p>\n\n\n\n<p>\u201dNu este niciodat\u0103 u\u0219or s\u0103 putem transmite prin cuvinte sentimentele care ne \u00eencearc\u0103 atunci c\u00e2nd un om drag \u0219i pre\u021buit<\/p>\n\n\n\n<p>moare. Cu at\u00e2t mai mult cu c\u00e2t, acest moment apare at\u00e2t de brusc.<\/p>\n\n\n\n<p>Drum lin, Cornel Diaconi\u021b\u0103!<\/p>\n\n\n\n<p>Ai plecat dintre noi mult, mult prea devreme \u0219i la\u0219i \u00een urma ta un gol incomensurabil.<\/p>\n\n\n\n<p>\u00ce\u021bi mul\u021bumim pentru tot ce ne-ai oferit ca om \u0219i ca profesionist!<\/p>\n\n\n\n<p>Dumnezeu s\u0103 te aib\u0103 \u00een paza Sa!\u201d, transmite PSD Buz\u0103u pe Facebook.<\/p>\n","protected":false},"excerpt":{"rendered":"<p>Partidul Social Democrat este \u00een doliu. Cornel Diaconi\u021b\u0103, directorul adjunct al Direc\u021biei Jude\u021bene pentru Agricultur\u0103 din Buz\u0103u, a murit fulger\u0103tor la doar 59 de ani. Cornel Diaconi\u021b\u0103 mersese diminea\u021b\u0103 la serviciu. A venit acas\u0103 spre seara unde s-a a\u0219ezat \u00een pat pentru a se odihni pu\u021bin. La scurt timp, rudele l-au g\u0103sit decedat. La fa\u021ba &#8230; <a title=\"Doliu \u00een PSD! Un membru de vaz\u0103 a\" class=\"read-more\" href=\"https:\/\/dobrezrodla.com\/?p=1514\" aria-label=\"Read more about Doliu \u00een PSD! Un membru de vaz\u0103 a\">Read more<\/a><\/p>\n","protected":false},"author":1,"featured_media":0,"comment_status":"open","ping_status":"open","sticky":false,"template":"","format":"standard","meta":{"footnotes":""},"categories":[1],"tags":[],"class_list":["post-1514","post","type-post","status-publish","format-standard","hentry","category-uncategorized"],"_links":{"self":[{"href":"https:\/\/dobrezrodla.com\/index.php?rest_route=\/wp\/v2\/posts\/1514","targetHints":{"allow":["GET"]}}],"collection":[{"href":"https:\/\/dobrezrodla.com\/index.php?rest_route=\/wp\/v2\/posts"}],"about":[{"href":"https:\/\/dobrezrodla.com\/index.php?rest_route=\/wp\/v2\/types\/post"}],"author":[{"embeddable":true,"href":"https:\/\/dobrezrodla.com\/index.php?rest_route=\/wp\/v2\/users\/1"}],"replies":[{"embeddable":true,"href":"https:\/\/dobrezrodla.com\/index.php?rest_route=%2Fwp%2Fv2%2Fcomments&post=1514"}],"version-history":[{"count":1,"href":"https:\/\/dobrezrodla.com\/index.php?rest_route=\/wp\/v2\/posts\/1514\/revisions"}],"predecessor-version":[{"id":1515,"href":"https:\/\/dobrezrodla.com\/index.php?rest_route=\/wp\/v2\/posts\/1514\/revisions\/1515"}],"wp:attachment":[{"href":"https:\/\/dobrezrodla.com\/index.php?rest_route=%2Fwp%2Fv2%2Fmedia&parent=1514"}],"wp:term":[{"taxonomy":"category","embeddable":true,"href":"https:\/\/dobrezrodla.com\/index.php?rest_route=%2Fwp%2Fv2%2Fcategories&post=1514"},{"taxonomy":"post_tag","embeddable":true,"href":"https:\/\/dobrezrodla.com\/index.php?rest_route=%2Fwp%2Fv2%2Ftags&post=1514"}],"curies":[{"name":"wp","href":"https:\/\/api.w.org\/{rel}","templated":true}]}}