{"id":1517,"date":"2025-07-17T06:06:10","date_gmt":"2025-07-17T06:06:10","guid":{"rendered":"https:\/\/dobrezrodla.com\/?p=1517"},"modified":"2025-07-17T06:06:10","modified_gmt":"2025-07-17T06:06:10","slug":"dan-bordeianu-intre-scena-si-viata-personala-sunt-prezent-in-viata-fetelor-mele-si-fac-doar-ce-imi-place-vezi-in-comentarii","status":"publish","type":"post","link":"https:\/\/dobrezrodla.com\/?p=1517","title":{"rendered":"Dan Bordeianu \u00eentre scen\u0103 \u0219i via\u021ba personal\u0103 Sunt prezent \u00een via\u021ba fetelor mele \u0219i fac doar ce \u00eemi place.Vezi in comentarii"},"content":{"rendered":"<p>Cunoscut publicului larg din serialele de succes de acum dou\u0103 decenii,\u00a0Dan Bordeianu\u00a0a ales, \u00een ultimii ani, o via\u021b\u0103 mai discret\u0103 \u0219i echilibrat\u0103, departe de presiunea expunerii publice. Locuie\u0219te \u00een afara Capitalei \u0219i \u00ee\u0219i dedic\u0103 timpul teatrului \u0219i, mai ales, celor mai importante persoane din via\u021ba sa: cele dou\u0103 fiice.<\/p>\n<p>Prezent mai rar \u00een spa\u021biul media, actorul nu a renun\u021bat la activitate, ci \u0219i-a reg\u00e2ndit priorit\u0103\u021bile. Dan Bordeianu declar\u0103 c\u0103 a devenit mult mai atent la proiectele pe care le accept\u0103 \u0219i particip\u0103 doar la evenimente \u00een care crede cu adev\u0103rat.<\/p>\n<p>\u201eMuncesc mult \u00een teatru \u0219i \u00een rest m\u0103 concentrez pe fetele mele. Nu \u00eemi mai pierd timpul cu lucruri care nu-mi aduc bucurie. Sunt \u00eentr-o etap\u0103 \u00een care vreau s\u0103 m\u0103 simt bine cu mine \u00eensumi\u201d, a spus actorul \u00eentr-un interviu acordat publica\u021biei Cancan.<\/p>\n<p>De\u0219i a trecut printr-un divor\u021b \u00een urm\u0103 cu c\u00e2\u021biva ani, actorul p\u0103streaz\u0103 o rela\u021bie apropiat\u0103 cu fiicele sale. El \u00ee\u0219i petrece constant timpul cu ele, se implic\u0103 \u00een activit\u0103\u021bile lor \u0219i le este aproape cu prezen\u021b\u0103 real\u0103, nu doar simbolic\u0103.<\/p>\n<p>\u201eC\u00e2nd sunt cu fetele, sunt acolo. M\u0103 joc, le ascult, m\u0103 uit \u00een ochii lor, le dau toat\u0103 aten\u021bia. Nu sunt genul care merge \u00een parc \u0219i st\u0103 pe telefon\u201d, spune el.<\/p>\n<p>Pu\u021bini \u00ee\u0219i amintesc c\u0103, \u00eenainte de succesul din seriale, Dan Bordeianu a avut o rubric\u0103 de \u201e\u0219tiri vesele\u201d la Pro TV. A fost un format \u00een care \u0219i-a l\u0103sat amprenta, fiind total diferit fa\u021b\u0103 de prezentatorii clasici.<\/p>\n<p>\u201eNu mergea prompterul cu mine. A\u0219a c\u0103 mi-au zis: las\u0103-l s\u0103 fie el. \u0218i am fost! Ie\u0219eam din cadru, improvizam, \u021bop\u0103iam\u2026 Nu era ce se a\u0219teptau, dar func\u021biona. A fost o perioad\u0103 foarte mi\u0219to\u201d, \u00ee\u0219i aminte\u0219te actorul.<\/p>\n<p>Actorul recunoa\u0219te c\u0103 a primit propuneri pentru proiecte TV, \u00eens\u0103 le-a refuzat pentru c\u0103 nu se mai reg\u0103se\u0219te \u00een acel tip de expunere. Vrea s\u0103 r\u0103m\u00e2n\u0103 fidel valorilor sale \u0219i s\u0103 lucreze doar \u00een contexte care i se potrivesc cu adev\u0103rat.<\/p>\n<p>\u201eNu m\u0103 mai atrage partea de TV cu compromisuri. Dac\u0103 spun o poveste, vreau s\u0103 o simt, nu s\u0103 fac un spectacol gol. Sunt \u00eentr-o etap\u0103 \u00een care aleg ce-mi face pl\u0103cere, nu doar ce aduce bani. \u0218i e ok, nu duc lips\u0103 de nimic\u201d, spune el cu onestitate.<\/p>\n","protected":false},"excerpt":{"rendered":"<p>Cunoscut publicului larg din serialele de succes de acum dou\u0103 decenii,\u00a0Dan Bordeianu\u00a0a ales, \u00een ultimii ani, o via\u021b\u0103 mai discret\u0103 \u0219i echilibrat\u0103, departe de presiunea expunerii publice. Locuie\u0219te \u00een afara Capitalei \u0219i \u00ee\u0219i dedic\u0103 timpul teatrului \u0219i, mai ales, celor mai importante persoane din via\u021ba sa: cele dou\u0103 fiice. Prezent mai rar \u00een spa\u021biul media, &#8230; <a title=\"Dan Bordeianu \u00eentre scen\u0103 \u0219i via\u021ba personal\u0103 Sunt prezent \u00een via\u021ba fetelor mele \u0219i fac doar ce \u00eemi place.Vezi in comentarii\" class=\"read-more\" href=\"https:\/\/dobrezrodla.com\/?p=1517\" aria-label=\"Read more about Dan Bordeianu \u00eentre scen\u0103 \u0219i via\u021ba personal\u0103 Sunt prezent \u00een via\u021ba fetelor mele \u0219i fac doar ce \u00eemi place.Vezi in comentarii\">Read more<\/a><\/p>\n","protected":false},"author":1,"featured_media":1516,"comment_status":"closed","ping_status":"open","sticky":false,"template":"","format":"standard","meta":{"footnotes":""},"categories":[1],"tags":[],"class_list":["post-1517","post","type-post","status-publish","format-standard","has-post-thumbnail","hentry","category-uncategorized"],"_links":{"self":[{"href":"https:\/\/dobrezrodla.com\/index.php?rest_route=\/wp\/v2\/posts\/1517","targetHints":{"allow":["GET"]}}],"collection":[{"href":"https:\/\/dobrezrodla.com\/index.php?rest_route=\/wp\/v2\/posts"}],"about":[{"href":"https:\/\/dobrezrodla.com\/index.php?rest_route=\/wp\/v2\/types\/post"}],"author":[{"embeddable":true,"href":"https:\/\/dobrezrodla.com\/index.php?rest_route=\/wp\/v2\/users\/1"}],"replies":[{"embeddable":true,"href":"https:\/\/dobrezrodla.com\/index.php?rest_route=%2Fwp%2Fv2%2Fcomments&post=1517"}],"version-history":[{"count":1,"href":"https:\/\/dobrezrodla.com\/index.php?rest_route=\/wp\/v2\/posts\/1517\/revisions"}],"predecessor-version":[{"id":1518,"href":"https:\/\/dobrezrodla.com\/index.php?rest_route=\/wp\/v2\/posts\/1517\/revisions\/1518"}],"wp:featuredmedia":[{"embeddable":true,"href":"https:\/\/dobrezrodla.com\/index.php?rest_route=\/wp\/v2\/media\/1516"}],"wp:attachment":[{"href":"https:\/\/dobrezrodla.com\/index.php?rest_route=%2Fwp%2Fv2%2Fmedia&parent=1517"}],"wp:term":[{"taxonomy":"category","embeddable":true,"href":"https:\/\/dobrezrodla.com\/index.php?rest_route=%2Fwp%2Fv2%2Fcategories&post=1517"},{"taxonomy":"post_tag","embeddable":true,"href":"https:\/\/dobrezrodla.com\/index.php?rest_route=%2Fwp%2Fv2%2Ftags&post=1517"}],"curies":[{"name":"wp","href":"https:\/\/api.w.org\/{rel}","templated":true}]}}