{"id":1526,"date":"2025-07-17T08:13:06","date_gmt":"2025-07-17T08:13:06","guid":{"rendered":"https:\/\/dobrezrodla.com\/?p=1526"},"modified":"2025-07-17T08:13:06","modified_gmt":"2025-07-17T08:13:06","slug":"oana-roman-sincera-despre-fiica-ei-isabela-nu-sunt-de-acord-cu-machiajul-dar-e-greu-sa-rezist-tentatiilor-varsteivezi-in-comentarii","status":"publish","type":"post","link":"https:\/\/dobrezrodla.com\/?p=1526","title":{"rendered":"Oana Roman sincer\u0103 despre fiica ei Isabela Nu sunt de acord cu machiajul dar e greu s\u0103 rezist tenta\u021biilor v\u00e2rsteivezi in comentarii"},"content":{"rendered":"<p>Isabela, fiica Oanei Roman, \u00eencepe s\u0103 \u00ee\u0219i exprime tot mai mult personalitatea \u2013 inclusiv prin stilul vestimentar \u0219i machiaj. La doar 13 ani, Isa are deja propria trus\u0103 de machiaj \u0219i apare adesea \u00een fotografii al\u0103turi de mama sa, foarte atent\u0103 la detalii.<\/p>\n<p>De\u0219i admir\u0103 dorin\u021ba fiicei sale de a se descoperi, Oana Roman recunoa\u0219te c\u0103 nu este pe deplin confortabil\u0103 cu aceast\u0103 etap\u0103.<\/p>\n<p>\u201eNu sunt deloc de acord cu faptul c\u0103 Isa se machiaz\u0103. \u0218i-a cump\u0103rat singur\u0103 trusa de machiaj, dar cred c\u0103 o s\u0103 i le ascund \u00eentr-o zi, nu \u0219tiu ce s\u0103 fac\u2026\u201d, a spus Oana Roman \u00eentr-un interviu pentru Click!.<\/p>\n<p>Vedeta a mai precizat c\u0103 fiica sa are gusturi complet diferite de ale ei, mai ales c\u00e2nd vine vorba despre haine sau accesorii.<\/p>\n<p>\u201eLa haine, gusturile noastre sunt total opuse. La pantofi purt\u0103m aceea\u0219i m\u0103sur\u0103, dar nici acolo nu avem acelea\u0219i preferin\u021be. Ale mele sunt foarte scumpe \u0219i nu are voie s\u0103 se ating\u0103 de ele. \u00cenc\u0103 nu a \u00eenceput cu manichiura \u0219i pedichiura, dar nu \u0219tiu c\u00e2t o s\u0103 mai dureze.\u201d<\/p>\n<p>Despre treburile casnice \u0219i responsabilitate\u00cen ceea ce prive\u0219te responsabilit\u0103\u021bile zilnice, Oana Roman admite c\u0103 este indulgent\u0103 cu fiica ei, chiar dac\u0103 \u0219i-ar dori ca Isa s\u0103 fie mai implicat\u0103 \u00een ordine \u0219i cur\u0103\u021benie.<\/p>\n<p>\u201eNu o pun la treab\u0103. Mai g\u0103te\u0219te din c\u00e2nd \u00een c\u00e2nd, dar trebuie s\u0103 str\u00e2ng eu dup\u0103 ea. Nu-\u0219i face ordine \u00een camer\u0103\u2026 \u00cencerc s\u0103 o responsabilizez, dar mi-e greu s\u0103 o pedepsesc. Nu m\u0103 las\u0103 inima.\u201d<\/p>\n<p>Totu\u0219i, Oana apreciaz\u0103 \u0219i gesturile frumoase ale fiicei sale. Isa a \u00eenceput s\u0103 \u00ee\u0219i c\u00e2\u0219tige propriii bani \u0219i, uneori, \u00ee\u0219i r\u0103spl\u0103te\u0219te mama cu mici cadouri.<\/p>\n<p>\u201eMai \u00eemi cump\u0103r\u0103 \u0219i ea c\u00e2te ceva din banii pe care \u00eei c\u00e2\u0219tig\u0103 singur\u0103. E frumos s\u0103 o v\u0103d c\u0103 se descurc\u0103.\u201d<\/p>\n","protected":false},"excerpt":{"rendered":"<p>Isabela, fiica Oanei Roman, \u00eencepe s\u0103 \u00ee\u0219i exprime tot mai mult personalitatea \u2013 inclusiv prin stilul vestimentar \u0219i machiaj. La doar 13 ani, Isa are deja propria trus\u0103 de machiaj \u0219i apare adesea \u00een fotografii al\u0103turi de mama sa, foarte atent\u0103 la detalii. De\u0219i admir\u0103 dorin\u021ba fiicei sale de a se descoperi, Oana Roman recunoa\u0219te &#8230; <a title=\"Oana Roman sincer\u0103 despre fiica ei Isabela Nu sunt de acord cu machiajul dar e greu s\u0103 rezist tenta\u021biilor v\u00e2rsteivezi in comentarii\" class=\"read-more\" href=\"https:\/\/dobrezrodla.com\/?p=1526\" aria-label=\"Read more about Oana Roman sincer\u0103 despre fiica ei Isabela Nu sunt de acord cu machiajul dar e greu s\u0103 rezist tenta\u021biilor v\u00e2rsteivezi in comentarii\">Read more<\/a><\/p>\n","protected":false},"author":1,"featured_media":1525,"comment_status":"closed","ping_status":"open","sticky":false,"template":"","format":"standard","meta":{"footnotes":""},"categories":[1],"tags":[],"class_list":["post-1526","post","type-post","status-publish","format-standard","has-post-thumbnail","hentry","category-uncategorized"],"_links":{"self":[{"href":"https:\/\/dobrezrodla.com\/index.php?rest_route=\/wp\/v2\/posts\/1526","targetHints":{"allow":["GET"]}}],"collection":[{"href":"https:\/\/dobrezrodla.com\/index.php?rest_route=\/wp\/v2\/posts"}],"about":[{"href":"https:\/\/dobrezrodla.com\/index.php?rest_route=\/wp\/v2\/types\/post"}],"author":[{"embeddable":true,"href":"https:\/\/dobrezrodla.com\/index.php?rest_route=\/wp\/v2\/users\/1"}],"replies":[{"embeddable":true,"href":"https:\/\/dobrezrodla.com\/index.php?rest_route=%2Fwp%2Fv2%2Fcomments&post=1526"}],"version-history":[{"count":1,"href":"https:\/\/dobrezrodla.com\/index.php?rest_route=\/wp\/v2\/posts\/1526\/revisions"}],"predecessor-version":[{"id":1527,"href":"https:\/\/dobrezrodla.com\/index.php?rest_route=\/wp\/v2\/posts\/1526\/revisions\/1527"}],"wp:featuredmedia":[{"embeddable":true,"href":"https:\/\/dobrezrodla.com\/index.php?rest_route=\/wp\/v2\/media\/1525"}],"wp:attachment":[{"href":"https:\/\/dobrezrodla.com\/index.php?rest_route=%2Fwp%2Fv2%2Fmedia&parent=1526"}],"wp:term":[{"taxonomy":"category","embeddable":true,"href":"https:\/\/dobrezrodla.com\/index.php?rest_route=%2Fwp%2Fv2%2Fcategories&post=1526"},{"taxonomy":"post_tag","embeddable":true,"href":"https:\/\/dobrezrodla.com\/index.php?rest_route=%2Fwp%2Fv2%2Ftags&post=1526"}],"curies":[{"name":"wp","href":"https:\/\/api.w.org\/{rel}","templated":true}]}}