{"id":1535,"date":"2025-07-17T10:20:51","date_gmt":"2025-07-17T10:20:51","guid":{"rendered":"https:\/\/dobrezrodla.com\/?p=1535"},"modified":"2025-07-17T10:20:51","modified_gmt":"2025-07-17T10:20:51","slug":"traian-basescu-e-distrus-n-a-mai-rezistat-m-am-ingrozit-mi-a-distrus-toata-familia","status":"publish","type":"post","link":"https:\/\/dobrezrodla.com\/?p=1535","title":{"rendered":"Traian B\u0103sescu e distrus. N-a mai rezistat M-am \u00eengrozit. Mi-a distrus toat\u0103 familia"},"content":{"rendered":"<p>Traian B\u0103sescu reac\u021bioneaz\u0103 vehement dup\u0103 implicarea fiicei sale, Ioana B\u0103sescu, \u00een dosarul NordisFostul pre\u0219edinte al Rom\u00e2niei, Traian B\u0103sescu, \u0219i-a exprimat indignarea fa\u021b\u0103 de ancheta care o vizeaz\u0103 pe fiica sa, Ioana B\u0103sescu, \u00een dosarul Nordis, ce include acuza\u021bii de constituire a unui grup infrac\u021bional organizat, delapidare \u0219i sp\u0103lare de bani. Acesta acuz\u0103 autorit\u0103\u021bile c\u0103 i-au supus fiica unei supravegheri abuzive \u0219i invazive, dezv\u0103luind c\u0103 ar fi fost monitorizat\u0103 inclusiv prin microfoane instalate \u00een locuin\u021ba sa.<\/p>\n<p>Traian B\u0103sescu a sus\u021binut c\u0103 Ioana B\u0103sescu a fost victima unei anchete extrem de agresive, \u00een care metodele folosite ar fi fost dispropor\u021bionate.<\/p>\n<p>\u201eFiica mea a fost supravegheat\u0103 \u00eentr-un mod odios. I-au instalat microfoane sub pat, \u00een cas\u0103. A g\u0103sit u\u0219a descuiat\u0103, iar femeia care o ajuta la cur\u0103\u021benie se jura c\u0103 nu a l\u0103sat-o a\u0219a. C\u00e2nd am citit mandatul de supraveghere, m-am \u00eengrozit. Este evident c\u0103 a fost o comand\u0103: toat\u0103 familia B\u0103sescu trebuie distrus\u0103.\u201d, a declarat fostul pre\u0219edinte.<\/p>\n<p>B\u0103sescu consider\u0103 c\u0103 acest dosar face parte dintr-o strategie menit\u0103 s\u0103 \u00eei compromit\u0103 familia, sus\u021bin\u00e2nd c\u0103 \u0219i alte rude ale sale au fost \u021binta unor atacuri judiciare.<\/p>\n<p>\u201eMi-au distrus fratele, nepotul, ginerele\u2026 \u0218i acum vor s\u0103-mi distrug\u0103 \u0219i fiica. Procurorii nu se mul\u021bumesc doar cu Ioana, vor s\u0103-l vad\u0103 \u0219i pe nepotul meu f\u0103r\u0103 p\u0103rin\u021bi.\u201d, a mai spus B\u0103sescu.<\/p>\n<p>Ioana B\u0103sescu este cercetat\u0103 de DIICOT al\u0103turi de Vladimir Ciorb\u0103, principalul ac\u021bionar al companiei Nordis, \u0219i de so\u021bia acestuia, Laura Vicol, fost\u0103 \u0219ef\u0103 a Comisiei juridice din Camera Deputa\u021bilor. Ancheta vizeaz\u0103 un grup infrac\u021bional organizat, acuzat de \u00een\u0219el\u0103ciune imobiliar\u0103, delapidare \u0219i fraud\u0103 fiscal\u0103, cu un prejudiciu estimat la peste 195 milioane de euro.<\/p>\n<p>Conform procurorilor, grupul ar fi folosit firme-paravan pentru a dezvolta proiecte imobiliare ilegale, induc\u00e2nd \u00een eroare clien\u021bii \u0219i autorit\u0103\u021bile fiscale. Ioana B\u0103sescu, notar de profesie, este suspectat\u0103 c\u0103 ar fi facilitat unele dintre aceste tranzac\u021bii controversate.<\/p>\n<p>Traian B\u0103sescu consider\u0103 c\u0103 fiica sa este victima unei campanii menite s\u0103 afecteze reputa\u021bia familiei sale.<\/p>\n<p>\u201eAcuza\u021biile sunt fabricate, f\u0103r\u0103 nicio baz\u0103 real\u0103. Este doar o alt\u0103 \u00eencercare de a-mi distruge familia \u0219i de a-mi provoca suferin\u021b\u0103.\u201d, a sus\u021binut fostul pre\u0219edinte.<\/p>\n<p>B\u0103sescu a subliniat c\u0103, de-a lungul anilor, familia sa a fost supus\u0103 unor atacuri constante \u0219i c\u0103 aceast\u0103 anchet\u0103 este doar o nou\u0103 etap\u0103 \u00een aceast\u0103 strategie.<\/p>\n<p>\u201eEste o \u00eenscenare bine pus\u0103 la punct. Sistemul are nevoie de un nou caz r\u0103sun\u0103tor, iar familia B\u0103sescu este \u021binta perfect\u0103.\u201d<\/p>\n<p>Fostul pre\u0219edinte a reiterat c\u0103 va continua s\u0103 \u00ee\u0219i apere fiica \u0219i s\u0103 lupte \u00eempotriva celor pe care \u00eei consider\u0103 responsabili pentru aceast\u0103 situa\u021bie.<\/p>\n<p>Mesaj de neutralitate politic\u0103<\/p>\n<p>Dorim s\u0103 v\u0103 inform\u0103m c\u0103 platforma noastr\u0103 este neutr\u0103 din punct de vedere politic \u0219i nu sprijin\u0103 niciun partid sau ideologie politic\u0103. Toate \u0219tirile \u0219i informa\u021biile publicate sunt preluate din surse externe, av\u00e2nd ca scop doar informarea publicului. Ne angaj\u0103m s\u0103 men\u021binem o perspectiv\u0103 obiectiv\u0103 \u0219i echilibrat\u0103 \u00een tot con\u021binutul pe care \u00eel distribuim. V\u0103 mul\u021bumim pentru \u00eencredere!<\/p>\n","protected":false},"excerpt":{"rendered":"<p>Traian B\u0103sescu reac\u021bioneaz\u0103 vehement dup\u0103 implicarea fiicei sale, Ioana B\u0103sescu, \u00een dosarul NordisFostul pre\u0219edinte al Rom\u00e2niei, Traian B\u0103sescu, \u0219i-a exprimat indignarea fa\u021b\u0103 de ancheta care o vizeaz\u0103 pe fiica sa, Ioana B\u0103sescu, \u00een dosarul Nordis, ce include acuza\u021bii de constituire a unui grup infrac\u021bional organizat, delapidare \u0219i sp\u0103lare de bani. Acesta acuz\u0103 autorit\u0103\u021bile c\u0103 i-au &#8230; <a title=\"Traian B\u0103sescu e distrus. N-a mai rezistat M-am \u00eengrozit. Mi-a distrus toat\u0103 familia\" class=\"read-more\" href=\"https:\/\/dobrezrodla.com\/?p=1535\" aria-label=\"Read more about Traian B\u0103sescu e distrus. N-a mai rezistat M-am \u00eengrozit. Mi-a distrus toat\u0103 familia\">Read more<\/a><\/p>\n","protected":false},"author":1,"featured_media":1534,"comment_status":"closed","ping_status":"open","sticky":false,"template":"","format":"standard","meta":{"footnotes":""},"categories":[1],"tags":[],"class_list":["post-1535","post","type-post","status-publish","format-standard","has-post-thumbnail","hentry","category-uncategorized"],"_links":{"self":[{"href":"https:\/\/dobrezrodla.com\/index.php?rest_route=\/wp\/v2\/posts\/1535","targetHints":{"allow":["GET"]}}],"collection":[{"href":"https:\/\/dobrezrodla.com\/index.php?rest_route=\/wp\/v2\/posts"}],"about":[{"href":"https:\/\/dobrezrodla.com\/index.php?rest_route=\/wp\/v2\/types\/post"}],"author":[{"embeddable":true,"href":"https:\/\/dobrezrodla.com\/index.php?rest_route=\/wp\/v2\/users\/1"}],"replies":[{"embeddable":true,"href":"https:\/\/dobrezrodla.com\/index.php?rest_route=%2Fwp%2Fv2%2Fcomments&post=1535"}],"version-history":[{"count":1,"href":"https:\/\/dobrezrodla.com\/index.php?rest_route=\/wp\/v2\/posts\/1535\/revisions"}],"predecessor-version":[{"id":1536,"href":"https:\/\/dobrezrodla.com\/index.php?rest_route=\/wp\/v2\/posts\/1535\/revisions\/1536"}],"wp:featuredmedia":[{"embeddable":true,"href":"https:\/\/dobrezrodla.com\/index.php?rest_route=\/wp\/v2\/media\/1534"}],"wp:attachment":[{"href":"https:\/\/dobrezrodla.com\/index.php?rest_route=%2Fwp%2Fv2%2Fmedia&parent=1535"}],"wp:term":[{"taxonomy":"category","embeddable":true,"href":"https:\/\/dobrezrodla.com\/index.php?rest_route=%2Fwp%2Fv2%2Fcategories&post=1535"},{"taxonomy":"post_tag","embeddable":true,"href":"https:\/\/dobrezrodla.com\/index.php?rest_route=%2Fwp%2Fv2%2Ftags&post=1535"}],"curies":[{"name":"wp","href":"https:\/\/api.w.org\/{rel}","templated":true}]}}