{"id":1541,"date":"2025-07-17T11:45:45","date_gmt":"2025-07-17T11:45:45","guid":{"rendered":"https:\/\/dobrezrodla.com\/?p=1541"},"modified":"2025-07-17T11:45:45","modified_gmt":"2025-07-17T11:45:45","slug":"a-venit-marea-veste-despre-calin-georgescu-e-unul-dintre-cei-mai-cumpliti-globalisti-detalii-mai-jos","status":"publish","type":"post","link":"https:\/\/dobrezrodla.com\/?p=1541","title":{"rendered":"A venit marea veste despre C\u0103lin Georgescu E unul dintre cei mai cumpli\u021bi globali\u0219ti. Detalii mai jos"},"content":{"rendered":"<p>\u00centr-o interven\u021bie televizat\u0103 la Rom\u00e2nia TV, europarlamentara Diana \u0218o\u0219oac\u0103 a lansat acuza\u021bii dure la adresa lui C\u0103lin Georgescu, sus\u021bin\u00e2nd c\u0103 acesta ar fi avut leg\u0103turi str\u00e2nse cu PNL \u0219i c\u0103 ar fi fost folosit ca instrument pentru prelungirea mandatului pre\u0219edintelui Klaus Iohannis.<\/p>\n<p>\u0218o\u0219oac\u0103 a declarat c\u0103 a colaborat cu Georgescu p\u00e2n\u0103 \u00een 2023, \u00eens\u0103 a decis s\u0103 nu-l mai sus\u021bin\u0103, motiv\u00e2nd c\u0103 acesta promoveaz\u0103 idei care nu se aliniaz\u0103 cu viziunea sa politic\u0103.<\/p>\n<p>De asemenea, europarlamentara a afirmat c\u0103, \u00eenainte de 1 decembrie, i-ar fi solicitat lui Georgescu s\u0103 sprijine partidele suveraniste, \u00eens\u0103 acesta ar fi adoptat o pozi\u021bie diferit\u0103, sus\u021bin\u00e2nd c\u0103 ar desemna un premier al majorit\u0103\u021bii parlamentare din acel moment, format\u0103 din PSD, PNL \u0219i UDMR. Aceast\u0103 declara\u021bie a fost considerat\u0103 contradictorie de \u0218o\u0219oac\u0103, care l-a acuzat c\u0103 \u0219i-a schimbat discursul \u00een func\u021bie de context.<\/p>\n<p>\u201e\u00cel cunosc pe C\u0103lin Georgescu de mult timp, am colaborat p\u00e2n\u0103 \u00een 2023. Este unul dintre cei mai periculo\u0219i globali\u0219ti, puternic sprijinit de PNL, \u0219i a fost folosit pentru prelungirea mandatului lui Iohannis. Nu \u00eel mai sus\u021bin. \u00cenainte de 1 decembrie, i-am cerut s\u0103 sprijine partidele suveraniste, dar el a spus c\u0103 va desemna un premier al majorit\u0103\u021bii de atunci, format\u0103 din PSD, PNL \u0219i UDMR. \u00centr-un alt interviu, sus\u021bine c\u0103 ar desfiin\u021ba partidele. Cum poate exista democra\u021bie dac\u0103 doar PSD ar r\u0103m\u00e2ne?\u201d, a declarat \u0218o\u0219oac\u0103 la Rom\u00e2nia TV.<\/p>\n<p>Pe l\u00e2ng\u0103 criticile adresate lui C\u0103lin Georgescu, Diana \u0218o\u0219oac\u0103 a vorbit \u0219i despre George Simion, prezent\u00e2nd un document care, potrivit ei, demonstreaz\u0103 c\u0103 liderul AUR a reu\u0219it s\u0103 introduc\u0103 partidul \u00een grupul Conservatorilor \u0219i Reformi\u0219tilor Europeni (ECR).<\/p>\n<p>\u201eAm aflat despre acest document cu mai bine de un an \u00een urm\u0103. \u00cenainte de a discuta despre el, vreau s\u0103 spun c\u0103 C\u0103lin Georgescu s-a trezit mult prea t\u00e2rziu s\u0103 lupte pentru rom\u00e2nii din Ucraina. Eu am vorbit despre acest subiect \u00eenc\u0103 din 2022 \u0219i chiar am propus un proiect de lege pentru recuperarea teritoriilor rom\u00e2ne\u0219ti din Ucraina. Din acest motiv, mi s-a interzis accesul \u00een Ucraina pe termen nelimitat. Am fost chiar condamnat\u0103 la moarte, iar c\u00e2nd Zelenski a venit \u00een Rom\u00e2nia, nu a putut s\u0103 sus\u021bin\u0103 un discurs \u00een Parlament din cauza mea. Eu am fost cea care a \u00eempiedicat acest lucru\u201d, a declarat \u0218o\u0219oac\u0103.<\/p>\n<p>Ea sus\u021bine c\u0103 aderarea AUR la grupul ECR ar fi fost condi\u021bionat\u0103 de semnarea unui document prin care partidul \u0219i-ar fi exprimat sprijinul pentru r\u0103zboiul din Ucraina \u0219i pentru Volodimir Zelenski. Potrivit europarlamentarei, acest gest ar reprezenta o \u00eenc\u0103lcare a principiilor na\u021bionaliste, iar o parte dintre membrii AUR nu ar fi fost de acord cu aceast\u0103 decizie.<\/p>\n<p>\u201eExist\u0103 un document care arat\u0103 c\u0103 George Simion a reu\u0219it s\u0103 introduc\u0103 AUR \u00een ECR. F\u0103r\u0103 acest angajament, prin care partidul jura credin\u021b\u0103 grupului \u0219i se angaja s\u0103 sus\u021bin\u0103 r\u0103zboiul din Ucraina \u0219i pe Zelenski, nu ar fi fost acceptat. Conservatorii au impus aceast\u0103 condi\u021bie pentru aderarea AUR.<\/p>\n<p>Am avut multe discu\u021bii despre acest document, dar \u00een acel moment, pu\u021bini erau aten\u021bi la aceste detalii. Este un act de tr\u0103dare a na\u021bionalismului, iar \u0219tiu c\u0103 o mare parte din AUR nu a fost de acord cu semnarea acestui angajament\u201d, a ad\u0103ugat \u0218o\u0219oac\u0103.<\/p>\n<p>Grupul Conservatorilor \u0219i Reformi\u0219tilor Europeni (ECR) este o forma\u021biune politic\u0103 de centru-dreapta din Parlamentul European, fondat\u0103 \u00een 2009 prin\u00a0Declara\u021bia de la Praga. Acesta reune\u0219te europarlamentari din \u00eentreaga Uniune European\u0103 care sus\u021bin o viziune de reform\u0103 a institu\u021biilor europene.<\/p>\n<p>Mesaj de neutralitate politic\u0103<\/p>\n<p>Dorim s\u0103 v\u0103 inform\u0103m c\u0103 platforma noastr\u0103 este neutr\u0103 din punct de vedere politic \u0219i nu sprijin\u0103 niciun partid sau ideologie politic\u0103. Toate \u0219tirile \u0219i informa\u021biile publicate sunt preluate din surse externe, av\u00e2nd ca scop doar informarea publicului. Ne angaj\u0103m s\u0103 men\u021binem o perspectiv\u0103 obiectiv\u0103 \u0219i echilibrat\u0103 \u00een tot con\u021binutul pe care \u00eel distribuim. V\u0103 mul\u021bumim pentru \u00eencredere!<\/p>\n<p>Disclaimer: Site-ul nostru este neutru din punct de vedere politic \u0219i nu sus\u021bine niciun partid sau ideologie politic\u0103.<\/p>\n","protected":false},"excerpt":{"rendered":"<p>\u00centr-o interven\u021bie televizat\u0103 la Rom\u00e2nia TV, europarlamentara Diana \u0218o\u0219oac\u0103 a lansat acuza\u021bii dure la adresa lui C\u0103lin Georgescu, sus\u021bin\u00e2nd c\u0103 acesta ar fi avut leg\u0103turi str\u00e2nse cu PNL \u0219i c\u0103 ar fi fost folosit ca instrument pentru prelungirea mandatului pre\u0219edintelui Klaus Iohannis. \u0218o\u0219oac\u0103 a declarat c\u0103 a colaborat cu Georgescu p\u00e2n\u0103 \u00een 2023, \u00eens\u0103 a &#8230; <a title=\"A venit marea veste despre C\u0103lin Georgescu E unul dintre cei mai cumpli\u021bi globali\u0219ti. Detalii mai jos\" class=\"read-more\" href=\"https:\/\/dobrezrodla.com\/?p=1541\" aria-label=\"Read more about A venit marea veste despre C\u0103lin Georgescu E unul dintre cei mai cumpli\u021bi globali\u0219ti. Detalii mai jos\">Read more<\/a><\/p>\n","protected":false},"author":1,"featured_media":1540,"comment_status":"closed","ping_status":"open","sticky":false,"template":"","format":"standard","meta":{"footnotes":""},"categories":[1],"tags":[],"class_list":["post-1541","post","type-post","status-publish","format-standard","has-post-thumbnail","hentry","category-uncategorized"],"_links":{"self":[{"href":"https:\/\/dobrezrodla.com\/index.php?rest_route=\/wp\/v2\/posts\/1541","targetHints":{"allow":["GET"]}}],"collection":[{"href":"https:\/\/dobrezrodla.com\/index.php?rest_route=\/wp\/v2\/posts"}],"about":[{"href":"https:\/\/dobrezrodla.com\/index.php?rest_route=\/wp\/v2\/types\/post"}],"author":[{"embeddable":true,"href":"https:\/\/dobrezrodla.com\/index.php?rest_route=\/wp\/v2\/users\/1"}],"replies":[{"embeddable":true,"href":"https:\/\/dobrezrodla.com\/index.php?rest_route=%2Fwp%2Fv2%2Fcomments&post=1541"}],"version-history":[{"count":1,"href":"https:\/\/dobrezrodla.com\/index.php?rest_route=\/wp\/v2\/posts\/1541\/revisions"}],"predecessor-version":[{"id":1542,"href":"https:\/\/dobrezrodla.com\/index.php?rest_route=\/wp\/v2\/posts\/1541\/revisions\/1542"}],"wp:featuredmedia":[{"embeddable":true,"href":"https:\/\/dobrezrodla.com\/index.php?rest_route=\/wp\/v2\/media\/1540"}],"wp:attachment":[{"href":"https:\/\/dobrezrodla.com\/index.php?rest_route=%2Fwp%2Fv2%2Fmedia&parent=1541"}],"wp:term":[{"taxonomy":"category","embeddable":true,"href":"https:\/\/dobrezrodla.com\/index.php?rest_route=%2Fwp%2Fv2%2Fcategories&post=1541"},{"taxonomy":"post_tag","embeddable":true,"href":"https:\/\/dobrezrodla.com\/index.php?rest_route=%2Fwp%2Fv2%2Ftags&post=1541"}],"curies":[{"name":"wp","href":"https:\/\/api.w.org\/{rel}","templated":true}]}}