{"id":1544,"date":"2025-07-17T12:29:18","date_gmt":"2025-07-17T12:29:18","guid":{"rendered":"https:\/\/dobrezrodla.com\/?p=1544"},"modified":"2025-07-17T12:29:18","modified_gmt":"2025-07-17T12:29:18","slug":"reactia-lui-teo-trandafir-si-a-ilincai-vandici-dupa-ce-s-a-aflat-ca-david-maruta-are-iubita-la-14-ani","status":"publish","type":"post","link":"https:\/\/dobrezrodla.com\/?p=1544","title":{"rendered":"Reac\u021bia lui Teo Trandafir \u0219i a Ilinc\u0103i Vandici dup\u0103 ce s-a aflat c\u0103 David M\u0103ru\u021b\u0103 are iubit\u0103 la 14 ani"},"content":{"rendered":"<p>David M\u0103ru\u021b\u0103 tr\u0103ie\u0219te fiorii primei iubiri! Ce au spus Teo Trandafir \u0219i Ilinca Vandici despre rela\u021bia adolescentului cu Ilona Tand: \u201eDe la 14 ani \u00eencepe\u2026\u201d<\/p>\n<p>David M\u0103ru\u021b\u0103, fiul celebrului cuplu Andra \u0219i C\u0103t\u0103lin M\u0103ru\u021b\u0103, pare s\u0103 fi p\u0103\u0219it \u00eentr-una dintre cele mai frumoase perioade ale adolescen\u021bei: prima iubire. T\u00e2n\u0103rul, \u00een v\u00e2rst\u0103 de doar 14 ani, a fost surprins la festivalul \u201eBeach, Please!\u201d al\u0103turi de Ilona Tand, nimeni alta dec\u00e2t fiica cunoscutului chef Nicolai Tand. Imaginile cu cei doi adolescen\u021bi s-au r\u0103sp\u00e2ndit rapid pe re\u021belele sociale, mai ales dup\u0103 ce Ilona a publicat pe TikTok un videoclip \u00een care apare s\u0103rut\u00e2ndu-se cu David. Momentul a fost filmat chiar \u00een timpul festivalului, la care au participat \u00eempreun\u0103 cu ta\u021bii lor.<\/p>\n<p>Nici Teo Trandafir \u0219i Ilinca Vandici nu au r\u0103mas indiferente la aceast\u0103 poveste adolescentin\u0103. Cele dou\u0103 moderatoare ale emisiunii \u201eFollow Us!\u201d au comentat cu uimire rela\u021bia tinerilor \u0219i au recunoscut c\u0103 timpul trece nea\u0219teptat de repede pentru copiii vedetelor.<\/p>\n<p>\u201eDavid M\u0103ru\u021b\u0103 este \u00eendr\u0103gostit pentru prima oar\u0103. S-a f\u0103cut mare \u0219i deja simte ce \u00eenseamn\u0103 fiorii dragostei. \u0218i nu oricum! Ei nu se mai s\u0103rut\u0103 \u00een fa\u021ba blocului, ca pe vremuri, ci direct la festival, c\u0103 e alt\u0103 genera\u021bie\u201d, a spus Ilinca Vandici, surprins\u0103 de c\u00e2t de repede au crescut cei doi.<\/p>\n<p>Teo Trandafir, vizibil amuzat\u0103, a completat: \u201eMam\u0103, ce mare e! Eu, c\u00e2nd l-am v\u0103zut pe David la un eveniment, nici nu mi-am dat seama c\u0103 era el. Timpul a trecut incredibil de repede\u201d.<\/p>\n<p>Moderatoarele au punctat \u0219i c\u0103 tinerii nu au avut de g\u00e2nd s\u0103-\u0219i ascund\u0103 iubirea, ba din contr\u0103, \u0219i-au tr\u0103it emo\u021biile la vedere, chiar dac\u0103 p\u0103rin\u021bii erau prin preajm\u0103. \u201eA\u021bi \u00een\u021beles? 14 ani\u0219ori. \u0218i Ilona e superb\u0103, am v\u0103zut-o \u00een realitate\u201d, a mai ad\u0103ugat Ilinca.<\/p>\n<p>\u201eDeci de la 14 ani \u00eencepe\u2026\u201d, a concluzionat Teo Trandafir, f\u0103c\u00e2nd referire la c\u00e2t de devreme \u00eencep ast\u0103zi adolescen\u021bii s\u0103-\u0219i tr\u0103iasc\u0103 primele pove\u0219ti de dragoste.<\/p>\n<p>Chiar dac\u0103 unii ar fi tenta\u021bi s\u0103 \u00eei judece, Teo \u0219i Ilinca sunt de p\u0103rere c\u0103 adolescen\u021ba trebuie s\u0103 vin\u0103 cu descoperiri \u0219i emo\u021bii noi, at\u00e2ta timp c\u00e2t copiii sunt supraveghea\u021bi cu grij\u0103. \u201eNu-i la\u0219i de capul lor la festival! P\u0103rin\u021bii, cu siguran\u021b\u0103, au fost acolo cu ei\u201d, a punctat Ilinca Vandici, subliniind c\u0103 familia r\u0103m\u00e2ne aproape chiar \u0219i atunci c\u00e2nd primii fiori ai iubirii \u00ee\u0219i fac loc \u00een via\u021ba celor mici.<\/p>\n","protected":false},"excerpt":{"rendered":"<p>David M\u0103ru\u021b\u0103 tr\u0103ie\u0219te fiorii primei iubiri! Ce au spus Teo Trandafir \u0219i Ilinca Vandici despre rela\u021bia adolescentului cu Ilona Tand: \u201eDe la 14 ani \u00eencepe\u2026\u201d David M\u0103ru\u021b\u0103, fiul celebrului cuplu Andra \u0219i C\u0103t\u0103lin M\u0103ru\u021b\u0103, pare s\u0103 fi p\u0103\u0219it \u00eentr-una dintre cele mai frumoase perioade ale adolescen\u021bei: prima iubire. T\u00e2n\u0103rul, \u00een v\u00e2rst\u0103 de doar 14 ani, &#8230; <a title=\"Reac\u021bia lui Teo Trandafir \u0219i a Ilinc\u0103i Vandici dup\u0103 ce s-a aflat c\u0103 David M\u0103ru\u021b\u0103 are iubit\u0103 la 14 ani\" class=\"read-more\" href=\"https:\/\/dobrezrodla.com\/?p=1544\" aria-label=\"Read more about Reac\u021bia lui Teo Trandafir \u0219i a Ilinc\u0103i Vandici dup\u0103 ce s-a aflat c\u0103 David M\u0103ru\u021b\u0103 are iubit\u0103 la 14 ani\">Read more<\/a><\/p>\n","protected":false},"author":1,"featured_media":1543,"comment_status":"closed","ping_status":"open","sticky":false,"template":"","format":"standard","meta":{"footnotes":""},"categories":[1],"tags":[],"class_list":["post-1544","post","type-post","status-publish","format-standard","has-post-thumbnail","hentry","category-uncategorized"],"_links":{"self":[{"href":"https:\/\/dobrezrodla.com\/index.php?rest_route=\/wp\/v2\/posts\/1544","targetHints":{"allow":["GET"]}}],"collection":[{"href":"https:\/\/dobrezrodla.com\/index.php?rest_route=\/wp\/v2\/posts"}],"about":[{"href":"https:\/\/dobrezrodla.com\/index.php?rest_route=\/wp\/v2\/types\/post"}],"author":[{"embeddable":true,"href":"https:\/\/dobrezrodla.com\/index.php?rest_route=\/wp\/v2\/users\/1"}],"replies":[{"embeddable":true,"href":"https:\/\/dobrezrodla.com\/index.php?rest_route=%2Fwp%2Fv2%2Fcomments&post=1544"}],"version-history":[{"count":1,"href":"https:\/\/dobrezrodla.com\/index.php?rest_route=\/wp\/v2\/posts\/1544\/revisions"}],"predecessor-version":[{"id":1545,"href":"https:\/\/dobrezrodla.com\/index.php?rest_route=\/wp\/v2\/posts\/1544\/revisions\/1545"}],"wp:featuredmedia":[{"embeddable":true,"href":"https:\/\/dobrezrodla.com\/index.php?rest_route=\/wp\/v2\/media\/1543"}],"wp:attachment":[{"href":"https:\/\/dobrezrodla.com\/index.php?rest_route=%2Fwp%2Fv2%2Fmedia&parent=1544"}],"wp:term":[{"taxonomy":"category","embeddable":true,"href":"https:\/\/dobrezrodla.com\/index.php?rest_route=%2Fwp%2Fv2%2Fcategories&post=1544"},{"taxonomy":"post_tag","embeddable":true,"href":"https:\/\/dobrezrodla.com\/index.php?rest_route=%2Fwp%2Fv2%2Ftags&post=1544"}],"curies":[{"name":"wp","href":"https:\/\/api.w.org\/{rel}","templated":true}]}}