{"id":1555,"date":"2025-07-17T14:38:45","date_gmt":"2025-07-17T14:38:45","guid":{"rendered":"https:\/\/dobrezrodla.com\/?p=1555"},"modified":"2025-07-17T14:38:45","modified_gmt":"2025-07-17T14:38:45","slug":"avocatul-radu-pricop-cere-despagubiri-in-dosarul-nordis-in-timp-ce-sotia-lui-ioana-basescu-a-fost-pusa-sub-acuzare-de-diicot-in-ancheta-privind-frauda-de-195-de-milioane-de-euro","status":"publish","type":"post","link":"https:\/\/dobrezrodla.com\/?p=1555","title":{"rendered":"Avocatul Radu Pricop cere desp\u0103gubiri \u00een dosarul Nordis \u00een timp ce so\u021bia lui Ioana B\u0103sescu a fost pus\u0103 sub acuzare de DIICOT \u00een ancheta privind frauda de 195 de milioane de euro"},"content":{"rendered":"<p>Avocatul\u00a0Radu Pricop este unul dintre creditorii care \u00ee\u0219i doresc s\u0103 \u00ee\u0219i recupereze banii din afacerea Nordis, \u00een timp ce so\u021bia lui, Ioana B\u0103sescu, a fost pus\u0103 sub acuzare de DIICOT \u00een dosarul Nordis, care vizeaz\u0103 o fraud\u0103 imobiliar\u0103 de 195 de milioane de euro.<\/p>\n<p>Ioana B\u0103sescu a fost pus\u0103 sub acuzare pentru sprijinirea presupusului grup infrac\u021bional organizat, \u00een dosarul Nordis. Procurorii nu au dispus nicio m\u0103sur\u0103 preventiv\u0103 pentru fiica fostului pre\u0219edinte, \u00een timp ce Laura Vicol \u0219i so\u021bul ei, Vladimir Ciorb\u0103, patronul Nordis, au fost aresta\u021bi preventiv pentru 30 de zile.<\/p>\n<p>Radu Pricop, so\u021bul Ioanei B\u0103sescu, cere desp\u0103gubiri \u00een dosarul Nordis<\/p>\n<p>Radu Pricop, so\u021bul Ioanei B\u0103sescu, este unul dintre clien\u021bii Nordis care s-au \u00eenscris la masa credal\u0103 \u00een speran\u021ba c\u0103 vor \u00ee\u0219i vor recupera investi\u021biile de la Nordis, \u00een prezent aflat\u0103 \u00een insolven\u021b\u0103. Peste 195 de milioane de euro \u00eencasa\u021bi ca avans de la clien\u021bi pentru apartamente pe care nu le-au primit.<\/p>\n<p>Cererea de interven\u021bie a ginerelui lui Traian B\u0103sescu a fost admis\u0103 la data de 9 octombrie 2024, de c\u0103tre Tribunalul Bucure\u0219ti, care a considerat c\u0103 cererea formulat\u0103 de Radu Pricop reprezint\u0103 o declara\u021bie de crean\u021b\u0103, pe care a ata\u0219at-o la dosarul de insolven\u021b\u0103 a societ\u0103\u021bii Nordis Management, potrivit\u00a0Fanatik.<\/p>\n<p>Ioana B\u0103sescu \u0219i Radu Pricop de\u021bin trei apartamente la complexul Nordis Mamaia. Documentele au fost perfectate prin intermediul notarului public Alin Constantin Ciobanu.<\/p>\n<p>Ancheta DIICOT vizeaz\u0103 72 de suspec\u021bi \u2013 40 de persoane fizice \u0219i 32 de firme, iar gruparea func\u021biona din 2018 \u0219i era structurat\u0103 pe trei niveluri ierarhice, oper\u00e2nd printr-un sistem piramidal \u00een domeniul imobiliar.<\/p>\n<p>\u201eMecanismul infrac\u0163ional consta \u00een promovarea \u015fi dezvoltarea unor proiecte imobiliare, sub acoperirea mai multor societ\u0103\u0163i comerciale, urmate de \u00eencasarea de sume de bani de la clien\u0163i (cump\u0103r\u0103tori), delapidarea fondurilor societ\u0103\u0163ilor, inducerea \u00een eroare a cump\u0103r\u0103torilor \u00een urma execut\u0103rii ante-contractelor \u015fi contractelor de v\u00e2nzare-cump\u0103rare, eviden\u0163ierea de opera\u0163iuni fictive \u00een contabilitatea societ\u0103\u0163ilor controlate \u00een scopul sustragerii de la plata taxelor \u015fi impozitelor datorate bugetului de stat \u015fi stabilirea cu rea-credin\u0163\u0103 a taxelor (T.V.A.), av\u00e2nd ca rezultat ob\u0163inerea, f\u0103r\u0103 drept, a unor sume de bani cu titlu de ramburs\u0103ri sau restituiri de la bugetul de stat, ori compens\u0103ri datorate bugetului general, cauz\u00e2ndu-se prejudicii societ\u0103\u0163ilor comerciale, clien\u0163ilor cump\u0103r\u0103tori \u015fi bugetului de stat\u2019, spun DIICOT \u0219i Poli\u021bia Rom\u00e2n\u0103<\/p>\n<p>Potrivit DIICOT, liderii grup\u0103rii au \u00eencasat de la clien\u021bi suma de peste 195 de milioane de euro, ca avans \u00een cadrul unor promisiuni bilaterale de v\u00e2nzare-cump\u0103rare, respectiv contracte de v\u00e2nzare-cump\u0103rare (apartamente\/parc\u0103ri \u0219i mobilier). Banii au fost \u00eencasa\u021bi prin intermediul mai multor firme.<\/p>\n<p>Ce leg\u0103tur\u0103 are Ioana B\u0103sescu cu dosarul Nordis. A fost pus\u0103 sub acuzare de DIICOT<\/p>\n<p>Not\u0103ri\u021bele Ioana B\u0103sescu \u0219i\u00a0Andreea Cosma \u0219i-au pus semn\u0103tura pe mai multe contracte de v\u00e2nzare-cump\u0103rare pentru apartamente \u00een complexele Nordis, apartamente pe care clien\u021bii nu le-au primit niciodat\u0103.<\/p>\n<p>\u00cen perioada 2008-2010, Ioana B\u0103sescu a avut birou notarial \u00een comuna P\u0103une\u0219ti din jude\u021bul Vrancea, dup\u0103 care, \u00een 2010, \u0219i-a deschis birou notarial \u00eentr-un conac boieresc din Bucure\u0219ti.<\/p>\n<p>\u00cen cazul Ioanei B\u0103sescu, jurnali\u0219tii de la\u00a0Recorder\u00a0au g\u0103sit mai multe situa\u021bii concrete \u00een care acela\u0219i apartament a fost pl\u0103tit de dou\u0103 persoane diferite, prima oar\u0103 prin antecontract \u0219i a doua oar\u0103 prin contract de v\u00e2nzare-cump\u0103rare. Unul dintre contracte a fost semnat \u00een 2022, pentru un apartament la Nordis Mamaia. Pe toate contractele apare semn\u0103tura Ioanei B\u0103sescu.<\/p>\n<p>Ioana B\u0103sescu, fiica fostului pre\u0219edinte Traian B\u0103sescu, a fost pus\u0103 sub acuzare \u00een dosarul Nordis.\u00a0Acuza\u021bia care i se aduce este de sprijinire a unui grup infrac\u021bional organizat. Deocamdat\u0103, procurorii nu au dispus vreo m\u0103sur\u0103 preventiv\u0103 \u00eempotriva fiicei fostului pre\u0219edinte Traian B\u0103sescu.<\/p>\n<p>\u00cen cursul zilei de mar\u021bi, 4 februarie, Traian B\u0103sescu a afirmat c\u0103 fiica lui cea mare a fost filat\u0103, sus\u021bin\u00e2nd c\u0103 Ioanei B\u0103sescu i-au fost plantate microfoane sub pat. Fostul pre\u0219edinte spune c\u0103 a citit mandatul de supraveghere.<\/p>\n<p>\u201eCum i-a fost fiicei mele c\u0103 i-au b\u0103gat microfoane sub pat, \u00een cas\u0103, v\u0103 dau cuv\u00e2ntul meu. Fiica mea a fost la un pas s\u0103 dea afar\u0103 o doamn\u0103 care o ajuta la cur\u0103\u021benie. Venea de dou\u0103 ori pe s\u0103pt\u0103m\u00e2n\u0103. A g\u0103sit u\u0219a deschis\u0103 \u0219i femeia se jura c\u0103 n-a l\u0103sat u\u0219a descuiat\u0103. \u0218i mi-am dat seama ce odioas\u0103 supraveghere a avut un om. De ce? C\u0103 era comand\u0103? Toat\u0103 familia B\u0103sescu trebuie f\u0103cut\u0103. C\u00e2nd am citit mandatul de supraveghere a fiicei mele, m-am \u00eengrozit\u2019, a declarat Traian B\u0103sescu la\u00a0Rom\u00e2nia TV.<\/p>\n","protected":false},"excerpt":{"rendered":"<p>Avocatul\u00a0Radu Pricop este unul dintre creditorii care \u00ee\u0219i doresc s\u0103 \u00ee\u0219i recupereze banii din afacerea Nordis, \u00een timp ce so\u021bia lui, Ioana B\u0103sescu, a fost pus\u0103 sub acuzare de DIICOT \u00een dosarul Nordis, care vizeaz\u0103 o fraud\u0103 imobiliar\u0103 de 195 de milioane de euro. Ioana B\u0103sescu a fost pus\u0103 sub acuzare pentru sprijinirea presupusului grup &#8230; <a title=\"Avocatul Radu Pricop cere desp\u0103gubiri \u00een dosarul Nordis \u00een timp ce so\u021bia lui Ioana B\u0103sescu a fost pus\u0103 sub acuzare de DIICOT \u00een ancheta privind frauda de 195 de milioane de euro\" class=\"read-more\" href=\"https:\/\/dobrezrodla.com\/?p=1555\" aria-label=\"Read more about Avocatul Radu Pricop cere desp\u0103gubiri \u00een dosarul Nordis \u00een timp ce so\u021bia lui Ioana B\u0103sescu a fost pus\u0103 sub acuzare de DIICOT \u00een ancheta privind frauda de 195 de milioane de euro\">Read more<\/a><\/p>\n","protected":false},"author":1,"featured_media":1554,"comment_status":"closed","ping_status":"open","sticky":false,"template":"","format":"standard","meta":{"footnotes":""},"categories":[1],"tags":[],"class_list":["post-1555","post","type-post","status-publish","format-standard","has-post-thumbnail","hentry","category-uncategorized"],"_links":{"self":[{"href":"https:\/\/dobrezrodla.com\/index.php?rest_route=\/wp\/v2\/posts\/1555","targetHints":{"allow":["GET"]}}],"collection":[{"href":"https:\/\/dobrezrodla.com\/index.php?rest_route=\/wp\/v2\/posts"}],"about":[{"href":"https:\/\/dobrezrodla.com\/index.php?rest_route=\/wp\/v2\/types\/post"}],"author":[{"embeddable":true,"href":"https:\/\/dobrezrodla.com\/index.php?rest_route=\/wp\/v2\/users\/1"}],"replies":[{"embeddable":true,"href":"https:\/\/dobrezrodla.com\/index.php?rest_route=%2Fwp%2Fv2%2Fcomments&post=1555"}],"version-history":[{"count":1,"href":"https:\/\/dobrezrodla.com\/index.php?rest_route=\/wp\/v2\/posts\/1555\/revisions"}],"predecessor-version":[{"id":1556,"href":"https:\/\/dobrezrodla.com\/index.php?rest_route=\/wp\/v2\/posts\/1555\/revisions\/1556"}],"wp:featuredmedia":[{"embeddable":true,"href":"https:\/\/dobrezrodla.com\/index.php?rest_route=\/wp\/v2\/media\/1554"}],"wp:attachment":[{"href":"https:\/\/dobrezrodla.com\/index.php?rest_route=%2Fwp%2Fv2%2Fmedia&parent=1555"}],"wp:term":[{"taxonomy":"category","embeddable":true,"href":"https:\/\/dobrezrodla.com\/index.php?rest_route=%2Fwp%2Fv2%2Fcategories&post=1555"},{"taxonomy":"post_tag","embeddable":true,"href":"https:\/\/dobrezrodla.com\/index.php?rest_route=%2Fwp%2Fv2%2Ftags&post=1555"}],"curies":[{"name":"wp","href":"https:\/\/api.w.org\/{rel}","templated":true}]}}