{"id":1569,"date":"2025-07-17T16:45:24","date_gmt":"2025-07-17T16:45:24","guid":{"rendered":"https:\/\/dobrezrodla.com\/?p=1569"},"modified":"2025-07-17T16:45:24","modified_gmt":"2025-07-17T16:45:24","slug":"bebeto-fiul-anamariei-prodan-isi-petrece-vara-sprijinit-in-carje-ce-accident-a-suferit-si-ce-spun-medicii","status":"publish","type":"post","link":"https:\/\/dobrezrodla.com\/?p=1569","title":{"rendered":"Bebeto fiul Anamariei Prodan \u00ee\u0219i petrece vara sprijinit \u00een c\u00e2rje. Ce accident a suferit \u0219i ce spun medicii"},"content":{"rendered":"<p>Vara aceasta nu arat\u0103 deloc a\u0219a cum \u0219i-o imaginase Lauren\u021biu Reghecampf junior, cunoscut de to\u021bi ca Bebeto. T\u00e2n\u0103rul fotbalist, fiul impresarei Anamaria Prodan \u0219i al antrenorului Lauren\u021biu Reghecampf, \u0219i-a \u00eenceput vacan\u021ba sprijinit \u00een c\u00e2rje, cu piciorul drept imobilizat \u0219i cu visul de a reveni c\u00e2t mai repede pe teren.<\/p>\n<p>Totul s-a \u00eent\u00e2mplat chiar la finalul sezonului din Liga a 4-a, acolo unde Bebeto a evoluat cu ambi\u021bie pentru Voin\u021ba Snagov. Talentatul junior s-a accidentat grav \u00een timpul unui meci, dup\u0103 ce un adversar l-a c\u0103lcat cu crampoanele \u0219i i-a provocat o fractur\u0103 serioas\u0103 la picior.<\/p>\n<p>Chiar \u0219i a\u0219a, adolescentul nu s-a l\u0103sat complet dobor\u00e2t de ghinion. Recent, la petrecerea dat\u0103 de Anamaria Prodan pentru a s\u0103rb\u0103tori ziua de na\u0219tere a iubitului ei, boxerul Ronald Gavril, Bebeto \u0219i-a f\u0103cut apari\u021bia sprijinit \u00een c\u00e2rje, cu un bandaj vizibil la piciorul drept, pe care medicii i-au interzis s\u0103-l pun\u0103 \u00een p\u0103m\u00e2nt.<\/p>\n<p>Anamaria Prodan a vorbit despre accidentarea fiului s\u0103u, explic\u00e2nd c\u00e2t de grav\u0103 este situa\u021bia. \u201eBebe are piciorul \u00een ghips. S-a accidentat la un meci de preg\u0103tire, l-a c\u0103lcat cineva cu cramponul \u0219i i-a rupt un deget de la picior. L-a dislocat cu tot cu os! Trei s\u0103pt\u0103m\u00e2ni nu va mai putea juca fotbal\u201d, a m\u0103rturisit impresara, \u00een exclusivitate pentru\u00a0Click!.<\/p>\n<p>Lauren\u021biu Reghecampf junior are doar 16 ani, dar viseaz\u0103 deja cu ochii deschi\u0219i la o carier\u0103 de succes \u00een fotbalul mare. A debutat la doar 15 ani \u00een Liga a 4-a pentru Olimpic Snagov, juc\u00e2nd pe postul de atacant \u0219i marc\u00e2nd presta\u021bii promi\u021b\u0103toare. Mama sa, Anamaria Prodan, nu-\u0219i ascunde m\u00e2ndria pentru ambi\u021bia fiului ei, pe care \u00eel sprijin\u0103 ori de c\u00e2te ori poate, fie la antrenamente, fie la meciuri.<\/p>\n<p>Pe l\u00e2ng\u0103 fotbal, Bebeto a prins drag \u0219i de box, sport pe care \u00eel practic\u0103 \u00eempreun\u0103 cu partenerul mamei sale, Ronald Gavril, fost campion mondial interimar. Se pare c\u0103 rela\u021bia dintre Bebeto \u0219i Ronald este una tot mai apropiat\u0103, adolescentul g\u0103sindu-\u0219i \u00een boxer un mentor \u0219i un sprijin \u00een plus.<\/p>\n<p>Chiar dac\u0103 accidentarea \u00eei \u021bine departe de minge pentru c\u00e2teva s\u0103pt\u0103m\u00e2ni, Bebeto nu renun\u021b\u0103 la visul s\u0103u. \u00ce\u0219i dore\u0219te s\u0103 ajung\u0103 c\u00e2ndva la un club de renume, iar Gigi Becali este deja pe lista dorin\u021belor sale, semn c\u0103 t\u00e2n\u0103rul atacant are planuri mari.<\/p>\n<p>Cu sprijinul mamei sale, cu ambi\u021bia care l-a ajutat s\u0103 dep\u0103\u0219easc\u0103 problemele din teren \u0219i cu o recuperare atent\u0103, Bebeto promite c\u0103 va reveni mai puternic pe gazon. P\u00e2n\u0103 atunci, vacan\u021ba lui \u00een c\u00e2rje r\u0103m\u00e2ne doar o alt\u0103 lec\u021bie despre determinare \u0219i puterea de a o lua de la cap\u0103t.<\/p>\n","protected":false},"excerpt":{"rendered":"<p>Vara aceasta nu arat\u0103 deloc a\u0219a cum \u0219i-o imaginase Lauren\u021biu Reghecampf junior, cunoscut de to\u021bi ca Bebeto. T\u00e2n\u0103rul fotbalist, fiul impresarei Anamaria Prodan \u0219i al antrenorului Lauren\u021biu Reghecampf, \u0219i-a \u00eenceput vacan\u021ba sprijinit \u00een c\u00e2rje, cu piciorul drept imobilizat \u0219i cu visul de a reveni c\u00e2t mai repede pe teren. Totul s-a \u00eent\u00e2mplat chiar la finalul &#8230; <a title=\"Bebeto fiul Anamariei Prodan \u00ee\u0219i petrece vara sprijinit \u00een c\u00e2rje. Ce accident a suferit \u0219i ce spun medicii\" class=\"read-more\" href=\"https:\/\/dobrezrodla.com\/?p=1569\" aria-label=\"Read more about Bebeto fiul Anamariei Prodan \u00ee\u0219i petrece vara sprijinit \u00een c\u00e2rje. Ce accident a suferit \u0219i ce spun medicii\">Read more<\/a><\/p>\n","protected":false},"author":1,"featured_media":1568,"comment_status":"closed","ping_status":"open","sticky":false,"template":"","format":"standard","meta":{"footnotes":""},"categories":[1],"tags":[],"class_list":["post-1569","post","type-post","status-publish","format-standard","has-post-thumbnail","hentry","category-uncategorized"],"_links":{"self":[{"href":"https:\/\/dobrezrodla.com\/index.php?rest_route=\/wp\/v2\/posts\/1569","targetHints":{"allow":["GET"]}}],"collection":[{"href":"https:\/\/dobrezrodla.com\/index.php?rest_route=\/wp\/v2\/posts"}],"about":[{"href":"https:\/\/dobrezrodla.com\/index.php?rest_route=\/wp\/v2\/types\/post"}],"author":[{"embeddable":true,"href":"https:\/\/dobrezrodla.com\/index.php?rest_route=\/wp\/v2\/users\/1"}],"replies":[{"embeddable":true,"href":"https:\/\/dobrezrodla.com\/index.php?rest_route=%2Fwp%2Fv2%2Fcomments&post=1569"}],"version-history":[{"count":1,"href":"https:\/\/dobrezrodla.com\/index.php?rest_route=\/wp\/v2\/posts\/1569\/revisions"}],"predecessor-version":[{"id":1570,"href":"https:\/\/dobrezrodla.com\/index.php?rest_route=\/wp\/v2\/posts\/1569\/revisions\/1570"}],"wp:featuredmedia":[{"embeddable":true,"href":"https:\/\/dobrezrodla.com\/index.php?rest_route=\/wp\/v2\/media\/1568"}],"wp:attachment":[{"href":"https:\/\/dobrezrodla.com\/index.php?rest_route=%2Fwp%2Fv2%2Fmedia&parent=1569"}],"wp:term":[{"taxonomy":"category","embeddable":true,"href":"https:\/\/dobrezrodla.com\/index.php?rest_route=%2Fwp%2Fv2%2Fcategories&post=1569"},{"taxonomy":"post_tag","embeddable":true,"href":"https:\/\/dobrezrodla.com\/index.php?rest_route=%2Fwp%2Fv2%2Ftags&post=1569"}],"curies":[{"name":"wp","href":"https:\/\/api.w.org\/{rel}","templated":true}]}}