{"id":1572,"date":"2025-07-17T17:28:03","date_gmt":"2025-07-17T17:28:03","guid":{"rendered":"https:\/\/dobrezrodla.com\/?p=1572"},"modified":"2025-07-17T17:28:03","modified_gmt":"2025-07-17T17:28:03","slug":"nicusor-dan-escapada-discreta-cu-fiica-sa-detaliul-care-i-a-luat-prin-surprindere-pe-toti-pasagerii","status":"publish","type":"post","link":"https:\/\/dobrezrodla.com\/?p=1572","title":{"rendered":"Nicu\u0219or Dan escapad\u0103 discret\u0103 cu fiica sa. Detaliul care i-a luat prin surprindere pe to\u021bi pasagerii"},"content":{"rendered":"<p>O rom\u00e2nc\u0103 aflat\u0103 luni sear\u0103, 14 iulie, la bordul unui avion Ryanair pe ruta Bucure\u0219ti\u2013Milano, a povestit pe re\u021belele sociale cum a tr\u0103it surpriza de a-l vedea chiar pe pre\u0219edintele Nicu\u0219or Dan printre pasageri. \u0218eful statului c\u0103l\u0103torea al\u0103turi de fiica sa \u0219i de un ofi\u021ber al Serviciului de Protec\u021bie \u0219i Paz\u0103 (SPP), aleg\u00e2nd, de data aceasta, o variant\u0103 \u201elow cost\u201d pentru deplasarea privat\u0103.<\/p>\n<p>Petru\u021ba Tasc\u0103, cea care a relatat momentul pe Facebook, a scris cu umor \u0219i admira\u021bie despre aceast\u0103 \u00eent\u00e2lnire nea\u0219teptat\u0103. \u201eCu trei r\u00e2nduri mai \u00een fa\u021b\u0103 st\u0103 Nicu\u0219or. Zboar\u0103 cu un avion low cost \u0219i a ales s\u0103 stea al\u0103turi de cea mic\u0103, probabil a pl\u0103tit suplimentar pentru locuri\u201d, a notat ea.<\/p>\n<p>Ulterior, \u00eentr-un \u201elater edit\u201d, a glumit c\u0103 poate locurile au fost alocate automat, dar deja avionul decolase \u0219i nu mai putea corecta postarea. Petru\u021ba a ad\u0103ugat, tot pe un ton amuzat: \u201eP.S. Noul SPP-ist e simpatic, dar nu e Ionu\u021b\u201d.<\/p>\n<p>Zborul, cu num\u0103rul RYR 8735, a decolat de pe Aeroportul Otopeni la ora 21:26 \u0219i a aterizat la Milano la 22:46, conform datelor de zbor disponibile pe\u00a0FlightAware.<\/p>\n<p>Mai mult dec\u00e2t zborul \u00een sine, modul \u00een care pre\u0219edintele \u0219i-a petrecut timpul la bord a atras simpatia celor din jur. Petru\u021ba a relatat c\u0103 Nicu\u0219or Dan a stat de vorb\u0103 tot drumul cu fiica sa, iar atmosfera a fost una relaxat\u0103 \u0219i natural\u0103. \u201eA fost un sentiment incredibil s\u0103 \u00eel vezi pe pre\u0219edinte c\u0103l\u0103torind ca un om obi\u0219nuit, \u00eentr-un avion low cost. Dac\u0103 ne g\u00e2ndim la fo\u0219tii pre\u0219edin\u021bi\u2026\u201d, a scris ea, l\u0103s\u00e2nd s\u0103 se \u00een\u021beleag\u0103 o compara\u021bie cu practicile liderilor de dinainte.<\/p>\n<p>La aterizare, so\u021bul Petru\u021bei i-ar fi mul\u021bumit direct pre\u0219edintelui pentru \u201enormalitatea pe care am ajuns s\u0103 o tr\u0103im\u201d, un gest simbolic, dar care spune multe despre felul \u00een care rom\u00e2nii privesc astfel de momente de simplitate din partea celor afla\u021bi la v\u00e2rful statului.<\/p>\n<p>Chiar dac\u0103 Nicu\u0219or Dan nu a anun\u021bat o deplasare oficial\u0103 \u00een Italia, pre\u0219edintele are programate vizite externe importante \u00een perioada urm\u0103toare. Pe 18 iulie, \u0219eful statului va merge \u00een Germania, unde sunt planificate \u00eent\u00e2lniri cu pre\u0219edintele Frank-Walter Steinmeier, cancelarul Friedrich Merz \u0219i mai mul\u021bi investitori germani. Ulterior, \u00een perioada 25-26 iulie, va vizita Austria, unde va discuta cu pre\u0219edintele Alexander Van der Bellen \u0219i cancelarul Karl Stocker, particip\u00e2nd totodat\u0103 la un forum economic.<\/p>\n<p>\u201eEste esen\u021bial s\u0103 dezvolt\u0103m dimensiunea economic\u0103 a rela\u021biilor noastre externe. De aceea, pe l\u00e2ng\u0103 \u00eent\u00e2lnirile oficiale, voi participa \u0219i la forumurile de afaceri din Germania \u0219i Austria\u201d, a precizat Nicu\u0219or Dan \u00een conferin\u021ba de pres\u0103 sus\u021binut\u0103 luni la Palatul Cotroceni.<\/p>\n<p>Gestul pre\u0219edintelui de a zbura f\u0103r\u0103 lux, \u00eenso\u021bit doar de fiica sa \u0219i un singur ofi\u021ber SPP, a fost remarcat rapid de opinia public\u0103. Momentul arat\u0103 nu doar o atitudine mai apropiat\u0103 de cet\u0103\u021beni, ci \u0219i un mesaj despre modul \u00een care Nicu\u0219or Dan pare hot\u0103r\u00e2t s\u0103 r\u0103m\u00e2n\u0103 un lider accesibil, chiar \u0219i \u00een afara agendei oficiale.<\/p>\n","protected":false},"excerpt":{"rendered":"<p>O rom\u00e2nc\u0103 aflat\u0103 luni sear\u0103, 14 iulie, la bordul unui avion Ryanair pe ruta Bucure\u0219ti\u2013Milano, a povestit pe re\u021belele sociale cum a tr\u0103it surpriza de a-l vedea chiar pe pre\u0219edintele Nicu\u0219or Dan printre pasageri. \u0218eful statului c\u0103l\u0103torea al\u0103turi de fiica sa \u0219i de un ofi\u021ber al Serviciului de Protec\u021bie \u0219i Paz\u0103 (SPP), aleg\u00e2nd, de data &#8230; <a title=\"Nicu\u0219or Dan escapad\u0103 discret\u0103 cu fiica sa. Detaliul care i-a luat prin surprindere pe to\u021bi pasagerii\" class=\"read-more\" href=\"https:\/\/dobrezrodla.com\/?p=1572\" aria-label=\"Read more about Nicu\u0219or Dan escapad\u0103 discret\u0103 cu fiica sa. Detaliul care i-a luat prin surprindere pe to\u021bi pasagerii\">Read more<\/a><\/p>\n","protected":false},"author":1,"featured_media":1571,"comment_status":"closed","ping_status":"open","sticky":false,"template":"","format":"standard","meta":{"footnotes":""},"categories":[1],"tags":[],"class_list":["post-1572","post","type-post","status-publish","format-standard","has-post-thumbnail","hentry","category-uncategorized"],"_links":{"self":[{"href":"https:\/\/dobrezrodla.com\/index.php?rest_route=\/wp\/v2\/posts\/1572","targetHints":{"allow":["GET"]}}],"collection":[{"href":"https:\/\/dobrezrodla.com\/index.php?rest_route=\/wp\/v2\/posts"}],"about":[{"href":"https:\/\/dobrezrodla.com\/index.php?rest_route=\/wp\/v2\/types\/post"}],"author":[{"embeddable":true,"href":"https:\/\/dobrezrodla.com\/index.php?rest_route=\/wp\/v2\/users\/1"}],"replies":[{"embeddable":true,"href":"https:\/\/dobrezrodla.com\/index.php?rest_route=%2Fwp%2Fv2%2Fcomments&post=1572"}],"version-history":[{"count":1,"href":"https:\/\/dobrezrodla.com\/index.php?rest_route=\/wp\/v2\/posts\/1572\/revisions"}],"predecessor-version":[{"id":1573,"href":"https:\/\/dobrezrodla.com\/index.php?rest_route=\/wp\/v2\/posts\/1572\/revisions\/1573"}],"wp:featuredmedia":[{"embeddable":true,"href":"https:\/\/dobrezrodla.com\/index.php?rest_route=\/wp\/v2\/media\/1571"}],"wp:attachment":[{"href":"https:\/\/dobrezrodla.com\/index.php?rest_route=%2Fwp%2Fv2%2Fmedia&parent=1572"}],"wp:term":[{"taxonomy":"category","embeddable":true,"href":"https:\/\/dobrezrodla.com\/index.php?rest_route=%2Fwp%2Fv2%2Fcategories&post=1572"},{"taxonomy":"post_tag","embeddable":true,"href":"https:\/\/dobrezrodla.com\/index.php?rest_route=%2Fwp%2Fv2%2Ftags&post=1572"}],"curies":[{"name":"wp","href":"https:\/\/api.w.org\/{rel}","templated":true}]}}