{"id":1575,"date":"2025-07-17T18:10:36","date_gmt":"2025-07-17T18:10:36","guid":{"rendered":"https:\/\/dobrezrodla.com\/?p=1575"},"modified":"2025-07-17T18:10:36","modified_gmt":"2025-07-17T18:10:36","slug":"motivul-pentru-care-brigitte-nu-poate-divorta-de-emmanuel-macron-nu-va-pleca-nicaieri-nu-cat-timp-inca-filmeaza-camerele","status":"publish","type":"post","link":"https:\/\/dobrezrodla.com\/?p=1575","title":{"rendered":"Motivul pentru care Brigitte nu poate divor\u021ba de Emmanuel Macron Nu va pleca nic\u0103ieri. Nu c\u00e2t timp \u00eenc\u0103 filmeaz\u0103 camerele"},"content":{"rendered":"<p>C\u0103s\u0103toria dintre Emmanuel \u0219i Brigitte Macron revine \u00een aten\u021bia opiniei publice, dup\u0103 ce au ap\u0103rut zvonuri privind existen\u021ba unui acord discret care ar \u00eempiedica Prima Doamn\u0103 a Fran\u021bei s\u0103 pun\u0103 cap\u0103t oficial rela\u021biei \u00eenainte de finalul actualului mandat preziden\u021bial.<\/p>\n<p>De\u0219i din exterior totul pare \u00een regul\u0103 \u00eentre cei doi, surse apropiate Palatului \u00c9lys\u00e9e sus\u021bin c\u0103 mariajul celor doi este supus unui pact strategic. Acesta ar avea ca scop men\u021binerea unei imagini favorabile pentru pre\u0219edinte \u0219i asigurarea unei aparente stabilit\u0103\u021bi politice. Conform acestor informa\u021bii, Brigitte nu va cere divor\u021bul p\u00e2n\u0103 \u00een anul 2027, c\u00e2nd se va \u00eencheia al doilea mandat al lui Emmanuel Macron.<\/p>\n<p>Motivele pentru care Brigitte nu ar putea divor\u021ba \u00eenainte de 2027<\/p>\n<p>Ajuns\u0103 la v\u00e2rsta de 72 de ani, Brigitte Macron este considerat\u0103 femeia al\u0103turi de care pre\u0219edintele Fran\u021bei \u0219i-a petrecut mai bine de trei decenii. Cei doi au o diferen\u021b\u0103 de v\u00e2rst\u0103 de 24 de ani \u0219i o rela\u021bie care a \u00eenceput \u00een adolescen\u021ba lui Emmanuel, c\u00e2nd el avea doar 15 ani \u0219i era elevul ei.<\/p>\n<p>Aceast\u0103 diferen\u021b\u0103, precum \u0219i natura rela\u021biei lor, au fost criticate intens \u00eenc\u0103 de la \u00eenceput. \u201cLa 17 ani, Emmanuel mi-a spus: \u00abIndiferent ce se \u00eent\u00e2mpl\u0103, eu m\u0103 voi c\u0103s\u0103tori cu tine\u00bb\u201d, a declarat Brigitte \u00een trecut. \u0218i a\u0219a s-a \u00eent\u00e2mplat: cei doi s-au c\u0103s\u0103torit \u00een 2007, dup\u0103 ce Brigitte a divor\u021bat de primul so\u021b. Totu\u0219i, \u00een prezent, c\u0103snicia lor pare s\u0103 treac\u0103 printr-o perioad\u0103 dificil\u0103, iar dac\u0103 zvonurile se confirm\u0103, cei doi r\u0103m\u00e2n \u00eempreun\u0103 din ra\u021biuni mai degrab\u0103 politice dec\u00e2t personale.<\/p>\n<p>Se vehiculeaz\u0103 ideea c\u0103 rela\u021bia lor este ghidat\u0103 de un acord tacit, menit s\u0103 protejeze imaginea pre\u0219edintelui \u0219i s\u0103 evite un scandal public. Brigitte ar fi decis s\u0103 nu fac\u0103 niciun pas oficial c\u00e2t timp camerele continu\u0103 s\u0103 filmeze, adic\u0103 p\u00e2n\u0103 la finalul actualului mandat preziden\u021bial.<\/p>\n<p>Cum stau \u00een realitate lucrurile \u00eentre Emmanuel \u0219i Brigitte Macron<\/p>\n<p>Cei doi s-au c\u0103s\u0103torit \u00een urm\u0103 cu aproape dou\u0103 decenii, dup\u0103 13 ani de rela\u021bie. Brigitte l-a sus\u021binut pe so\u021bul ei \u00eenc\u0103 din momentul intr\u0103rii acestuia \u00een via\u021ba politic\u0103 \u0219i a fost un sprijin constant de-a lungul celor dou\u0103 mandate preziden\u021biale. La Palatul \u00c9lys\u00e9e, ea a jucat un rol activ \u00een proiectele publice \u0219i sociale.<\/p>\n<p>Totu\u0219i, \u00een ultimele luni, unele apari\u021bii publice ale cuplului au dat de \u00een\u021beles c\u0103 rela\u021bia nu mai este la fel de cald\u0103. Unele gesturi ale Primei Doamne, \u00een care pare s\u0103 evite contactul afectiv cu pre\u0219edintele, au alimentat suspiciunile privind o criz\u0103 conjugal\u0103. Se speculeaz\u0103 c\u0103 o eventual\u0103 desp\u0103r\u021bire este am\u00e2nat\u0103 p\u00e2n\u0103 la \u00eencheierea mandatului, pentru a nu afecta imaginea preziden\u021bial\u0103.<\/p>\n<p>Astfel, mariajul dintre Emmanuel \u0219i Brigitte Macron pare s\u0103 func\u021bioneze, \u00een aceast\u0103 etap\u0103, mai degrab\u0103 ca o colaborare politic\u0103 dec\u00e2t ca o rela\u021bie sentimental\u0103 autentic\u0103.<\/p>\n<p>\u201cEa \u00ee\u0219i cunoa\u0219te rolul. Cunoa\u0219te consecin\u021bele. \u0218tie cum se va desf\u0103\u0219ura acest lucru. Nu este dragoste. Este mo\u0219tenire\u201d, a mai transmis sursa<\/p>\n","protected":false},"excerpt":{"rendered":"<p>C\u0103s\u0103toria dintre Emmanuel \u0219i Brigitte Macron revine \u00een aten\u021bia opiniei publice, dup\u0103 ce au ap\u0103rut zvonuri privind existen\u021ba unui acord discret care ar \u00eempiedica Prima Doamn\u0103 a Fran\u021bei s\u0103 pun\u0103 cap\u0103t oficial rela\u021biei \u00eenainte de finalul actualului mandat preziden\u021bial. De\u0219i din exterior totul pare \u00een regul\u0103 \u00eentre cei doi, surse apropiate Palatului \u00c9lys\u00e9e sus\u021bin c\u0103 &#8230; <a title=\"Motivul pentru care Brigitte nu poate divor\u021ba de Emmanuel Macron Nu va pleca nic\u0103ieri. Nu c\u00e2t timp \u00eenc\u0103 filmeaz\u0103 camerele\" class=\"read-more\" href=\"https:\/\/dobrezrodla.com\/?p=1575\" aria-label=\"Read more about Motivul pentru care Brigitte nu poate divor\u021ba de Emmanuel Macron Nu va pleca nic\u0103ieri. Nu c\u00e2t timp \u00eenc\u0103 filmeaz\u0103 camerele\">Read more<\/a><\/p>\n","protected":false},"author":1,"featured_media":1574,"comment_status":"closed","ping_status":"open","sticky":false,"template":"","format":"standard","meta":{"footnotes":""},"categories":[1],"tags":[],"class_list":["post-1575","post","type-post","status-publish","format-standard","has-post-thumbnail","hentry","category-uncategorized"],"_links":{"self":[{"href":"https:\/\/dobrezrodla.com\/index.php?rest_route=\/wp\/v2\/posts\/1575","targetHints":{"allow":["GET"]}}],"collection":[{"href":"https:\/\/dobrezrodla.com\/index.php?rest_route=\/wp\/v2\/posts"}],"about":[{"href":"https:\/\/dobrezrodla.com\/index.php?rest_route=\/wp\/v2\/types\/post"}],"author":[{"embeddable":true,"href":"https:\/\/dobrezrodla.com\/index.php?rest_route=\/wp\/v2\/users\/1"}],"replies":[{"embeddable":true,"href":"https:\/\/dobrezrodla.com\/index.php?rest_route=%2Fwp%2Fv2%2Fcomments&post=1575"}],"version-history":[{"count":1,"href":"https:\/\/dobrezrodla.com\/index.php?rest_route=\/wp\/v2\/posts\/1575\/revisions"}],"predecessor-version":[{"id":1576,"href":"https:\/\/dobrezrodla.com\/index.php?rest_route=\/wp\/v2\/posts\/1575\/revisions\/1576"}],"wp:featuredmedia":[{"embeddable":true,"href":"https:\/\/dobrezrodla.com\/index.php?rest_route=\/wp\/v2\/media\/1574"}],"wp:attachment":[{"href":"https:\/\/dobrezrodla.com\/index.php?rest_route=%2Fwp%2Fv2%2Fmedia&parent=1575"}],"wp:term":[{"taxonomy":"category","embeddable":true,"href":"https:\/\/dobrezrodla.com\/index.php?rest_route=%2Fwp%2Fv2%2Fcategories&post=1575"},{"taxonomy":"post_tag","embeddable":true,"href":"https:\/\/dobrezrodla.com\/index.php?rest_route=%2Fwp%2Fv2%2Ftags&post=1575"}],"curies":[{"name":"wp","href":"https:\/\/api.w.org\/{rel}","templated":true}]}}