{"id":15995,"date":"2026-02-02T12:41:56","date_gmt":"2026-02-02T12:41:56","guid":{"rendered":"https:\/\/dobrezrodla.com\/?p=15995"},"modified":"2026-02-02T12:41:56","modified_gmt":"2026-02-02T12:41:56","slug":"juz-sie-zaczelo-wiadomo-co-chce-zrobic-pelczynska-nalecz-tusk-musi-sie-przygotowac","status":"publish","type":"post","link":"https:\/\/dobrezrodla.com\/?p=15995","title":{"rendered":"Ju\u017c si\u0119 zacz\u0119\u0142o. Wiadomo co chce zrobi\u0107 Pe\u0142czy\u0144ska-Na\u0142\u0119cz, Tusk musi si\u0119 przygotowa\u0107"},"content":{"rendered":"\n<p>Nowa przewodnicz\u0105ca Polski 2050, Katarzyna Pe\u0142czy\u0144ska-Na\u0142\u0119cz, zapowiada nowe cele partii, oraz rozmowy z liderami partii koalicyjnych, w tym z premierem Donaldem Tuskiem. Tematem spotka\u0144 ma by\u0107 przysz\u0142o\u015b\u0107 wsp\u00f3\u0142pracy rz\u0105dz\u0105cej koalicji i rola Polski 2050 w obecnym uk\u0142adzie politycznym.&nbsp;<\/p>\n\n\n\n<ul class=\"wp-block-list\">\n<li>Nowa przewodnicz\u0105ca Polski 2050<\/li>\n\n\n\n<li>Dalsze dzia\u0142ania w koalicji<\/li>\n\n\n\n<li>Priorytety Polski 2050<\/li>\n\n\n\n<li>Czy w ko\u0144cu porozmawia z Tuskiem?<\/li>\n<\/ul>\n\n\n\n<h2 class=\"wp-block-heading\">Nowa przewodnicz\u0105ca Polski 2050<\/h2>\n\n\n\n<p>Katarzyna Pe\u0142czy\u0144ska-Na\u0142\u0119cz zosta\u0142a wybrana now\u0105 przewodnicz\u0105c\u0105 ugrupowania Polska 2050 podczas sobotniego g\u0142osowania wewn\u0105trzpartyjnego. Przypomnijmy wyb\u00f3r nowej liderki partii mia\u0142 nast\u0105pi\u0107 ju\u017c 12 stycznia, jednak przez problemy techniczne g\u0142osowanie zosta\u0142o uniewa\u017cnione. 31 stycznia zosta\u0142a przeprowadzona ponownie druga tura wybor\u00f3w, w kt\u00f3rej mierzy\u0142y si\u0119 Paulina Henning-Kloska i w\u0142a\u015bnie Katarzyna Pe\u0142czy\u0144ska Na\u0142\u0119cz.<\/p>\n\n\n\n<p>W drugiej turze zag\u0142osowa\u0142o 659 cz\u0142onk\u00f3w partii, to oznacza, \u017ce frekwencja wynosi\u0142a 94%. Katarzyna Pe\u0142czy\u0144ska Na\u0142\u0119cz uzyska\u0142a 350 g\u0142os\u00f3w, wyprzedzaj\u0105c tym samym swoj\u0105 rywalk\u0119, kt\u00f3ra zdoby\u0142a 309 g\u0142os\u00f3w. Nowa przewodnicz\u0105ca Polski 2050 nie czeka\u0142a zbyt d\u0142ugo i ju\u017c w niedziel\u0119 zamie\u015bci\u0142a na platfomie X wpis dotycz\u0105cy przysz\u0142o\u015bci ugrupowania.<\/p>\n\n\n\n<h2 class=\"wp-block-heading\">Dalsze dzia\u0142ania w koalicji<\/h2>\n\n\n\n<p>O\u015bwiadczenie dotyczy dalszej roli partii w rz\u0105dz\u0105cej koalicji.&nbsp;<\/p>\n\n\n\n<blockquote class=\"wp-block-quote is-layout-flow wp-block-quote-is-layout-flow\">\n<p>Polska 2050 jest odpowiedzialn\u0105 cz\u0119\u015bci\u0105 Koalicji 15 pa\u017adziernika. W tej koalicji b\u0119dziemy wierni naszym warto\u015bciom i zobowi\u0105zaniom wobec wyborc\u00f3w\u201d<\/p>\n\n\n\n<p>&nbsp;\u2014 napisa\u0142a Pe\u0142czy\u0144ska-Na\u0142\u0119cz na platformie X<\/p>\n<\/blockquote>\n\n\n\n<p>Przewodnicz\u0105ca podkre\u015bli\u0142a, \u017ce jej wyb\u00f3r odbiera jako mandat do dalszej pracy pracy programowej w ramach koalicji 15 pa\u017adziernika.<\/p>\n\n\n\n<blockquote class=\"wp-block-quote is-layout-flow wp-block-quote-is-layout-flow\">\n<p>Wczoraj ludzie&nbsp;<a href=\"https:\/\/twitter.com\/PL_2050?ref_src=twsrc%5Etfw\">@PL_2050<\/a>&nbsp;obdarzyli mnie zaufaniem wybieraj\u0105c na now\u0105 przewodnicz\u0105c\u0105 naszej partii. Dzi\u015b czas na oczywist\u0105, ale kluczow\u0105 deklaracj\u0119: Polska 2050 jest odpowiedzialn\u0105 cze\u015bci\u0105 K15X. W tej koalicji b\u0119dziemy wierni naszym warto\u015bciom i zobowi\u0105zaniom wobec wyborc\u00f3w.<\/p>\n\n\n\n<p>Nasz\u2026<\/p>\n\n\n\n<p>\u2014 Katarzyna Pe\u0142czy\u0144ska (@Kpelczynska)&nbsp;<a href=\"https:\/\/twitter.com\/Kpelczynska\/status\/2017995953391747300?ref_src=twsrc%5Etfw\">February 1, 2026<\/a><\/p>\n<\/blockquote>\n\n\n\n<h2 class=\"wp-block-heading\">Priorytety Polski 2050<\/h2>\n\n\n\n<p>Katarzyna Pe\u0142czy\u0144ska-Na\u0142\u0119cz wymieni\u0142a te\u017c priorytety, kt\u00f3re Polska 2050 chce realizowa\u0107 w ramach wsp\u00f3\u0142pracy z partnerami koalicyjnymi.&nbsp;<strong>W\u015br\u00f3d wymienionych przez ni\u0105 cel\u00f3w znalaz\u0142y si\u0119 m.in.: sprawiedliwy system podatkowy, gospodarka oparta na innowacjach, zmiany w polityce mieszkaniowej, kt\u00f3re maj\u0105 pozwoli\u0107 ich wi\u0119ksz\u0105 dost\u0119pno\u015b\u0107 dla obywateli. Pe\u0142czy\u0144ska-Na\u0142\u0119cz podkre\u015bli\u0142a te\u017c, \u017ce zadba o rozw\u00f3j Polski lokalnej, nie tylko du\u017cych miast.&nbsp;<\/strong><\/p>\n\n\n\n<p>Pe\u0142czy\u0144ska-Na\u0142\u0119cz zadeklarowa\u0142a, \u017ce jej ugrupowanie b\u0119dzie konsekwentnie zabiega\u0142o o realizacj\u0119 tych postulat\u00f3w w ramach rz\u0105dowych prac legislacyjnych i programowych. Jej o\u015bwiadczenie daje do zrozumienia, \u017ce Polska 2050 chce aktywnie uczestniczy\u0107 w podejmowaniu decyzji wp\u0142ywaj\u0105cych na polityk\u0119 publiczn\u0105, zachowuj\u0105c jednocze\u015bnie lojalno\u015b\u0107 wobec koalicji rz\u0105dz\u0105cej.<\/p>\n\n\n\n<h2 class=\"wp-block-heading\">Czy w ko\u0144cu porozmawia z Tuskiem?<\/h2>\n\n\n\n<p>Szefowa Ministerstwa Funduszy i Polityki Regionalnej poinformowa\u0142a, \u017ce w najbli\u017cszym czasie planuje seri\u0119 spotka\u0144 z liderami ugrupowa\u0144 tworz\u0105cych koalicj\u0119 rz\u0105dz\u0105c\u0105. G\u0142\u00f3wnym celem tych rozm\u00f3w ma by\u0107 om\u00f3wienie \u201edalszej dobrej wsp\u00f3\u0142pracy\u201d oraz roli Polski 2050 w obecnym uk\u0142adzie politycznym.&nbsp;<\/p>\n\n\n\n<p>Koalicj\u0119 rz\u0105dz\u0105c\u0105 tworz\u0105 obecnie cztery kluby parlamentarne: Koalicja Obywatelska, Polskie Stronnictwo Ludowe, Polska 2050 oraz Lewica. Pe\u0142czy\u0144ska-Na\u0142\u0119cz podkre\u015bli\u0142a, \u017ce Polska 2050 pozostaje odpowiedzialnym partnerem i nie zamierza zrywa\u0107 wsp\u00f3\u0142pracy z rz\u0105dem. Ta deklaracja ma kluczowe znaczenie w kontek\u015bcie ewentualnych rozm\u00f3w z premierem Donaldem Tuskiem. Katarzyna Pe\u0142czy\u0144ska-Na\u0142\u0119cz wspomina\u0142a kilkukrotnie w mediach, \u017ce mimo pr\u00f3\u015bb o spotkanie z premierem nie dosz\u0142o do niego, pomimo usilnych stara\u0144 przez trzy miesi\u0105ce.&nbsp;<\/p>\n\n\n\n<p>Obj\u0119cie stanowiska przewodnicz\u0105cej mo\u017ce stanowczo zwi\u0119kszy\u0107 szanse na inny ton rozm\u00f3w liderki Polski 2050 z premierem.<\/p>\n","protected":false},"excerpt":{"rendered":"<p>Nowa przewodnicz\u0105ca Polski 2050, Katarzyna Pe\u0142czy\u0144ska-Na\u0142\u0119cz, zapowiada nowe cele partii, oraz rozmowy z liderami partii koalicyjnych, w tym z premierem Donaldem Tuskiem. Tematem spotka\u0144 ma by\u0107 przysz\u0142o\u015b\u0107 wsp\u00f3\u0142pracy rz\u0105dz\u0105cej koalicji i rola Polski 2050 w obecnym uk\u0142adzie politycznym.&nbsp; Nowa przewodnicz\u0105ca Polski 2050 Katarzyna Pe\u0142czy\u0144ska-Na\u0142\u0119cz zosta\u0142a wybrana now\u0105 przewodnicz\u0105c\u0105 ugrupowania Polska 2050 podczas sobotniego g\u0142osowania wewn\u0105trzpartyjnego. &#8230; <a title=\"Ju\u017c si\u0119 zacz\u0119\u0142o. Wiadomo co chce zrobi\u0107 Pe\u0142czy\u0144ska-Na\u0142\u0119cz, Tusk musi si\u0119 przygotowa\u0107\" class=\"read-more\" href=\"https:\/\/dobrezrodla.com\/?p=15995\" aria-label=\"Read more about Ju\u017c si\u0119 zacz\u0119\u0142o. Wiadomo co chce zrobi\u0107 Pe\u0142czy\u0144ska-Na\u0142\u0119cz, Tusk musi si\u0119 przygotowa\u0107\">Read more<\/a><\/p>\n","protected":false},"author":1,"featured_media":0,"comment_status":"open","ping_status":"open","sticky":false,"template":"","format":"standard","meta":{"footnotes":""},"categories":[1],"tags":[],"class_list":["post-15995","post","type-post","status-publish","format-standard","hentry","category-uncategorized"],"_links":{"self":[{"href":"https:\/\/dobrezrodla.com\/index.php?rest_route=\/wp\/v2\/posts\/15995","targetHints":{"allow":["GET"]}}],"collection":[{"href":"https:\/\/dobrezrodla.com\/index.php?rest_route=\/wp\/v2\/posts"}],"about":[{"href":"https:\/\/dobrezrodla.com\/index.php?rest_route=\/wp\/v2\/types\/post"}],"author":[{"embeddable":true,"href":"https:\/\/dobrezrodla.com\/index.php?rest_route=\/wp\/v2\/users\/1"}],"replies":[{"embeddable":true,"href":"https:\/\/dobrezrodla.com\/index.php?rest_route=%2Fwp%2Fv2%2Fcomments&post=15995"}],"version-history":[{"count":1,"href":"https:\/\/dobrezrodla.com\/index.php?rest_route=\/wp\/v2\/posts\/15995\/revisions"}],"predecessor-version":[{"id":15996,"href":"https:\/\/dobrezrodla.com\/index.php?rest_route=\/wp\/v2\/posts\/15995\/revisions\/15996"}],"wp:attachment":[{"href":"https:\/\/dobrezrodla.com\/index.php?rest_route=%2Fwp%2Fv2%2Fmedia&parent=15995"}],"wp:term":[{"taxonomy":"category","embeddable":true,"href":"https:\/\/dobrezrodla.com\/index.php?rest_route=%2Fwp%2Fv2%2Fcategories&post=15995"},{"taxonomy":"post_tag","embeddable":true,"href":"https:\/\/dobrezrodla.com\/index.php?rest_route=%2Fwp%2Fv2%2Ftags&post=15995"}],"curies":[{"name":"wp","href":"https:\/\/api.w.org\/{rel}","templated":true}]}}