{"id":1601,"date":"2025-07-18T04:20:51","date_gmt":"2025-07-18T04:20:51","guid":{"rendered":"https:\/\/dobrezrodla.com\/?p=1601"},"modified":"2025-07-18T04:20:51","modified_gmt":"2025-07-18T04:20:51","slug":"dezvaluiri-despre-trecutul-sentimental-al-lui-nicusor-dan-fosta-iubita-cu-care-pastreaza-legatura-si-acum-desi-traieste-alaturi-de-mirabela-gradinaru","status":"publish","type":"post","link":"https:\/\/dobrezrodla.com\/?p=1601","title":{"rendered":"Dezv\u0103luiri despre trecutul sentimental al lui Nicu\u0219or Dan. Fosta iubit\u0103 cu care p\u0103streaz\u0103 leg\u0103tura \u0219i acum de\u0219i tr\u0103ie\u0219te al\u0103turi de Mirabela Gr\u0103dinaru"},"content":{"rendered":"<p>Nicu\u0219or Dan, actualul pre\u0219edinte al Rom\u00e2niei, tr\u0103ie\u0219te de peste dou\u0103 decenii o frumoas\u0103 poveste de dragoste al\u0103turi de Mirabela Gr\u0103dinaru, femeia care i-a d\u0103ruit doi copii \u2013 pe Aheea, \u00een v\u00e2rst\u0103 de 9 ani, \u0219i pe micu\u021bul Antim, care are doar 3 ani. De\u0219i sunt \u00eempreun\u0103 de mai bine de 20 de ani \u0219i formeaz\u0103 ast\u0103zi unul dintre cele mai discrete cupluri de pe scena public\u0103, pu\u021bini \u0219tiu c\u0103 \u00eenainte de a o \u00eent\u00e2lni pe actuala Prim\u0103 Doamn\u0103, Nicu\u0219or Dan a avut o rela\u021bie important\u0103 cu o alt\u0103 femeie.<\/p>\n<p>Despre aceast\u0103 leg\u0103tur\u0103, \u021binut\u0103 departe de ochii presei, a vorbit chiar unchiul s\u0103u, Ioan Barbu, \u00eentr-un interviu oferit recent jurnali\u0219tilor de la \u201eFANATIK\u201d. Potrivit acestuia, rela\u021bia ar fi \u00eenceput \u00een perioada \u00een care Nicu\u0219or Dan se afla la studii \u00een Fran\u021ba, \u00eentre 1992 \u0219i 1998, c\u00e2nd era student la prestigioasa \u00c9cole Normale Sup\u00e9rieure.<\/p>\n<p>\u201eA fost cu ea toat\u0103 perioada aceea. Se viziteaz\u0103 \u0219i acum, au r\u0103mas prieteni. Ea e c\u0103s\u0103torit\u0103 acum cu un olandez \u0219i are trei fete\u201d, a povestit Ioan Barbu, unchiul lui Nicu\u0219or Dan, rememor\u00e2nd cu afec\u021biune acea perioad\u0103 din tinere\u021bea nepotului s\u0103u. Conform acestuia, femeia era o rom\u00e2nc\u0103 stabilit\u0103 la r\u00e2ndul ei \u00een Fran\u021ba, cu care Nicu\u0219or Dan a tr\u0103it o rela\u021bie serioas\u0103 pe durata studiilor.<\/p>\n<p>Dup\u0103 \u00eentoarcerea \u00een Rom\u00e2nia, drumurile lor s-au desp\u0103r\u021bit oficial, dar prietenia s-a p\u0103strat intact\u0103 de-a lungul anilor. Se pare c\u0103 cei doi au r\u0103mas \u00een leg\u0103tur\u0103 chiar \u0219i ast\u0103zi \u0219i nu ezit\u0103 s\u0103 se viziteze atunci c\u00e2nd timpul le permite. O dovad\u0103, spun apropia\u021bii, a faptului c\u0103 leg\u0103turile sincere din tinere\u021be pot r\u0103m\u00e2ne neatinse de trecerea timpului.<\/p>\n<p>Despre perioada petrecut\u0103 \u00een Fran\u021ba, Nicu\u0219or Dan a vorbit \u0219i el, cu o sinceritate dezarmant\u0103, \u00eentr-un interviu acordat revistei \u201eDilema Veche\u201d, unde a recunoscut c\u0103, pe l\u00e2ng\u0103 rela\u021bia cu rom\u00e2nca respectiv\u0103, a avut \u0219i c\u00e2teva leg\u0103turi pasagere cu fran\u021buzoaice. Cu un umor discret, a descris aceste experien\u021be drept \u201eprevizibile\u201d, subliniind c\u0103 a sim\u021bit mereu c\u0103 \u00eei lipsea acel \u201ejoc al seduc\u021biei\u201d pe care \u00eel \u00een\u021belegea altfel.<\/p>\n<p>\u201eAm avut c\u00e2teva rela\u021bii cu fran\u021buzoaice. Toate, previzibile de la \u00eenceput p\u00e2n\u0103 la sf\u00e2r\u0219it. Luau din mine partea de a\u0219a cum trebuie, iar originalitatea, nebunia, alunecau undeva \u00een gol. Cel mai frustrant era c\u0103 jocul seduc\u021biei nu avea complicitatea partenerilor pe care o \u0219tiam, era complet explicit\u201d, m\u0103rturisea Nicu\u0219or Dan cu o franche\u021be rar \u00eent\u00e2lnit\u0103 la un om politic.<\/p>\n<p>Totu\u0219i, adev\u0103rata poveste de dragoste a \u00eenceput c\u00e2\u021biva ani mai t\u00e2rziu, c\u00e2nd Nicu\u0219or Dan s-a \u00eentors \u00een \u021bar\u0103 \u0219i a cunoscut-o pe Mirabela Gr\u0103dinaru la Bucure\u0219ti. Cei doi s-au \u00eent\u00e2lnit \u00een 2005, \u00eentr-un club, pe vremea c\u00e2nd Mirabela era student\u0103 la Facultatea de Geografie a Universit\u0103\u021bii Bucure\u0219ti. Originar\u0103 din Vaslui, Mirabela a ales Capitala pentru a-\u0219i construi o carier\u0103, dar destinul i-a adus al\u0103turi de Nicu\u0219or Dan o poveste care dureaz\u0103 de aproape 20 de ani.<\/p>\n<p>Ast\u0103zi, Mirabela este nu doar partenerul de via\u021b\u0103 al pre\u0219edintelui, ci \u0219i sprijinul s\u0103u constant, inclusiv \u00een via\u021ba public\u0103. Este prezent\u0103 discret la evenimente oficiale, dar este apreciat\u0103 pentru naturale\u021bea \u0219i modestia cu care \u00ee\u0219i sus\u021bine so\u021bul din umbr\u0103.<\/p>\n<p>Povestea rela\u021biei pe care Nicu\u0219or Dan a avut-o \u00een Fran\u021ba \u0219i pe care a ales s\u0103 o p\u0103streze la nivelul unei prietenii demonstreaz\u0103 discre\u021bia \u0219i respectul cu care trateaz\u0103 oamenii importan\u021bi din via\u021ba lui. Chiar \u0219i ast\u0103zi, c\u00e2nd se afl\u0103 \u00een cea mai \u00eenalt\u0103 func\u021bie din stat, fostul activist \u0219i actualul lider de la Cotroceni nu ezit\u0103 s\u0103 vorbeasc\u0103 sincer despre etapele care l-au format \u0219i despre valorile care i-au modelat drumul \u2013 inclusiv despre iubirile de alt\u0103dat\u0103.<\/p>\n","protected":false},"excerpt":{"rendered":"<p>Nicu\u0219or Dan, actualul pre\u0219edinte al Rom\u00e2niei, tr\u0103ie\u0219te de peste dou\u0103 decenii o frumoas\u0103 poveste de dragoste al\u0103turi de Mirabela Gr\u0103dinaru, femeia care i-a d\u0103ruit doi copii \u2013 pe Aheea, \u00een v\u00e2rst\u0103 de 9 ani, \u0219i pe micu\u021bul Antim, care are doar 3 ani. De\u0219i sunt \u00eempreun\u0103 de mai bine de 20 de ani \u0219i formeaz\u0103 &#8230; <a title=\"Dezv\u0103luiri despre trecutul sentimental al lui Nicu\u0219or Dan. Fosta iubit\u0103 cu care p\u0103streaz\u0103 leg\u0103tura \u0219i acum de\u0219i tr\u0103ie\u0219te al\u0103turi de Mirabela Gr\u0103dinaru\" class=\"read-more\" href=\"https:\/\/dobrezrodla.com\/?p=1601\" aria-label=\"Read more about Dezv\u0103luiri despre trecutul sentimental al lui Nicu\u0219or Dan. Fosta iubit\u0103 cu care p\u0103streaz\u0103 leg\u0103tura \u0219i acum de\u0219i tr\u0103ie\u0219te al\u0103turi de Mirabela Gr\u0103dinaru\">Read more<\/a><\/p>\n","protected":false},"author":1,"featured_media":1600,"comment_status":"closed","ping_status":"open","sticky":false,"template":"","format":"standard","meta":{"footnotes":""},"categories":[1],"tags":[],"class_list":["post-1601","post","type-post","status-publish","format-standard","has-post-thumbnail","hentry","category-uncategorized"],"_links":{"self":[{"href":"https:\/\/dobrezrodla.com\/index.php?rest_route=\/wp\/v2\/posts\/1601","targetHints":{"allow":["GET"]}}],"collection":[{"href":"https:\/\/dobrezrodla.com\/index.php?rest_route=\/wp\/v2\/posts"}],"about":[{"href":"https:\/\/dobrezrodla.com\/index.php?rest_route=\/wp\/v2\/types\/post"}],"author":[{"embeddable":true,"href":"https:\/\/dobrezrodla.com\/index.php?rest_route=\/wp\/v2\/users\/1"}],"replies":[{"embeddable":true,"href":"https:\/\/dobrezrodla.com\/index.php?rest_route=%2Fwp%2Fv2%2Fcomments&post=1601"}],"version-history":[{"count":1,"href":"https:\/\/dobrezrodla.com\/index.php?rest_route=\/wp\/v2\/posts\/1601\/revisions"}],"predecessor-version":[{"id":1602,"href":"https:\/\/dobrezrodla.com\/index.php?rest_route=\/wp\/v2\/posts\/1601\/revisions\/1602"}],"wp:featuredmedia":[{"embeddable":true,"href":"https:\/\/dobrezrodla.com\/index.php?rest_route=\/wp\/v2\/media\/1600"}],"wp:attachment":[{"href":"https:\/\/dobrezrodla.com\/index.php?rest_route=%2Fwp%2Fv2%2Fmedia&parent=1601"}],"wp:term":[{"taxonomy":"category","embeddable":true,"href":"https:\/\/dobrezrodla.com\/index.php?rest_route=%2Fwp%2Fv2%2Fcategories&post=1601"},{"taxonomy":"post_tag","embeddable":true,"href":"https:\/\/dobrezrodla.com\/index.php?rest_route=%2Fwp%2Fv2%2Ftags&post=1601"}],"curies":[{"name":"wp","href":"https:\/\/api.w.org\/{rel}","templated":true}]}}