{"id":16020,"date":"2026-02-02T18:37:56","date_gmt":"2026-02-02T18:37:56","guid":{"rendered":"https:\/\/dobrezrodla.com\/?p=16020"},"modified":"2026-02-02T18:37:57","modified_gmt":"2026-02-02T18:37:57","slug":"powazne-klopoty-tv-republika-w-tle-ryzyko-cofniecia-koncesji-i-problemy-finansowe","status":"publish","type":"post","link":"https:\/\/dobrezrodla.com\/?p=16020","title":{"rendered":"Powa\u017cne k\u0142opoty TV Republika. W tle ryzyko cofni\u0119cia koncesji i problemy finansowe \u2013"},"content":{"rendered":"\n<p>Sprawa op\u0142at koncesyjnych TV Republika wywo\u0142a\u0142a spore poruszenie w \u015brodowisku medialnym. Okaza\u0142o si\u0119, \u017ce stacja nie ui\u015bci\u0142a z g\u00f3ry nale\u017cnej op\u0142aty za nadawanie naziemne, mimo \u017ce zgodnie z zasadami powinna to zrobi\u0107 do pocz\u0105tku wrze\u015bnia. Zamiast jednorazowej rocznej raty nadawca zwr\u00f3ci\u0142 si\u0119 do Krajowej Rady Radiofonii i Telewizji z wnioskiem o mo\u017cliwo\u015b\u0107 regulowania nale\u017cno\u015bci w comiesi\u0119cznych transzach.<\/p>\n\n\n\n<p>Dziesi\u0119cioletnia koncesja naziemna TV Republika opiewa na kwot\u0119 17,85 mln z\u0142, co oznacza roczn\u0105 rat\u0119 w wysoko\u015bci 1,85 mln z\u0142. Cho\u0107 latem 2024 roku prezes stacji Tomasz Sakiewicz zapewnia\u0142 publicznie o terminowym uregulowaniu zobowi\u0105za\u0144, KRRiT potwierdzi\u0142a, \u017ce op\u0142ata zosta\u0142a wniesiona jedynie za okres do ko\u0144ca stycznia. Do zap\u0142aty pozosta\u0142o jeszcze ponad 900 tys. z\u0142 z drugiej raty.<\/p>\n\n\n\n<p>Wed\u0142ug regulatora nadawca z\u0142o\u017cy\u0142 formalny wniosek o roz\u0142o\u017cenie brakuj\u0105cej kwoty na mniejsze, miesi\u0119czne p\u0142atno\u015bci. By\u0142y przewodnicz\u0105cy KRRiT Witold Ko\u0142odziejski podkre\u015bla, \u017ce prawo dopuszcza tak\u0105 mo\u017cliwo\u015b\u0107, a podobne rozwi\u0105zania by\u0142y ju\u017c stosowane w przesz\u0142o\u015bci. Ostateczna decyzja w takich sprawach nale\u017cy jednak do ca\u0142ego sk\u0142adu Rady i zapada w drodze g\u0142osowania.<\/p>\n\n\n\n<p>Inni byli cz\u0142onkowie KRRiT zwracaj\u0105 uwag\u0119, \u017ce dotychczas z takiego trybu korzystali g\u0142\u00f3wnie mali nadawcy lokalni lub rozg\u0142o\u015bnie o trudnej sytuacji finansowej. Zdaniem Krzysztofa Lufta nie mo\u017cna wykluczy\u0107, \u017ce Republika znalaz\u0142a si\u0119 w\u0142a\u015bnie w podobnym po\u0142o\u017ceniu. Stacja musi bowiem jednocze\u015bnie ponosi\u0107 wysokie koszty emisji na MUX-8, op\u0142aty dla Emitela, koszty satelitarne, a tak\u017ce wydatki zwi\u0105zane z utrzymaniem zespo\u0142u i siedziby.<\/p>\n\n\n\n<p>Robert Kwiatkowski, by\u0142y cz\u0142onek KRRiT, ocenia sytuacj\u0119 znacznie ostrzej. Jego zdaniem wniosek o miesi\u0119czne raty jasno wskazuje na problemy z p\u0142ynno\u015bci\u0105 finansow\u0105 stacji. Skrytykowa\u0142 te\u017c sam pomys\u0142, ironicznie sugeruj\u0105c, \u017ce skoro nadawca chce p\u0142aci\u0107 co miesi\u0105c, m\u00f3g\u0142by r\u00f3wnie dobrze zaproponowa\u0107 raty tygodniowe czy dzienne. W jego ocenie koncesja jasno okre\u015bla roczny tryb op\u0142at, a niewywi\u0105zywanie si\u0119 z niego powinno skutkowa\u0107 naliczeniem odsetek lub nawet cofni\u0119ciem licencji.<\/p>\n\n\n\n<p>Sama TV Republika niech\u0119tnie komentuje spraw\u0119. Przedstawiciele stacji ograniczaj\u0105 si\u0119 do stwierdzenia, \u017ce po decyzji Wojew\u00f3dzkiego S\u0105du Administracyjnego b\u0119d\u0105 regulowa\u0107 op\u0142aty wy\u0142\u0105cznie za faktycznie wykorzystany okres koncesji. Przypomnijmy, \u017ce w kwietniu 2025 roku WSA uchyli\u0142 decyzj\u0119 koncesyjn\u0105 KRRiT dotycz\u0105c\u0105 Republiki i wPolsce24, jednak z\u0142o\u017cona kasacja pozwala stacjom nadal nadawa\u0107 do czasu rozstrzygni\u0119cia sprawy przez NSA.<\/p>\n\n\n\n<p>KRRiT nie podj\u0119\u0142a jeszcze ostatecznej decyzji w sprawie wniosku Republiki, domagaj\u0105c si\u0119 dodatkowych dokument\u00f3w finansowych. Byli cz\u0142onkowie Rady podnosz\u0105 jednak argument, \u017ce organ konstytucyjny powinien dzia\u0142a\u0107 w interesie pa\u0144stwa, a nie konkretnego nadawcy. Ich zdaniem ka\u017cda pr\u00f3ba elastycznego interpretowania zasad op\u0142at koncesyjnych podwa\u017ca r\u00f3wno\u015b\u0107 wobec prawa i wiarygodno\u015b\u0107 regulatora.<\/p>\n","protected":false},"excerpt":{"rendered":"<p>Sprawa op\u0142at koncesyjnych TV Republika wywo\u0142a\u0142a spore poruszenie w \u015brodowisku medialnym. Okaza\u0142o si\u0119, \u017ce stacja nie ui\u015bci\u0142a z g\u00f3ry nale\u017cnej op\u0142aty za nadawanie naziemne, mimo \u017ce zgodnie z zasadami powinna to zrobi\u0107 do pocz\u0105tku wrze\u015bnia. Zamiast jednorazowej rocznej raty nadawca zwr\u00f3ci\u0142 si\u0119 do Krajowej Rady Radiofonii i Telewizji z wnioskiem o mo\u017cliwo\u015b\u0107 regulowania nale\u017cno\u015bci w &#8230; <a title=\"Powa\u017cne k\u0142opoty TV Republika. W tle ryzyko cofni\u0119cia koncesji i problemy finansowe \u2013\" class=\"read-more\" href=\"https:\/\/dobrezrodla.com\/?p=16020\" aria-label=\"Read more about Powa\u017cne k\u0142opoty TV Republika. W tle ryzyko cofni\u0119cia koncesji i problemy finansowe \u2013\">Read more<\/a><\/p>\n","protected":false},"author":1,"featured_media":0,"comment_status":"open","ping_status":"open","sticky":false,"template":"","format":"standard","meta":{"footnotes":""},"categories":[1],"tags":[],"class_list":["post-16020","post","type-post","status-publish","format-standard","hentry","category-uncategorized"],"_links":{"self":[{"href":"https:\/\/dobrezrodla.com\/index.php?rest_route=\/wp\/v2\/posts\/16020","targetHints":{"allow":["GET"]}}],"collection":[{"href":"https:\/\/dobrezrodla.com\/index.php?rest_route=\/wp\/v2\/posts"}],"about":[{"href":"https:\/\/dobrezrodla.com\/index.php?rest_route=\/wp\/v2\/types\/post"}],"author":[{"embeddable":true,"href":"https:\/\/dobrezrodla.com\/index.php?rest_route=\/wp\/v2\/users\/1"}],"replies":[{"embeddable":true,"href":"https:\/\/dobrezrodla.com\/index.php?rest_route=%2Fwp%2Fv2%2Fcomments&post=16020"}],"version-history":[{"count":1,"href":"https:\/\/dobrezrodla.com\/index.php?rest_route=\/wp\/v2\/posts\/16020\/revisions"}],"predecessor-version":[{"id":16021,"href":"https:\/\/dobrezrodla.com\/index.php?rest_route=\/wp\/v2\/posts\/16020\/revisions\/16021"}],"wp:attachment":[{"href":"https:\/\/dobrezrodla.com\/index.php?rest_route=%2Fwp%2Fv2%2Fmedia&parent=16020"}],"wp:term":[{"taxonomy":"category","embeddable":true,"href":"https:\/\/dobrezrodla.com\/index.php?rest_route=%2Fwp%2Fv2%2Fcategories&post=16020"},{"taxonomy":"post_tag","embeddable":true,"href":"https:\/\/dobrezrodla.com\/index.php?rest_route=%2Fwp%2Fv2%2Ftags&post=16020"}],"curies":[{"name":"wp","href":"https:\/\/api.w.org\/{rel}","templated":true}]}}