{"id":16022,"date":"2026-02-02T18:38:58","date_gmt":"2026-02-02T18:38:58","guid":{"rendered":"https:\/\/dobrezrodla.com\/?p=16022"},"modified":"2026-02-02T18:38:58","modified_gmt":"2026-02-02T18:38:58","slug":"karol-nawrocki-czy-andrzej-duda-polacy-ocenili-kto-lepiej-wykonuje-obowiazki-prezydenta-360news","status":"publish","type":"post","link":"https:\/\/dobrezrodla.com\/?p=16022","title":{"rendered":"Karol Nawrocki czy Andrzej Duda. Polacy ocenili, kto lepiej wykonuje obowi\u0105zki prezydenta \u2013 360News"},"content":{"rendered":"\n<p>Anita Walczewska\/East News, Longfin Media\/Shutterstock<br>Najnowsze badanie opinii publicznej zrealizowane przez Instytut Pollster dla \u201eSuper Expressu\u201d zestawia dotychczasow\u0105 prac\u0119 urz\u0119duj\u0105cego prezydenta z ocen\u0105 jego poprzednika. Dane te rzucaj\u0105 nowe \u015bwiat\u0142o na postrzeganie najwa\u017cniejszego urz\u0119du w pa\u0144stwie i wykazuj\u0105 ciekawe r\u00f3\u017cnice w preferencjach Polak\u00f3w.<\/p>\n\n\n\n<p>Aktywny styl nowej prezydentury<br>Polacy ocenili efekty prac w sonda\u017cu<br>\u0179r\u00f3d\u0142a przewagi w oczach wyborc\u00f3w<br>Konflikt o wp\u0142yw na s\u0142u\u017cby i suwerenno\u015b\u0107<br>Aktywny styl nowej prezydentury<\/p>\n\n\n\n<p><br>Karol Nawrocki, sprawuj\u0105cy urz\u0105d od sierpnia 2025 roku, wprowadzi\u0142 do polskiej polityki now\u0105 dynamik\u0119 opart\u0105 na asertywno\u015bci i cz\u0119stym kontrowaniu dzia\u0142a\u0144 rz\u0105du. W ci\u0105gu pierwszych pi\u0119ciu miesi\u0119cy swojej prezydentury da\u0142 si\u0119 pozna\u0107 jako lider, kt\u00f3ry nie unika konfrontacji, regularnie wetuj\u0105c kluczowe ustawy dotycz\u0105ce medi\u00f3w, podatk\u00f3w czy ochrony najm\u0142odszych.\u00a0<\/p>\n\n\n\n<p>Jednocze\u015bnie prezydent aktywnie forsuje w\u0142asne inicjatywy ustawodawcze, k\u0142ad\u0105c nacisk na realizacj\u0119 pierwotnych za\u0142o\u017ce\u0144 Centralnego Portu Komunikacyjnego oraz zamro\u017cenie cen energii. Taka postawa buduje wizerunek aktywnej g\u0142owy pa\u0144stwa, kt\u00f3ra d\u0105\u017cy do posiadania realnego wp\u0142ywu na s\u0142u\u017cby specjalne oraz kszta\u0142towanie polityki regionalnej.<\/p>\n\n\n\n<p>Polacy ocenili efekty prac w sonda\u017cu<br>Badanie przeprowadzone przez Instytut Pollster na zlecenie \u201eSuper Expressu\u201d pokazuje, jak te dzia\u0142ania wp\u0142ywaj\u0105 na nastroje spo\u0142eczne. Wed\u0142ug sonda\u017cu zrealizowanego pod koniec stycznia 2026 roku, najwi\u0119ksza grupa ankietowanych, stanowi\u0105ca 36%, uwa\u017ca, \u017ce Karol Nawrocki wywi\u0105zuje si\u0119 ze swoich obowi\u0105zk\u00f3w tak samo dobrze jak jego poprzednik, Andrzej Duda.&nbsp;<\/p>\n\n\n\n<p>Co ciekawe, w bezpo\u015brednim por\u00f3wnaniu to urz\u0119duj\u0105cy prezydent zyska\u0142 przewag\u0119, poniewa\u017c 31% Polak\u00f3w ocenia go lepiej ni\u017c Dud\u0119. Na korzy\u015b\u0107 by\u0142ej g\u0142owy pa\u0144stwa opowiedzia\u0142o si\u0119 jedynie 22% respondent\u00f3w bior\u0105cych udzia\u0142 w ankiecie. Dane te sugeruj\u0105, \u017ce spo\u0142ecze\u0144stwo pozytywnie reaguje na zmian\u0119 w Pa\u0142acu Prezydenckim.<\/p>\n\n\n\n<p>Wzruszaj\u0105cy wpis Agnieszki Kaczorowskiej. Stwierdzi\u0142a, \u017ce jest \u201csp\u0142akana\u201d<br>Czytaj dalej<\/p>\n\n\n\n<p>Faustyna Martyniuk ujawni\u0142a prawd\u0119 o te\u015bciach. Nikt si\u0119 nie spodziewa\u0142<br>Czytaj dalej<br>\u0179r\u00f3d\u0142a przewagi w oczach wyborc\u00f3w<br>Eksperci analizuj\u0105cy wyniki wskazuj\u0105, \u017ce za sukcesem wizerunkowym Karola Nawrockiego stoi przede wszystkim szeroka baza poparcia, wykraczaj\u0105ca poza elektorat Prawa i Sprawiedliwo\u015bci. Politolog Sergiusz Trzeciak zauwa\u017ca, \u017ce prezydent zyska\u0142 przychylno\u015b\u0107 wyborc\u00f3w obu od\u0142am\u00f3w Konfederacji, co umacnia jego pozycj\u0119 na prawej stronie sceny politycznej.&nbsp;<\/p>\n\n\n\n<p>Ankietowani cz\u0119sto postrzegaj\u0105 go jako polityka bardziej samodzielnego i autonomicznego, co odr\u00f3\u017cnia go od wizerunku Andrzeja Dudy. Nale\u017cy jednak pami\u0119ta\u0107 o specyfice tego por\u00f3wnania, gdy\u017c trudno zestawia\u0107 osob\u0119 b\u0119d\u0105c\u0105 na pocz\u0105tku kadencji z politykiem, kt\u00f3ry sprawowa\u0142 w\u0142adz\u0119 przez dekad\u0119 i naturalnie zu\u017cy\u0142 sw\u00f3j kapita\u0142 polityczny.<\/p>\n\n\n\n<p>Konflikt o wp\u0142yw na s\u0142u\u017cby i suwerenno\u015b\u0107<br>Relacje na linii prezydent \u2013 rz\u0105d pozostaj\u0105 napi\u0119te, poniewa\u017c Karol Nawrocki domaga si\u0119 realnego wp\u0142ywu na s\u0142u\u017cby specjalne i wcze\u015bniejszych konsultacji ustaw. W swojej strategii k\u0142adzie on ogromny nacisk na suwerenno\u015b\u0107 pa\u0144stwow\u0105 oraz wzmacnianie pozycji Polski w regionie Europy \u015arodkowo-Wschodniej.&nbsp;<\/p>\n\n\n\n<p>Ta asertywna polityka zagraniczna oraz twarde negocjacje z koalicj\u0105 rz\u0105dz\u0105c\u0105 podobaj\u0105 si\u0119 cz\u0119\u015bci spo\u0142ecze\u0144stwa oczekuj\u0105cej silnego przyw\u00f3dztwa. Prezydent wyra\u017anie buduje sw\u00f3j autorytet na kontrowaniu inicjatyw rz\u0105du, co staje si\u0119 znakiem rozpoznawczym jego wczesnej prezydentury. Takie podej\u015bcie umacnia jego pozycj\u0119 lidera, kt\u00f3ry stawia interes narodowy ponad bie\u017c\u0105ce spory i kompromisy.<\/p>\n","protected":false},"excerpt":{"rendered":"<p>Anita Walczewska\/East News, Longfin Media\/ShutterstockNajnowsze badanie opinii publicznej zrealizowane przez Instytut Pollster dla \u201eSuper Expressu\u201d zestawia dotychczasow\u0105 prac\u0119 urz\u0119duj\u0105cego prezydenta z ocen\u0105 jego poprzednika. Dane te rzucaj\u0105 nowe \u015bwiat\u0142o na postrzeganie najwa\u017cniejszego urz\u0119du w pa\u0144stwie i wykazuj\u0105 ciekawe r\u00f3\u017cnice w preferencjach Polak\u00f3w. Aktywny styl nowej prezydenturyPolacy ocenili efekty prac w sonda\u017cu\u0179r\u00f3d\u0142a przewagi w oczach wyborc\u00f3wKonflikt &#8230; <a title=\"Karol Nawrocki czy Andrzej Duda. Polacy ocenili, kto lepiej wykonuje obowi\u0105zki prezydenta \u2013 360News\" class=\"read-more\" href=\"https:\/\/dobrezrodla.com\/?p=16022\" aria-label=\"Read more about Karol Nawrocki czy Andrzej Duda. Polacy ocenili, kto lepiej wykonuje obowi\u0105zki prezydenta \u2013 360News\">Read more<\/a><\/p>\n","protected":false},"author":1,"featured_media":0,"comment_status":"open","ping_status":"open","sticky":false,"template":"","format":"standard","meta":{"footnotes":""},"categories":[1],"tags":[],"class_list":["post-16022","post","type-post","status-publish","format-standard","hentry","category-uncategorized"],"_links":{"self":[{"href":"https:\/\/dobrezrodla.com\/index.php?rest_route=\/wp\/v2\/posts\/16022","targetHints":{"allow":["GET"]}}],"collection":[{"href":"https:\/\/dobrezrodla.com\/index.php?rest_route=\/wp\/v2\/posts"}],"about":[{"href":"https:\/\/dobrezrodla.com\/index.php?rest_route=\/wp\/v2\/types\/post"}],"author":[{"embeddable":true,"href":"https:\/\/dobrezrodla.com\/index.php?rest_route=\/wp\/v2\/users\/1"}],"replies":[{"embeddable":true,"href":"https:\/\/dobrezrodla.com\/index.php?rest_route=%2Fwp%2Fv2%2Fcomments&post=16022"}],"version-history":[{"count":1,"href":"https:\/\/dobrezrodla.com\/index.php?rest_route=\/wp\/v2\/posts\/16022\/revisions"}],"predecessor-version":[{"id":16023,"href":"https:\/\/dobrezrodla.com\/index.php?rest_route=\/wp\/v2\/posts\/16022\/revisions\/16023"}],"wp:attachment":[{"href":"https:\/\/dobrezrodla.com\/index.php?rest_route=%2Fwp%2Fv2%2Fmedia&parent=16022"}],"wp:term":[{"taxonomy":"category","embeddable":true,"href":"https:\/\/dobrezrodla.com\/index.php?rest_route=%2Fwp%2Fv2%2Fcategories&post=16022"},{"taxonomy":"post_tag","embeddable":true,"href":"https:\/\/dobrezrodla.com\/index.php?rest_route=%2Fwp%2Fv2%2Ftags&post=16022"}],"curies":[{"name":"wp","href":"https:\/\/api.w.org\/{rel}","templated":true}]}}