{"id":16029,"date":"2026-02-02T18:59:42","date_gmt":"2026-02-02T18:59:42","guid":{"rendered":"https:\/\/dobrezrodla.com\/?p=16029"},"modified":"2026-02-02T18:59:43","modified_gmt":"2026-02-02T18:59:43","slug":"pilna-narada-wszystkich-sluzb-tuz-po-zmroku-wiemy-co-sie-dzieje-2","status":"publish","type":"post","link":"https:\/\/dobrezrodla.com\/?p=16029","title":{"rendered":"Pilna narada wszystkich s\u0142u\u017cb tu\u017c po zmroku. Wiemy co si\u0119 dzieje"},"content":{"rendered":"\n<p>W Rz\u0105dowym Centrum Bezpiecze\u0144stwa odby\u0142a si\u0119 pilna narada z udzia\u0142em wszystkich kluczowych s\u0142u\u017cb. Pow\u00f3d? Nad Polsk\u0119 nadci\u0105gaj\u0105 arktyczne mrozy, a najbli\u017csza noc mo\u017ce okaza\u0107 si\u0119 najzimniejsz\u0105 tej zimy. S\u0142u\u017cby s\u0105 w pe\u0142nej gotowo\u015bci, a w\u0142adze ostrzegaj\u0105 przed realnym zagro\u017ceniem dla zdrowia i \u017cycia.<\/p>\n\n\n\n<ul class=\"wp-block-list\">\n<li>Alarm meteorologiczny i ekstremalne prognozy<\/li>\n\n\n\n<li>Narada w Rz\u0105dowym Centrum Bezpiecze\u0144stwa. Chodzi o mr\u00f3z<\/li>\n\n\n\n<li>Dzia\u0142ania s\u0142u\u017cb. Pomoc dla najbardziej nara\u017conych<\/li>\n<\/ul>\n\n\n\n<h2 class=\"wp-block-heading\">Alarm meteorologiczny i ekstremalne prognozy<\/h2>\n\n\n\n<p>Centralnym punktem poniedzia\u0142kowego alertu jest ostrze\u017cenie meteorologiczne przed nadci\u0105gaj\u0105c\u0105 fal\u0105 mroz\u00f3w. Wed\u0142ug najnowszych prognoz w nocy z niedzieli na poniedzia\u0142ek Polska znajdzie si\u0119 pod wp\u0142ywem intensywnej masy arktycznego powietrza, co sprawi, \u017ce temperatury spadn\u0105 do rekordowo niskich warto\u015bci. Najwi\u0119ksze zagro\u017cenie wyst\u0105pi w p\u00f3\u0142nocno-wschodniej i wschodniej cz\u0119\u015bci kraju, gdzie przy bezchmurnym niebie oraz s\u0142abym wietrze warunki sprzyjaj\u0105 szybkiemu wych\u0142adzaniu si\u0119 powietrza.<\/p>\n\n\n\n<p>Temperatura mo\u017ce spa\u015b\u0107 nawet do minus 29 stopni Celsjusza, a odczuwalna temperatura mo\u017ce si\u0119gn\u0105\u0107 nawet -36 do -38 stopni Celsjusza. Takie warto\u015bci oznaczaj\u0105, \u017ce mr\u00f3z b\u0119dzie mia\u0142 charakter ekstremalny i stwarza realne zagro\u017cenie dla zdrowia os\u00f3b przebywaj\u0105cych na zewn\u0105trz, zw\u0142aszcza je\u015bli nie s\u0105 odpowiednio chronione.<\/p>\n\n\n\n<p>W kolejnych dniach ch\u0142\u00f3d b\u0119dzie si\u0119 utrzymywa\u0142, szczeg\u00f3lnie w regionach wschodnich i p\u00f3\u0142nocnych, gdzie noce nadal mog\u0105 by\u0107 ekstremalnie zimne. Wed\u0142ug meteorolog\u00f3w, masy arktycznego powietrza wp\u0142ywaj\u0105 na prognozy pogody ju\u017c od kilku dni, a intensywno\u015b\u0107 aktualnej fali mrozu sprawia, \u017ce ostrze\u017cenia IMGW obejmuj\u0105 du\u017c\u0105 cz\u0119\u015b\u0107 kraju.<\/p>\n\n\n\n<p>W praktyce oznacza to, \u017ce wi\u0119kszo\u015b\u0107 region\u00f3w Polski b\u0119dzie dotkni\u0119ta niskimi temperaturami \u2013 od p\u00f3\u0142nocnego wschodu przez Mazowsze po Lubelszczyzn\u0119 i Pomorze, z r\u00f3\u017cnicami si\u0119gaj\u0105cymi nawet kilkunastu stopni mi\u0119dzy minimalnymi temperaturami w centrum a skrajnymi warto\u015bciami na p\u00f3\u0142nocnym wschodzie.<\/p>\n\n\n\n<h2 class=\"wp-block-heading\">Narada w Rz\u0105dowym Centrum Bezpiecze\u0144stwa. Chodzi o mr\u00f3z<\/h2>\n\n\n\n<p>W niedziel\u0119 wieczorem w Rz\u0105dowym Centrum Bezpiecze\u0144stwa zebra\u0142y si\u0119 s\u0142u\u017cby odpowiedzialne za bezpiecze\u0144stwo pa\u0144stwa, by om\u00f3wi\u0107 sytuacj\u0119 zwi\u0105zan\u0105 z nadci\u0105gaj\u0105c\u0105 fal\u0105 mroz\u00f3w, kt\u00f3re maj\u0105 obj\u0105\u0107 Polsk\u0119 w najbli\u017cszych godzinach. Spotkanie dotyczy\u0142o przede wszystkim spodziewanych ekstremalnych spadk\u00f3w temperatur i ich spo\u0142ecznych konsekwencji. W odprawie wzi\u0119li udzia\u0142 przedstawiciele kluczowych instytucji \u2013 wiceszef Ministerstwa Spraw Wewn\u0119trznych i Administracji Wies\u0142aw Szczepa\u0144ski, wojewodowie z r\u00f3\u017cnych region\u00f3w kraju, komendanci Policji i Pa\u0144stwowej Stra\u017cy Po\u017carnej, a tak\u017ce specjali\u015bci z Instytutu Meteorologii i Gospodarki Wodnej, Generalnej Dyrekcji Dr\u00f3g Krajowych i Autostrad, PKP Polskich Linii Kolejowych oraz W\u00f3d Polskich.<\/p>\n\n\n\n<blockquote class=\"wp-block-quote is-layout-flow wp-block-quote-is-layout-flow\">\n<p>Szacujemy, \u017ce w Suwa\u0142kach temperatura mo\u017ce spa\u015b\u0107 nawet do minus 29 stopni Celsjusza. Temperatura odczuwalna mo\u017ce wynie\u015b\u0107 od 36 do 38 stopni na minusie&nbsp;<\/p>\n\n\n\n<p>&#8211; M\u00f3wi\u0142 Wies\u0142aw Szczepa\u0144ski<\/p>\n<\/blockquote>\n\n\n\n<p>Podczas narady ostrze\u017cono, \u017ce z niedzieli na poniedzia\u0142ek Polska czeka &nbsp;\u201enajzimniejsza noc\u201d tej zimy, z wyj\u0105tkowo niskimi temperaturami, szczeg\u00f3lnie na p\u00f3\u0142nocnym wschodzie kraju. Wiceminister zaznaczy\u0142 te\u017c, tak zimna noc czeka nas jeszcze z poniedzia\u0142ku na wtorek.<\/p>\n\n\n\n<p>W obliczu tych ekstremalnych warunk\u00f3w w\u0142adze pa\u0144stwowe podj\u0119\u0142y zdecydowane dzia\u0142ania: ostrze\u017cenia pogodowe s\u0105 aktualizowane na bie\u017c\u0105co, a s\u0142u\u017cby s\u0105 gotowe do intensyfikacji pomocy osobom najbardziej zagro\u017conym wych\u0142odzeniem \u2013 w tym bezdomnym i osobom starszym. Apelowano te\u017c o zachowanie szczeg\u00f3lnej ostro\u017cno\u015bci \u2013 nie tylko w podr\u00f3\u017cy, ale w ka\u017cdej sytuacji, gdzie mr\u00f3z mo\u017ce stanowi\u0107 realne zagro\u017cenie dla \u017cycia.<\/p>\n\n\n\n<h2 class=\"wp-block-heading\">Dzia\u0142ania s\u0142u\u017cb. Pomoc dla najbardziej nara\u017conych<\/h2>\n\n\n\n<p>W zwi\u0105zku z ekstremalnymi temperaturami s\u0142u\u017cby podejmuj\u0105 si\u0119 intensyfikacji dzia\u0142a\u0144 pomocowych skierowanych przede wszystkim do os\u00f3b bezdomnych i najbardziej zagro\u017conych wych\u0142odzeniem. Obecnie oko\u0142o 8600 policjant\u00f3w wraz ze stra\u017cnikami miejskimi przeszukuj\u0105 pustostany, altanki dzia\u0142kowe oraz inne miejsca, w kt\u00f3rych mog\u0105 przebywa\u0107 osoby bezdomne, by przekonywa\u0107 je do skorzystania z ogrzewanych schronie\u0144 lub noclegowni.<\/p>\n\n\n\n<p>Wiceminister spraw wewn\u0119trznych i administracji przekaza\u0142 tak\u017ce, \u017ce \u201enamioty pomocowe w Warszawie i Radomiu b\u0119d\u0105 czynne ca\u0142odobowo\u201d \u2013 to odpowied\u017a na przewidywane ekstremalne warunki pogodowe, kt\u00f3re mog\u0105 by\u0107 szczeg\u00f3lnie niebezpieczne w godzinach nocnych. To dzia\u0142anie ma na celu zapewnienie tymczasowego schronienia osobom, kt\u00f3re ze wzgl\u0119du na brak mieszkania nie maj\u0105 jak si\u0119 ogrza\u0107.<\/p>\n","protected":false},"excerpt":{"rendered":"<p>W Rz\u0105dowym Centrum Bezpiecze\u0144stwa odby\u0142a si\u0119 pilna narada z udzia\u0142em wszystkich kluczowych s\u0142u\u017cb. Pow\u00f3d? Nad Polsk\u0119 nadci\u0105gaj\u0105 arktyczne mrozy, a najbli\u017csza noc mo\u017ce okaza\u0107 si\u0119 najzimniejsz\u0105 tej zimy. S\u0142u\u017cby s\u0105 w pe\u0142nej gotowo\u015bci, a w\u0142adze ostrzegaj\u0105 przed realnym zagro\u017ceniem dla zdrowia i \u017cycia. Alarm meteorologiczny i ekstremalne prognozy Centralnym punktem poniedzia\u0142kowego alertu jest ostrze\u017cenie meteorologiczne &#8230; <a title=\"Pilna narada wszystkich s\u0142u\u017cb tu\u017c po zmroku. Wiemy co si\u0119 dzieje\" class=\"read-more\" href=\"https:\/\/dobrezrodla.com\/?p=16029\" aria-label=\"Read more about Pilna narada wszystkich s\u0142u\u017cb tu\u017c po zmroku. Wiemy co si\u0119 dzieje\">Read more<\/a><\/p>\n","protected":false},"author":1,"featured_media":0,"comment_status":"open","ping_status":"open","sticky":false,"template":"","format":"standard","meta":{"footnotes":""},"categories":[1],"tags":[],"class_list":["post-16029","post","type-post","status-publish","format-standard","hentry","category-uncategorized"],"_links":{"self":[{"href":"https:\/\/dobrezrodla.com\/index.php?rest_route=\/wp\/v2\/posts\/16029","targetHints":{"allow":["GET"]}}],"collection":[{"href":"https:\/\/dobrezrodla.com\/index.php?rest_route=\/wp\/v2\/posts"}],"about":[{"href":"https:\/\/dobrezrodla.com\/index.php?rest_route=\/wp\/v2\/types\/post"}],"author":[{"embeddable":true,"href":"https:\/\/dobrezrodla.com\/index.php?rest_route=\/wp\/v2\/users\/1"}],"replies":[{"embeddable":true,"href":"https:\/\/dobrezrodla.com\/index.php?rest_route=%2Fwp%2Fv2%2Fcomments&post=16029"}],"version-history":[{"count":1,"href":"https:\/\/dobrezrodla.com\/index.php?rest_route=\/wp\/v2\/posts\/16029\/revisions"}],"predecessor-version":[{"id":16030,"href":"https:\/\/dobrezrodla.com\/index.php?rest_route=\/wp\/v2\/posts\/16029\/revisions\/16030"}],"wp:attachment":[{"href":"https:\/\/dobrezrodla.com\/index.php?rest_route=%2Fwp%2Fv2%2Fmedia&parent=16029"}],"wp:term":[{"taxonomy":"category","embeddable":true,"href":"https:\/\/dobrezrodla.com\/index.php?rest_route=%2Fwp%2Fv2%2Fcategories&post=16029"},{"taxonomy":"post_tag","embeddable":true,"href":"https:\/\/dobrezrodla.com\/index.php?rest_route=%2Fwp%2Fv2%2Ftags&post=16029"}],"curies":[{"name":"wp","href":"https:\/\/api.w.org\/{rel}","templated":true}]}}