{"id":16033,"date":"2026-02-02T19:02:03","date_gmt":"2026-02-02T19:02:03","guid":{"rendered":"https:\/\/dobrezrodla.com\/?p=16033"},"modified":"2026-02-02T19:02:04","modified_gmt":"2026-02-02T19:02:04","slug":"jaroslaw-kaczynski-pozostaje-pod-opieka-lekarzy-kulisy-hospitalizacji-lidera-opozycji","status":"publish","type":"post","link":"https:\/\/dobrezrodla.com\/?p=16033","title":{"rendered":"Jaros\u0142aw Kaczy\u0144ski pozostaje pod opiek\u0105 lekarzy. Kulisy hospitalizacji lidera opozycji"},"content":{"rendered":"\n<p>Jaros\u0142aw Kaczy\u0144ski wci\u0105\u017c przebywa w szpitalu, co uda\u0142o si\u0119 potwierdzi\u0107 w dw\u00f3ch niezale\u017cnych \u017ar\u00f3d\u0142ach bezpo\u015brednio zwi\u0105zanych z otoczeniem prezesa Prawa i Sprawiedliwo\u015bci. Cho\u0107 pierwotne zapowiedzi polityk\u00f3w sugerowa\u0142y szybki powr\u00f3t do domu, hospitalizacja lidera partii uleg\u0142a niespodziewanemu przed\u0142u\u017ceniu.<\/p>\n\n\n\n<ul class=\"wp-block-list\">\n<li>Hospitalizacja po intensywnym obje\u017adzie<\/li>\n\n\n\n<li>Praca w trybie zdalnym<\/li>\n\n\n\n<li>Przetasowania w kalendarzu wydarze\u0144<\/li>\n\n\n\n<li>Kuluary pe\u0142ne pyta\u0144 o przysz\u0142o\u015b\u0107<\/li>\n<\/ul>\n\n\n\n<h2 class=\"wp-block-heading\">Hospitalizacja po intensywnym obje\u017adzie<\/h2>\n\n\n\n<p>Lider najwi\u0119kszej partii opozycyjnej trafi\u0142 do plac\u00f3wki medycznej 28 stycznia, tu\u017c po intensywnej serii spotka\u0144 w regionie \u015bwi\u0119tokrzyskim. Powodem nag\u0142ej hospitalizacji by\u0142a wysoka gor\u0105czka oraz powa\u017cne podejrzenie zapalenia p\u0142uc, kt\u00f3re pocz\u0105tkowo zaniepokoi\u0142o wsp\u00f3\u0142pracownik\u00f3w 76-letniego polityka.&nbsp;<\/p>\n\n\n\n<p>Cho\u0107 przedstawiciele ugrupowania zapewniali o b\u0142yskawicznym powrocie lidera do aktywno\u015bci publicznej, lekarze zdecydowali o przed\u0142u\u017ceniu obserwacji ze wzgl\u0119du na wiek pacjenta. Obecnie nieoficjalne informacje wskazuj\u0105, \u017ce prezes mo\u017ce pozosta\u0107 w szpitalu nawet do ko\u0144ca bie\u017c\u0105cego tygodnia, co stawia pod znakiem zapytania jego udzia\u0142 w nadchodz\u0105cych wydarzeniach partyjnych oraz spotkaniach z wyborcami.<\/p>\n\n\n\n<h2 class=\"wp-block-heading\">Praca w trybie zdalnym<\/h2>\n\n\n\n<p>Mimo fizycznej nieobecno\u015bci w biurze przy ulicy Nowogrodzkiej, Jaros\u0142aw Kaczy\u0144ski stara si\u0119 zachowa\u0107 pe\u0142n\u0105 kontrol\u0119 nad bie\u017c\u0105cymi sprawami partii. Wysoko postawieni politycy Prawa i Sprawiedliwo\u015bci uspokajaj\u0105 opini\u0119 publiczn\u0105, podkre\u015blaj\u0105c, \u017ce stan zdrowia ich lidera jest stabilny i nie ulega pogorszeniu.&nbsp;<\/p>\n\n\n\n<p>Prezes regularnie odbiera telefony od najbli\u017cszych wsp\u00f3\u0142pracownik\u00f3w oraz wydaje instrukcje dotycz\u0105ce strategii dzia\u0142ania ugrupowania w najbli\u017cszym czasie. Zdaniem informator\u00f3w, infekcja jest typowa dla os\u00f3b w tym wieku i nie powinna budzi\u0107 nadmiernych obaw, cho\u0107 wymaga odpowiedniego czasu na pe\u0142n\u0105 regeneracj\u0119 organizmu przed powrotem na polityczn\u0105 scen\u0119 w pe\u0142nym wymiarze godzin.<\/p>\n\n\n\n<h2 class=\"wp-block-heading\">Przetasowania w kalendarzu wydarze\u0144<\/h2>\n\n\n\n<p>Przed\u0142u\u017caj\u0105ca si\u0119 hospitalizacja wymusza jednak istotne korekty w kalendarzu zaplanowanych wydarze\u0144 programowych ugrupowania. Najbardziej zauwa\u017calnym sygna\u0142em jest brak nazwiska Jaros\u0142awa Kaczy\u0144skiego na oficjalnych plakatach promuj\u0105cych konferencj\u0119 o edukacji, kt\u00f3ra odb\u0119dzie si\u0119 7 lutego w Zamo\u015bciu. Zamiast lidera, g\u0142\u00f3wnymi postaciami spotkania z cyklu \u201eMy\u015bl\u0105c Polska\u201d b\u0119d\u0105 Przemys\u0142aw Czarnek oraz prof. Andrzej Zybertowicz.&nbsp;<\/p>\n\n\n\n<p>Dla cz\u0119\u015bci obserwator\u00f3w sceny politycznej taka zmiana jest znacz\u0105ca, gdy\u017c prezes zazwyczaj osobi\u015bcie firmowa\u0142 wszystkie kluczowe panele dyskusyjne. Partia przekonuje jednak, \u017ce nie ka\u017cdy projekt wymaga bezpo\u015bredniej obecno\u015bci szefa, a struktury dzia\u0142aj\u0105 sprawnie pod okiem do\u015bwiadczonych wiceprezes\u00f3w.<\/p>\n\n\n\n<h2 class=\"wp-block-heading\">Kuluary pe\u0142ne pyta\u0144 o przysz\u0142o\u015b\u0107<\/h2>\n\n\n\n<p>Cho\u0107 oficjalne komunikaty p\u0142yn\u0105ce z partii s\u0105 wyj\u0105tkowo oszcz\u0119dne, w kuluarach pojawiaj\u0105 si\u0119 g\u0142osy zaniepokojenia o przysz\u0142\u0105 dynamik\u0119 przyw\u00f3dztwa w formacji. Cz\u0119stsze problemy zdrowotne lidera budz\u0105 naturalne pytania o proces sukcesji oraz stabilno\u015b\u0107 struktur w obliczu nadchodz\u0105cych wyzwa\u0144 wyborczych.&nbsp;<\/p>\n\n\n\n<p>Sytuacj\u0105 zainteresowa\u0142 si\u0119 r\u00f3wnie\u017c prezydent Karol Nawrocki, kt\u00f3ry osobi\u015bcie zadzwoni\u0142 do prezesa z \u017cyczeniami szybkiego powrotu do pe\u0142nej sprawno\u015bci. Gest ten podkre\u015bla wag\u0119, jak\u0105 ob\u00f3z prawicy przywi\u0105zuje do kondycji swojego lidera, b\u0119d\u0105cego od lat fundamentem jedno\u015bci ugrupowania. Kolejne dni oka\u017c\u0105 si\u0119 decyduj\u0105ce dla uci\u0119cia spekulacji i ustalenia nowego harmonogramu aktywno\u015bci najwa\u017cniejszego polityka opozycji.<\/p>\n","protected":false},"excerpt":{"rendered":"<p>Jaros\u0142aw Kaczy\u0144ski wci\u0105\u017c przebywa w szpitalu, co uda\u0142o si\u0119 potwierdzi\u0107 w dw\u00f3ch niezale\u017cnych \u017ar\u00f3d\u0142ach bezpo\u015brednio zwi\u0105zanych z otoczeniem prezesa Prawa i Sprawiedliwo\u015bci. Cho\u0107 pierwotne zapowiedzi polityk\u00f3w sugerowa\u0142y szybki powr\u00f3t do domu, hospitalizacja lidera partii uleg\u0142a niespodziewanemu przed\u0142u\u017ceniu. Hospitalizacja po intensywnym obje\u017adzie Lider najwi\u0119kszej partii opozycyjnej trafi\u0142 do plac\u00f3wki medycznej 28 stycznia, tu\u017c po intensywnej serii &#8230; <a title=\"Jaros\u0142aw Kaczy\u0144ski pozostaje pod opiek\u0105 lekarzy. Kulisy hospitalizacji lidera opozycji\" class=\"read-more\" href=\"https:\/\/dobrezrodla.com\/?p=16033\" aria-label=\"Read more about Jaros\u0142aw Kaczy\u0144ski pozostaje pod opiek\u0105 lekarzy. Kulisy hospitalizacji lidera opozycji\">Read more<\/a><\/p>\n","protected":false},"author":1,"featured_media":0,"comment_status":"open","ping_status":"open","sticky":false,"template":"","format":"standard","meta":{"footnotes":""},"categories":[1],"tags":[],"class_list":["post-16033","post","type-post","status-publish","format-standard","hentry","category-uncategorized"],"_links":{"self":[{"href":"https:\/\/dobrezrodla.com\/index.php?rest_route=\/wp\/v2\/posts\/16033","targetHints":{"allow":["GET"]}}],"collection":[{"href":"https:\/\/dobrezrodla.com\/index.php?rest_route=\/wp\/v2\/posts"}],"about":[{"href":"https:\/\/dobrezrodla.com\/index.php?rest_route=\/wp\/v2\/types\/post"}],"author":[{"embeddable":true,"href":"https:\/\/dobrezrodla.com\/index.php?rest_route=\/wp\/v2\/users\/1"}],"replies":[{"embeddable":true,"href":"https:\/\/dobrezrodla.com\/index.php?rest_route=%2Fwp%2Fv2%2Fcomments&post=16033"}],"version-history":[{"count":1,"href":"https:\/\/dobrezrodla.com\/index.php?rest_route=\/wp\/v2\/posts\/16033\/revisions"}],"predecessor-version":[{"id":16034,"href":"https:\/\/dobrezrodla.com\/index.php?rest_route=\/wp\/v2\/posts\/16033\/revisions\/16034"}],"wp:attachment":[{"href":"https:\/\/dobrezrodla.com\/index.php?rest_route=%2Fwp%2Fv2%2Fmedia&parent=16033"}],"wp:term":[{"taxonomy":"category","embeddable":true,"href":"https:\/\/dobrezrodla.com\/index.php?rest_route=%2Fwp%2Fv2%2Fcategories&post=16033"},{"taxonomy":"post_tag","embeddable":true,"href":"https:\/\/dobrezrodla.com\/index.php?rest_route=%2Fwp%2Fv2%2Ftags&post=16033"}],"curies":[{"name":"wp","href":"https:\/\/api.w.org\/{rel}","templated":true}]}}