{"id":16037,"date":"2026-02-02T19:04:11","date_gmt":"2026-02-02T19:04:11","guid":{"rendered":"https:\/\/dobrezrodla.com\/?p=16037"},"modified":"2026-02-02T19:04:12","modified_gmt":"2026-02-02T19:04:12","slug":"byla-14-05-szybko-przerwala-milczenie-z-jej-ust-padlo-to-zdanie","status":"publish","type":"post","link":"https:\/\/dobrezrodla.com\/?p=16037","title":{"rendered":"By\u0142a 14.05. Szybko przerwa\u0142a milczenie. Z jej ust pad\u0142o to zdanie"},"content":{"rendered":"\n<p>Zmiana na szczycie Polski 2050 odby\u0142a si\u0119 szybko, ale jej konsekwencje mog\u0105 by\u0107 d\u0142ugofalowe. Nowa liderka zacz\u0119\u0142a urz\u0119dowanie od mocnych deklaracji i zapowiedzi reorganizacji partii. Ju\u017c pierwsze publiczne wyst\u0105pienie pokaza\u0142o jednak, \u017ce przed ugrupowaniem stoi wi\u0119cej ni\u017c jedno wyzwanie.<\/p>\n\n\n\n<p>Zmiana lidera w Polsce 2050 i plan przebudowy w\u0142adz partii<br>Podzia\u0142y w Polsce 2050 po wyborach. Hennig-Kloska apeluje o jedno\u015b\u0107<br>Wicepremier dla Pe\u0142czy\u0144skiej-Na\u0142\u0119cz? Kulisy wybor\u00f3w i ustale\u0144 koalicyjnych<br>Zmiana lidera w Polsce 2050 i plan przebudowy w\u0142adz partii<\/p>\n\n\n\n<p><br>Katarzyna Pe\u0142czy\u0144ska-Na\u0142\u0119cz, kt\u00f3ra obj\u0119\u0142a funkcj\u0119 przewodnicz\u0105cej Polski 2050, zapowiedzia\u0142a intensywny tydzie\u0144 prac nad strukturami partii. Podczas konferencji prasowej poinformowa\u0142a, \u017ce w najbli\u017cszych dniach zostanie zwo\u0142ana Rada Krajowa oraz powo\u0142any nowy zarz\u0105d ugrupowania. Jak zapowiedzia\u0142a, pe\u0142ny sk\u0142ad w\u0142adz ma by\u0107 znany jeszcze przed ko\u0144cem tygodnia.<\/p>\n\n\n\n<p>Nowa liderka podkre\u015bla\u0142a, \u017ce jednym z jej cel\u00f3w jest wzmocnienie roli struktur terenowych. Wprost zapowiedzia\u0142a, \u017ce b\u0119dzie d\u0105\u017cy\u0107 do zwo\u0142ania zjazdu krajowego, a Polska 2050 ma sta\u0107 si\u0119 parti\u0105 \u201ejeszcze bardziej opart\u0105 na sile region\u00f3w\u201d. W tym kontek\u015bcie wskaza\u0142a r\u00f3wnie\u017c na realizacj\u0119 wsp\u00f3lnej obietnicy z kampanii wewn\u0119trznej \u2013 wej\u015bcie wszystkich przewodnicz\u0105cych region\u00f3w do Rady Krajowej partii.<\/p>\n\n\n\n<p>Pe\u0142czy\u0144ska-Na\u0142\u0119cz odnios\u0142a si\u0119 tak\u017ce do kwestii personalnych w przysz\u0142ym zarz\u0105dzie. Zapowiedzia\u0142a, \u017ce jako przewodnicz\u0105ca nie zamierza nominowa\u0107 Ryszarda Petru, jednocze\u015bnie zaznaczaj\u0105c, \u017ce tak\u0105 decyzj\u0119 mog\u0105 podj\u0105\u0107 sami cz\u0142onkowie ugrupowania w ramach partyjnych procedur.<\/p>\n\n\n\n<p>By\u0142a 14.05. Szybko przerwa\u0142a milczenie. Z jej ust pad\u0142o to zdanie<br>Katarzyna Pe\u0142czy\u0144ska-Na\u0142\u0119cz, fot. Wojciech Olkusnik\/East News<br>Podzia\u0142y w Polsce 2050 po wyborach. Hennig-Kloska apeluje o jedno\u015b\u0107<br>Pierwsza konferencja nowej przewodnicz\u0105cej mia\u0142a nietypowy przebieg, poniewa\u017c obok niej wyst\u0105pi\u0142a jej kontrkandydatka w wyborach \u2013 Paulina Hennig-Kloska. Szefowa resortu klimatu i \u015brodowiska otwarcie zwr\u00f3ci\u0142a uwag\u0119 na napi\u0119cia wewn\u0105trz ugrupowania. Jak powiedzia\u0142a podczas konferencji, \u201egratuluj\u0119 Katarzynie, ale masz Kasiu \u015bwiadomo\u015b\u0107, \u017ce partia dzisiaj jest te\u017c podzielona, co do wizji\u201d.<\/p>\n\n\n\n<p>Hennig-Kloska podkre\u015bli\u0142a, \u017ce nowa liderka dysponuje dzi\u015b najwi\u0119kszym zestawem narz\u0119dzi, by wykorzysta\u0107 t\u0119 wiedz\u0119 i doprowadzi\u0107 do realnej jedno\u015bci.<\/p>\n\n\n\n<p>\u2013 Gratuluj\u0119 Katarzynie, ale masz Kasiu \u015bwiadomo\u015b\u0107, \u017ce partia dzisiaj jest te\u017c podzielona, co do wizji. I masz dzisiaj najwi\u0119cej narz\u0119dzi w swoich r\u0119kach, by wykorzysta\u0107 t\u0119 wiedz\u0119 najlepiej jak potrafisz. By doprowadzi\u0107 do prawdziwej jedno\u015bci \u2013 stwierdzi\u0142a Hennig-Kloska.<\/p>\n\n\n\n<p>W dalszej cz\u0119\u015bci swojego wyst\u0105pienia przyzna\u0142a, \u017ce kampania wyborcza w partii by\u0142a trudna i momentami zbyt ostra.<\/p>\n\n\n\n<p>\u2013 Mamy pe\u0142n\u0105 \u015bwiadomo\u015b\u0107, \u017ce w trakcie naszej kampanii pad\u0142o za du\u017co s\u0142\u00f3w, tak\u017ce z\u0142ych. (\u2026) Zosta\u0142o wykonanych zbyt wiele gest\u00f3w, kt\u00f3re nie powinny by\u0107 wykonane. Tak naprawd\u0119 zaczynaj\u0105c odbudow\u0119 jedno\u015bci od region\u00f3w, musimy t\u0119 odbudow\u0119 zako\u0144czy\u0107 na klubie parlamentarnym \u2013 doda\u0142a Hennig-Kloska.<\/p>\n\n\n\n<p>Jej zdaniem proces odbudowy jedno\u015bci powinien rozpocz\u0105\u0107 si\u0119 w regionach, ale nie mo\u017ce si\u0119 tam zako\u0144czy\u0107. Hennig-Kloska zaznaczy\u0142a, \u017ce kluczowe b\u0119dzie domkni\u0119cie tego procesu na poziomie klubu parlamentarnego, gdzie zapadaj\u0105 najwa\u017cniejsze decyzje polityczne.<\/p>\n\n\n\n<p>Wicepremier dla Pe\u0142czy\u0144skiej-Na\u0142\u0119cz? Kulisy wybor\u00f3w i ustale\u0144 koalicyjnych<br>W trakcie konferencji pojawi\u0142 si\u0119 r\u00f3wnie\u017c temat mo\u017cliwego obj\u0119cia przez Katarzyn\u0119 Pe\u0142czy\u0144sk\u0105-Na\u0142\u0119cz stanowiska wicepremiera. Nowa liderka zapowiedzia\u0142a, \u017ce we wtorek spotka si\u0119 z Szymonem Ho\u0142owni\u0105, a pytania dziennikarzy dotyczy\u0142y wcze\u015bniejszych ustale\u0144 koalicyjnych. Pe\u0142czy\u0144ska-Na\u0142\u0119cz wylicza\u0142a, \u017ce ma \u201epoczw\u00f3rny mandat\u201d w tej sprawie \u2013 decyzj\u0119 klubu, Rady Krajowej, najwy\u017csze poparcie w pierwszej turze oraz zwyci\u0119stwo w drugiej. Jednocze\u015bnie podkre\u015bli\u0142a, \u017ce decyzja o wicepremierze nale\u017cy do g\u0142\u00f3wnego koalicjanta.<\/p>\n\n\n\n<p>\u2013 Mam poczw\u00f3rny mandat w tej sprawie. Tak\u0105 decyzj\u0119 podj\u0105\u0142 klub, Rada Krajowa, jestem kandydatk\u0105, kt\u00f3ra dosta\u0142a najwi\u0119kszy mandat w pierwszej turze i wygra\u0142a drug\u0105 tur\u0119 (\u2026). Sprawa wicepremiera jest decyzj\u0105 naszego g\u0142\u00f3wnego koalicjanta. My jeste\u015bmy gotowi by\u0107 w tej koalicji dla spraw. Ale jednocze\u015bnie m\u00f3wimy: um\u00f3w nale\u017cy dotrzymywa\u0107. Na tym polega dobra polityka. (\u2026) Jest umowa ustna, \u017ce ka\u017cda partia koalicyjna ma wicepremiera \u2013 m\u00f3wi\u0142a liderka.<\/p>\n\n\n\n<p>Nowa przewodnicz\u0105ca jasno zadeklarowa\u0142a r\u00f3wnie\u017c, \u017ce Polska 2050 pozostaje cz\u0119\u015bci\u0105 koalicji 15 pa\u017adziernika i nie zamierza zmienia\u0107 swojego kursu. Zapowiedzia\u0142a spotkania z liderami koalicji, podczas kt\u00f3rych chce rozmawia\u0107 o priorytetach programowych swojej formacji.<\/p>\n\n\n\n<p>Wybory na przewodnicz\u0105cego Polski 2050 odby\u0142y si\u0119 w sobot\u0119 i cieszy\u0142y si\u0119 bardzo wysok\u0105 frekwencj\u0105 \u2013 wynios\u0142a ona 94 procent. Katarzyna Pe\u0142czy\u0144ska-Na\u0142\u0119cz zdoby\u0142a 350 g\u0142os\u00f3w, natomiast Paulina Hennig-Kloska uzyska\u0142a poparcie 309 os\u00f3b. Uprawnionych do g\u0142osowania by\u0142o ponad 800 cz\u0142onk\u00f3w partii. Poprzedni lider ugrupowania, Szymon Ho\u0142ownia, ju\u017c we wrze\u015bniu 2025 roku zapowiedzia\u0142, \u017ce nie b\u0119dzie ubiega\u0142 si\u0119 o reelekcj\u0119. Kadencja w\u0142adz wybranych na pocz\u0105tku 2023 roku formalnie wygas\u0142a w styczniu, co wymusi\u0142o przeprowadzenie nowych wybor\u00f3w zar\u00f3wno przewodnicz\u0105cego, jak i Rady Krajowej.<\/p>\n","protected":false},"excerpt":{"rendered":"<p>Zmiana na szczycie Polski 2050 odby\u0142a si\u0119 szybko, ale jej konsekwencje mog\u0105 by\u0107 d\u0142ugofalowe. Nowa liderka zacz\u0119\u0142a urz\u0119dowanie od mocnych deklaracji i zapowiedzi reorganizacji partii. Ju\u017c pierwsze publiczne wyst\u0105pienie pokaza\u0142o jednak, \u017ce przed ugrupowaniem stoi wi\u0119cej ni\u017c jedno wyzwanie. Zmiana lidera w Polsce 2050 i plan przebudowy w\u0142adz partiiPodzia\u0142y w Polsce 2050 po wyborach. Hennig-Kloska &#8230; <a title=\"By\u0142a 14.05. Szybko przerwa\u0142a milczenie. Z jej ust pad\u0142o to zdanie\" class=\"read-more\" href=\"https:\/\/dobrezrodla.com\/?p=16037\" aria-label=\"Read more about By\u0142a 14.05. Szybko przerwa\u0142a milczenie. Z jej ust pad\u0142o to zdanie\">Read more<\/a><\/p>\n","protected":false},"author":1,"featured_media":0,"comment_status":"open","ping_status":"open","sticky":false,"template":"","format":"standard","meta":{"footnotes":""},"categories":[1],"tags":[],"class_list":["post-16037","post","type-post","status-publish","format-standard","hentry","category-uncategorized"],"_links":{"self":[{"href":"https:\/\/dobrezrodla.com\/index.php?rest_route=\/wp\/v2\/posts\/16037","targetHints":{"allow":["GET"]}}],"collection":[{"href":"https:\/\/dobrezrodla.com\/index.php?rest_route=\/wp\/v2\/posts"}],"about":[{"href":"https:\/\/dobrezrodla.com\/index.php?rest_route=\/wp\/v2\/types\/post"}],"author":[{"embeddable":true,"href":"https:\/\/dobrezrodla.com\/index.php?rest_route=\/wp\/v2\/users\/1"}],"replies":[{"embeddable":true,"href":"https:\/\/dobrezrodla.com\/index.php?rest_route=%2Fwp%2Fv2%2Fcomments&post=16037"}],"version-history":[{"count":1,"href":"https:\/\/dobrezrodla.com\/index.php?rest_route=\/wp\/v2\/posts\/16037\/revisions"}],"predecessor-version":[{"id":16038,"href":"https:\/\/dobrezrodla.com\/index.php?rest_route=\/wp\/v2\/posts\/16037\/revisions\/16038"}],"wp:attachment":[{"href":"https:\/\/dobrezrodla.com\/index.php?rest_route=%2Fwp%2Fv2%2Fmedia&parent=16037"}],"wp:term":[{"taxonomy":"category","embeddable":true,"href":"https:\/\/dobrezrodla.com\/index.php?rest_route=%2Fwp%2Fv2%2Fcategories&post=16037"},{"taxonomy":"post_tag","embeddable":true,"href":"https:\/\/dobrezrodla.com\/index.php?rest_route=%2Fwp%2Fv2%2Ftags&post=16037"}],"curies":[{"name":"wp","href":"https:\/\/api.w.org\/{rel}","templated":true}]}}