{"id":16039,"date":"2026-02-02T19:05:10","date_gmt":"2026-02-02T19:05:10","guid":{"rendered":"https:\/\/dobrezrodla.com\/?p=16039"},"modified":"2026-02-02T19:05:11","modified_gmt":"2026-02-02T19:05:11","slug":"ledwo-oddal-stery-a-juz-glosno-o-holowni-wlasnie-zdradzila-co-padlo-z-jego-ust-w-pierwszej-kolejnosci","status":"publish","type":"post","link":"https:\/\/dobrezrodla.com\/?p=16039","title":{"rendered":"Ledwo odda\u0142 stery, a ju\u017c g\u0142o\u015bno o Ho\u0142owni. W\u0142a\u015bnie zdradzi\u0142a, co pad\u0142o z jego ust w pierwszej kolejno\u015bci"},"content":{"rendered":"\n<p>Zaledwie kilka dni po sobotnich wyborach w Polsce 2050 ju\u017c pojawiaj\u0105 si\u0119 pierwsze reakcje i sygna\u0142y dotycz\u0105ce dalszego kierunku partii. Nowa przewodnicz\u0105ca Katarzyna Pe\u0142czy\u0144ska-Na\u0142\u0119cz przedstawi\u0142a swoje priorytety oraz plany personalne. Wiele pyta\u0144 dotyczy\u0142o r\u00f3wnie\u017c relacji z by\u0142ym liderem Szymonem Ho\u0142owni\u0105 i roli Polski 2050 w koalicji rz\u0105dowej.<\/p>\n\n\n\n<p>Polska 2050 pozostaje w koalicji rz\u0105dowej<br>Pe\u0142czy\u0144ska-Na\u0142\u0119cz tworzy nowy zarz\u0105d i Rad\u0119 Krajow\u0105<br>Reakcja Ho\u0142owni i wicepremier dla Polski 2050<br>Hennig-Kloska o jedno\u015bci i wyzwaniach partii<\/p>\n\n\n\n<p><br>Polska 2050 pozostaje w koalicji rz\u0105dowej<br>Podczas konferencji prasowej w poniedzia\u0142ek Katarzyna Pe\u0142czy\u0144ska-Na\u0142\u0119cz podkre\u015bli\u0142a, \u017ce Polska 2050 pozostanie cz\u0119\u015bci\u0105 obecnej koalicji, zachowuj\u0105c swoje charakterystyczne warto\u015bci.<\/p>\n\n\n\n<p>\u2013 Jeste\u015bmy i pozostaniemy w tej koalicji ze sprawami wyborc\u00f3w i z naszym \u017c\u00f3\u0142tym DNA \u2013 zaznaczy\u0142a nowa przewodnicz\u0105ca.<\/p>\n\n\n\n<p>Pe\u0142czy\u0144ska-Na\u0142\u0119cz oceni\u0142a, \u017ce jej ugrupowanie pe\u0142ni w polskiej polityce rol\u0119 formacji wyrazistego centrum, kt\u00f3re przeciwdzia\u0142a dominacji radykalnych nurt\u00f3w po prawej stronie sceny politycznej. W rozmowie z dziennikarzami liderka partii zaznaczy\u0142a, \u017ce Polska 2050 b\u0119dzie konsekwentnie wspiera\u0107 zar\u00f3wno konsument\u00f3w, jak i ma\u0142e firmy czy pracownik\u00f3w.<\/p>\n\n\n\n<p>\u2013 Polskie technologie, polskie firmy, polska przedsi\u0119biorczo\u015b\u0107 i sprawiedliwe podatki \u2013 podkre\u015bli\u0142a.<\/p>\n\n\n\n<p>Doda\u0142a, \u017ce w najbli\u017cszym czasie spotka si\u0119 z liderami koalicji, aby om\u00f3wi\u0107 te kwestie i wypracowa\u0107 wsp\u00f3lne stanowisko.<\/p>\n\n\n\n<p>Ledwo odda\u0142 stery, a ju\u017c g\u0142o\u015bno o Ho\u0142owni. W\u0142a\u015bnie zdradzi\u0142a, co pad\u0142o z jego ust w pierwszej kolejno\u015bci<br>Katarzyna Pe\u0142czy\u0144ska-Na\u0142\u0119cz now\u0105 szefow\u0105 Polski 2050, fot. Wojciech Olkusnik\/East News<br>Pe\u0142czy\u0144ska-Na\u0142\u0119cz tworzy nowy zarz\u0105d i Rad\u0119 Krajow\u0105<br>Katarzyna Pe\u0142czy\u0144ska-Na\u0142\u0119cz zapowiedzia\u0142a utworzenie nowego zarz\u0105du Polski 2050 w tym tygodniu oraz powo\u0142anie Rady Krajowej, kt\u00f3ra wybierze cz\u0142onk\u00f3w zarz\u0105du nie mianowanych bezpo\u015brednio przez przewodnicz\u0105c\u0105.<\/p>\n\n\n\n<p>\u2013 Do ko\u0144ca tygodnia b\u0119dziemy mieli pe\u0142en zarz\u0105d Polski 2050 \u2013 poinformowa\u0142a Pe\u0142czy\u0144ska-Na\u0142\u0119cz.<\/p>\n\n\n\n<p>Zaznaczy\u0142a te\u017c, \u017ce planuje zg\u0142osi\u0107 kandydatur\u0119 Pauliny Hennig-Kloski do zarz\u0105du.<\/p>\n\n\n\n<p>\u2013 Ma moje pe\u0142ne wsparcie i rekomendacj\u0119 dla Rady Krajowej, \u017ceby tak\u0105 decyzj\u0119 podj\u0119\u0142a. Jestem w zasadzie na 100 procent pewna, \u017ce ta decyzja zostanie podj\u0119ta i to z bardzo mocnym mandatem \u2013 m\u00f3wi\u0142a Pe\u0142czy\u0144ska-Na\u0142\u0119cz.<\/p>\n\n\n\n<p>Przewodnicz\u0105ca wyja\u015bni\u0142a r\u00f3wnie\u017c, \u017ce w\u015br\u00f3d os\u00f3b mianowanych przez ni\u0105 nie znajdzie si\u0119 Ryszard Petru, podkre\u015blaj\u0105c jednocze\u015bnie, \u017ce ostateczne decyzje nale\u017c\u0105 do Rady Krajowej.<\/p>\n\n\n\n<p>Reakcja Ho\u0142owni i wicepremier dla Polski 2050<br>Jednym z najcz\u0119\u015bciej poruszanych temat\u00f3w by\u0142a reakcja by\u0142ego lidera Szymona Ho\u0142owni na wyb\u00f3r Pe\u0142czy\u0144skiej-Na\u0142\u0119cz.<\/p>\n\n\n\n<p>\u2013 Szymon Ho\u0142ownia zadzwoni\u0142 do mnie dwie minuty po og\u0142oszeniu wyniku i pogratulowa\u0142 \u2013 przytoczy\u0142a nowa przewodnicz\u0105ca.<\/p>\n\n\n\n<p>Katarzyna Pe\u0142czy\u0144ska-Na\u0142\u0119cz odnios\u0142a si\u0119 tak\u017ce do kwestii ewentualnego stanowiska wicepremiera dla Polski 2050, wyja\u015bniaj\u0105c, \u017ce decyzja w tej sprawie nale\u017cy do g\u0142\u00f3wnego koalicjanta:<\/p>\n\n\n\n<p>\u2013 My jeste\u015bmy w stanie by\u0107 w tej koalicji dla spraw, ale jednocze\u015bnie m\u00f3wimy tak: um\u00f3w nale\u017cy dotrzymywa\u0107.<\/p>\n\n\n\n<p>Podkre\u015bli\u0142a, \u017ce posiada w tej kwestii \u201epoczw\u00f3rny mandat\u201d, wynikaj\u0105cy z decyzji klubu, Rady Krajowej oraz w\u0142asnego wyboru przez cz\u0142onk\u00f3w partii w pierwszej i drugiej turze g\u0142osowania.<\/p>\n\n\n\n<p>Hennig-Kloska o jedno\u015bci i wyzwaniach partii<br>Minister klimatu i \u015brodowiska Paulina Hennig-Kloska zwr\u00f3ci\u0142a uwag\u0119, \u017ce partia nadal zmaga si\u0119 z podzia\u0142ami co do wizji jej dalszego rozwoju. Jak stwierdzi\u0142a, nowa przewodnicz\u0105ca ma obecnie \u201enajwi\u0119cej narz\u0119dzi i mo\u017cliwo\u015bci w swoich r\u0119kach, (\u2026) by doprowadzi\u0107 do prawdziwej jedno\u015bci\u201d w ugrupowaniu. Hennig-Kloska podkre\u015bli\u0142a znaczenie wsp\u00f3lnych korzeni cz\u0142onk\u00f3w Polski 2050.<\/p>\n\n\n\n<p>\u2013 Dzisiaj walczymy w gruncie rzeczy o to, co z nich wyro\u015bnie i najlepiej, jak wyro\u015bnie pi\u0119kne, zielone drzewo na wiosn\u0119, kt\u00f3re b\u0119dzie te korzenie ze sob\u0105 \u0142\u0105czy\u0107 \u2013 m\u00f3wi\u0142a Hennig-Kloska.<\/p>\n\n\n\n<p>Doda\u0142a r\u00f3wnie\u017c, \u017ce wszyscy cz\u0142onkowie partii tworz\u0105 \u201ejedn\u0105 polityczn\u0105 rodzin\u0119\u201d i zaznaczy\u0142a:<\/p>\n\n\n\n<p>\u2013 Ta jedno\u015b\u0107 oczywi\u015bcie nie mo\u017ce by\u0107 na pokaz.<\/p>\n","protected":false},"excerpt":{"rendered":"<p>Zaledwie kilka dni po sobotnich wyborach w Polsce 2050 ju\u017c pojawiaj\u0105 si\u0119 pierwsze reakcje i sygna\u0142y dotycz\u0105ce dalszego kierunku partii. Nowa przewodnicz\u0105ca Katarzyna Pe\u0142czy\u0144ska-Na\u0142\u0119cz przedstawi\u0142a swoje priorytety oraz plany personalne. Wiele pyta\u0144 dotyczy\u0142o r\u00f3wnie\u017c relacji z by\u0142ym liderem Szymonem Ho\u0142owni\u0105 i roli Polski 2050 w koalicji rz\u0105dowej. Polska 2050 pozostaje w koalicji rz\u0105dowejPe\u0142czy\u0144ska-Na\u0142\u0119cz tworzy nowy &#8230; <a title=\"Ledwo odda\u0142 stery, a ju\u017c g\u0142o\u015bno o Ho\u0142owni. W\u0142a\u015bnie zdradzi\u0142a, co pad\u0142o z jego ust w pierwszej kolejno\u015bci\" class=\"read-more\" href=\"https:\/\/dobrezrodla.com\/?p=16039\" aria-label=\"Read more about Ledwo odda\u0142 stery, a ju\u017c g\u0142o\u015bno o Ho\u0142owni. W\u0142a\u015bnie zdradzi\u0142a, co pad\u0142o z jego ust w pierwszej kolejno\u015bci\">Read more<\/a><\/p>\n","protected":false},"author":1,"featured_media":0,"comment_status":"open","ping_status":"open","sticky":false,"template":"","format":"standard","meta":{"footnotes":""},"categories":[1],"tags":[],"class_list":["post-16039","post","type-post","status-publish","format-standard","hentry","category-uncategorized"],"_links":{"self":[{"href":"https:\/\/dobrezrodla.com\/index.php?rest_route=\/wp\/v2\/posts\/16039","targetHints":{"allow":["GET"]}}],"collection":[{"href":"https:\/\/dobrezrodla.com\/index.php?rest_route=\/wp\/v2\/posts"}],"about":[{"href":"https:\/\/dobrezrodla.com\/index.php?rest_route=\/wp\/v2\/types\/post"}],"author":[{"embeddable":true,"href":"https:\/\/dobrezrodla.com\/index.php?rest_route=\/wp\/v2\/users\/1"}],"replies":[{"embeddable":true,"href":"https:\/\/dobrezrodla.com\/index.php?rest_route=%2Fwp%2Fv2%2Fcomments&post=16039"}],"version-history":[{"count":1,"href":"https:\/\/dobrezrodla.com\/index.php?rest_route=\/wp\/v2\/posts\/16039\/revisions"}],"predecessor-version":[{"id":16040,"href":"https:\/\/dobrezrodla.com\/index.php?rest_route=\/wp\/v2\/posts\/16039\/revisions\/16040"}],"wp:attachment":[{"href":"https:\/\/dobrezrodla.com\/index.php?rest_route=%2Fwp%2Fv2%2Fmedia&parent=16039"}],"wp:term":[{"taxonomy":"category","embeddable":true,"href":"https:\/\/dobrezrodla.com\/index.php?rest_route=%2Fwp%2Fv2%2Fcategories&post=16039"},{"taxonomy":"post_tag","embeddable":true,"href":"https:\/\/dobrezrodla.com\/index.php?rest_route=%2Fwp%2Fv2%2Ftags&post=16039"}],"curies":[{"name":"wp","href":"https:\/\/api.w.org\/{rel}","templated":true}]}}