{"id":16043,"date":"2026-02-02T19:06:23","date_gmt":"2026-02-02T19:06:23","guid":{"rendered":"https:\/\/dobrezrodla.com\/?p=16043"},"modified":"2026-02-02T19:06:23","modified_gmt":"2026-02-02T19:06:23","slug":"minely-chwile-od-informacji-o-mandacie-a-nagle-takie-spotkanie-z-doda-fani-nie-kryja-zaskoczenia-zdjeciami","status":"publish","type":"post","link":"https:\/\/dobrezrodla.com\/?p=16043","title":{"rendered":"Min\u0119\u0142y chwile od informacji o mandacie, a nagle takie spotkanie z Dod\u0105. Fani nie kryj\u0105 zaskoczenia zdj\u0119ciami"},"content":{"rendered":"\n<p>Doda po raz kolejny zaskoczy\u0142a swoich fan\u00f3w, tym razem w zupe\u0142nie nowym kontek\u015bcie. Artystka, znana przede wszystkim ze sceny muzycznej, zwr\u00f3ci\u0142a uwag\u0119 opinii publicznej na problemy, kt\u00f3re cz\u0119sto pozostaj\u0105 poza g\u0142\u00f3wnym nurtem debat. Jej dzia\u0142ania pokazuj\u0105, \u017ce celebryci mog\u0105 wp\u0142ywa\u0107 na sprawy powa\u017cne, wykraczaj\u0105c poza show-biznes.<\/p>\n\n\n\n<p>Doda w Sejmie o ochronie zwierz\u0105t \u2013 artystka zabiera g\u0142os<br>Spotkanie Dody z ministrem \u017burkiem \u2013 postulaty i dzia\u0142ania<br>Konkrety Dody: podwy\u017cszone kary i trwa\u0142a ochrona zwierz\u0105t<br>Doda w Sejmie o ochronie zwierz\u0105t \u2013 artystka zabiera g\u0142os<\/p>\n\n\n\n<p><br>W ostatnich tygodniach Doda po\u015bwi\u0119ca\u0142a coraz wi\u0119cej uwagi kwestiom ochrony zwierz\u0105t, anga\u017cuj\u0105c si\u0119 w pomoc schroniskom i nag\u0142a\u015bniaj\u0105c trudne warunki, w jakich przebywaj\u0105 psy i koty. Jej dotychczasowe dzia\u0142ania, cho\u0107 zauwa\u017calne w mediach spo\u0142eczno\u015bciowych, nabra\u0142y zupe\u0142nie nowego wymiaru, gdy pojawi\u0142a si\u0119 w Sejmie podczas posiedzenia Komisji Nadzwyczajnej ds. Ochrony Zwierz\u0105t.<\/p>\n\n\n\n<p>Wokalistka podkre\u015bla\u0142a w mediach, \u017ce wizyta w schronisku i widok cierpi\u0105cych zwierz\u0105t wstrz\u0105sn\u0105\u0142 ni\u0105 do g\u0142\u0119bi, motywuj\u0105c do dzia\u0142ania. Doda m\u00f3wi\u0142a o konieczno\u015bci realnego wspierania zmian w prawie i praktyce oraz o tym, \u017ce politycy powinni przej\u015b\u0107 od deklaracji do konkretnych dzia\u0142a\u0144. Atmosfera podczas jej wyst\u0105pienia by\u0142a niezwyk\u0142a \u2013 publiczno\u015b\u0107 reagowa\u0142a oklaskami, a komentatorzy zwracali uwag\u0119 na szczero\u015b\u0107 i spontaniczno\u015b\u0107 artystki, kontrastuj\u0105c\u0105 z formalnym j\u0119zykiem polityki.<\/p>\n\n\n\n<p>Min\u0119\u0142y chwile od informacji o mandacie, a nagle takie spotkanie z Dod\u0105. Fani nie kryj\u0105 zaskoczenia zdj\u0119ciami<br>Doda, fot. KAPiF<br>Spotkanie Dody z ministrem \u017burkiem \u2013 postulaty i dzia\u0142ania<br>Po wyst\u0105pieniu w Sejmie Doda zosta\u0142a zaproszona na spotkanie przez ministra sprawiedliwo\u015bci Waldemara \u017burka. Na swoim profilu na Facebooku artystka opublikowa\u0142a wpis:<\/p>\n\n\n\n<p>\u2013 Dzi\u015b zosta\u0142am zaproszona przez ministra sprawiedliwo\u015bci na spotkanie. Moje postulaty zosta\u0142y wys\u0142uchane z wielkim zaanga\u017cowaniem i zrozumieniem przez Waldemara \u017burka: podwy\u017cszenie kar za zn\u0119canie si\u0119 nad zwierz\u0119tami, szkolenia s\u0119dzi\u00f3w i prokurator\u00f3w w kontek\u015bcie zas\u0105dzania kar, odbieranie sadystom praw do posiadania zwierz\u0105t nie czasowe, ale na zawsze. Teraz czekam na dzia\u0142anie.<\/p>\n\n\n\n<p>Wpis jednoznacznie pokazuje, \u017ce artystka nie ogranicza si\u0119 do m\u00f3wienia o problemach, lecz stara si\u0119 przeku\u0107 swoje zaanga\u017cowanie w konkretne decyzje polityczne.<\/p>\n\n\n\n<p>Konkrety Dody: podwy\u017cszone kary i trwa\u0142a ochrona zwierz\u0105t<br>W\u015br\u00f3d propozycji przedstawionych przez Dod\u0119 znalaz\u0142y si\u0119 trzy g\u0142\u00f3wne kierunki:<\/p>\n\n\n\n<p>zwi\u0119kszenie kar dla os\u00f3b zn\u0119caj\u0105cych si\u0119 nad zwierz\u0119tami,<br>wprowadzenie szkole\u0144 dla s\u0119dzi\u00f3w i prokurator\u00f3w, aby lepiej stosowali przepisy w praktyce,<br>ca\u0142kowite odbieranie praw do posiadania zwierz\u0105t osobom dopuszczaj\u0105cym si\u0119 akt\u00f3w okrucie\u0144stwa.<br>Artystka wyra\u017anie podkre\u015bli\u0142a, \u017ce chodzi o zmiany trwa\u0142e, a nie symboliczne, co mo\u017ce wp\u0142yn\u0105\u0107 na spos\u00f3b, w jaki prawo w Polsce chroni zwierz\u0119ta. Jej inicjatywa pokazuje, \u017ce celebryci maj\u0105 realn\u0105 mo\u017cliwo\u015b\u0107 wp\u0142ywania na decyzje rz\u0105dowe, a media spo\u0142eczno\u015bciowe mog\u0105 sta\u0107 si\u0119 narz\u0119dziem wprowadzania prawdziwych zmian.<\/p>\n","protected":false},"excerpt":{"rendered":"<p>Doda po raz kolejny zaskoczy\u0142a swoich fan\u00f3w, tym razem w zupe\u0142nie nowym kontek\u015bcie. Artystka, znana przede wszystkim ze sceny muzycznej, zwr\u00f3ci\u0142a uwag\u0119 opinii publicznej na problemy, kt\u00f3re cz\u0119sto pozostaj\u0105 poza g\u0142\u00f3wnym nurtem debat. Jej dzia\u0142ania pokazuj\u0105, \u017ce celebryci mog\u0105 wp\u0142ywa\u0107 na sprawy powa\u017cne, wykraczaj\u0105c poza show-biznes. Doda w Sejmie o ochronie zwierz\u0105t \u2013 artystka zabiera &#8230; <a title=\"Min\u0119\u0142y chwile od informacji o mandacie, a nagle takie spotkanie z Dod\u0105. Fani nie kryj\u0105 zaskoczenia zdj\u0119ciami\" class=\"read-more\" href=\"https:\/\/dobrezrodla.com\/?p=16043\" aria-label=\"Read more about Min\u0119\u0142y chwile od informacji o mandacie, a nagle takie spotkanie z Dod\u0105. Fani nie kryj\u0105 zaskoczenia zdj\u0119ciami\">Read more<\/a><\/p>\n","protected":false},"author":1,"featured_media":0,"comment_status":"open","ping_status":"open","sticky":false,"template":"","format":"standard","meta":{"footnotes":""},"categories":[1],"tags":[],"class_list":["post-16043","post","type-post","status-publish","format-standard","hentry","category-uncategorized"],"_links":{"self":[{"href":"https:\/\/dobrezrodla.com\/index.php?rest_route=\/wp\/v2\/posts\/16043","targetHints":{"allow":["GET"]}}],"collection":[{"href":"https:\/\/dobrezrodla.com\/index.php?rest_route=\/wp\/v2\/posts"}],"about":[{"href":"https:\/\/dobrezrodla.com\/index.php?rest_route=\/wp\/v2\/types\/post"}],"author":[{"embeddable":true,"href":"https:\/\/dobrezrodla.com\/index.php?rest_route=\/wp\/v2\/users\/1"}],"replies":[{"embeddable":true,"href":"https:\/\/dobrezrodla.com\/index.php?rest_route=%2Fwp%2Fv2%2Fcomments&post=16043"}],"version-history":[{"count":1,"href":"https:\/\/dobrezrodla.com\/index.php?rest_route=\/wp\/v2\/posts\/16043\/revisions"}],"predecessor-version":[{"id":16044,"href":"https:\/\/dobrezrodla.com\/index.php?rest_route=\/wp\/v2\/posts\/16043\/revisions\/16044"}],"wp:attachment":[{"href":"https:\/\/dobrezrodla.com\/index.php?rest_route=%2Fwp%2Fv2%2Fmedia&parent=16043"}],"wp:term":[{"taxonomy":"category","embeddable":true,"href":"https:\/\/dobrezrodla.com\/index.php?rest_route=%2Fwp%2Fv2%2Fcategories&post=16043"},{"taxonomy":"post_tag","embeddable":true,"href":"https:\/\/dobrezrodla.com\/index.php?rest_route=%2Fwp%2Fv2%2Ftags&post=16043"}],"curies":[{"name":"wp","href":"https:\/\/api.w.org\/{rel}","templated":true}]}}