{"id":16045,"date":"2026-02-02T19:06:53","date_gmt":"2026-02-02T19:06:53","guid":{"rendered":"https:\/\/dobrezrodla.com\/?p=16045"},"modified":"2026-02-02T19:06:54","modified_gmt":"2026-02-02T19:06:54","slug":"chwycil-za-reke-dziewczynke-na-przejsciu-i-probowal-uprowadzic-stawiala-opor-zaczal-ja-szarpac-jest-reakcja-przechodnia","status":"publish","type":"post","link":"https:\/\/dobrezrodla.com\/?p=16045","title":{"rendered":"Chwyci\u0142 za r\u0119k\u0119 dziewczynk\u0119 na przej\u015bciu i pr\u00f3bowa\u0142 uprowadzi\u0107. Stawia\u0142a op\u00f3r. Zacz\u0105\u0142 ja szarpa\u0107. Jest reakcja przechodnia"},"content":{"rendered":"\n<p>W Zi\u0119bicach dosz\u0142o do gro\u017anej sytuacji z udzia\u0142em ma\u0142oletniej dziewczynki, kt\u00f3ra mog\u0142a sko\u0144czy\u0107 si\u0119 tragedi\u0105. Ca\u0142e zdarzenie zwr\u00f3ci\u0142o uwag\u0119 mieszka\u0144c\u00f3w i s\u0142u\u017cb, a reakcja \u015bwiadk\u00f3w odegra\u0142a kluczow\u0105 rol\u0119 w jego szybkim zako\u0144czeniu. Policja apeluje o czujno\u015b\u0107 i reagowanie na wszelkie podejrzane sytuacje w przestrzeni publicznej.<\/p>\n\n\n\n<p>Dramatyczne zdarzenie z ma\u0142oletni\u0105 w Zi\u0119bicach<br>Przechodzie\u0144 powstrzyma\u0142 pr\u00f3b\u0119 uprowadzenia<br>Policja zatrzyma\u0142a sprawc\u0119 i zastosowano areszt<br>Dramatyczne zdarzenie z ma\u0142oletni\u0105 w Zi\u0119bicach<\/p>\n\n\n\n<p><br>Do zdarzenia dosz\u0142o 27 stycznia 2026 roku w okolicy skrzy\u017cowania ulic, niedaleko przej\u015bcia dla pieszych. Jak wynika z informacji przekazanych przez policj\u0119, m\u0119\u017cczyzna wbrew woli dziewczynki chwyci\u0142 j\u0105 za r\u0119k\u0119 i pr\u00f3bowa\u0142 zmusi\u0107 do oddalenia si\u0119 w kierunku przeciwnym do miejsca jej zamieszkania.<\/p>\n\n\n\n<p>Podczas ca\u0142ego zaj\u015bcia dziecko stawia\u0142o op\u00f3r, a sprawca mia\u0142 szarpa\u0107 j\u0105 za kurtk\u0119, co dodatkowo zwi\u0119ksza\u0142o dramatyzm sytuacji. Na ca\u0142e szcz\u0119\u015bcie w pobli\u017cu znajdowa\u0142 si\u0119 przechodzie\u0144, kt\u00f3ry nie pozosta\u0142 oboj\u0119tny. Dzi\u0119ki jego zdecydowanej reakcji napastnik zosta\u0142 zmuszony do puszczenia dziewczynki, a ta mog\u0142a bezpiecznie wr\u00f3ci\u0107 do domu.<\/p>\n\n\n\n<p>Chwyci\u0142 za r\u0119k\u0119 dziewczynk\u0119 na przej\u015bciu i pr\u00f3bowa\u0142 uprowadzi\u0107. Stawia\u0142a op\u00f3r. Zacz\u0105\u0142 ja szarpa\u0107. Jest reakcja przechodnia<br>Policja, fot. PIOTR KAMIONKA\/REPORTER<br>Przechodzie\u0144 powstrzyma\u0142 pr\u00f3b\u0119 uprowadzenia<br>Zg\u0142oszenie o zdarzeniu dotar\u0142o do komisariatu w Zi\u0119bicach 31 stycznia 2026 roku, kilka dni po fakcie. Policjanci natychmiast rozpocz\u0119li dzia\u0142ania operacyjne, korzystaj\u0105c z pozyskanych informacji i ustale\u0144. Dzi\u0119ki sprawnej pracy funkcjonariuszy m\u0119\u017cczyzna zosta\u0142 zatrzymany jeszcze tego samego dnia. W toku prowadzonego \u015bledztwa us\u0142ysza\u0142 zarzut uprowadzenia lub pozbawienia wolno\u015bci osoby ma\u0142oletniej do 15 roku \u017cycia, czynu zagro\u017conego kar\u0105 do 5 lat pozbawienia wolno\u015bci.<\/p>\n\n\n\n<p>Policja zatrzyma\u0142a sprawc\u0119 i zastosowano areszt<br>Analiza akt sprawy przez s\u0105d doprowadzi\u0142a do zastosowania wobec zatrzymanego m\u0119\u017cczyzny izolacyjnego \u015brodka zapobiegawczego w postaci tymczasowego aresztowania na okres 2 miesi\u0119cy. Ca\u0142a sytuacja podkre\u015bla znaczenie szybkiej reakcji zar\u00f3wno s\u0142u\u017cb, jak i zwyk\u0142ych przechodni\u00f3w w przypadkach zagro\u017cenia dzieci. Policja po raz kolejny apeluje o czujno\u015b\u0107 i natychmiastowe zg\u0142aszanie podejrzanych zachowa\u0144, podkre\u015blaj\u0105c, \u017ce szybkie dzia\u0142ania mog\u0105 uratowa\u0107 najm\u0142odszych przed niebezpiecze\u0144stwem.<\/p>\n","protected":false},"excerpt":{"rendered":"<p>W Zi\u0119bicach dosz\u0142o do gro\u017anej sytuacji z udzia\u0142em ma\u0142oletniej dziewczynki, kt\u00f3ra mog\u0142a sko\u0144czy\u0107 si\u0119 tragedi\u0105. Ca\u0142e zdarzenie zwr\u00f3ci\u0142o uwag\u0119 mieszka\u0144c\u00f3w i s\u0142u\u017cb, a reakcja \u015bwiadk\u00f3w odegra\u0142a kluczow\u0105 rol\u0119 w jego szybkim zako\u0144czeniu. Policja apeluje o czujno\u015b\u0107 i reagowanie na wszelkie podejrzane sytuacje w przestrzeni publicznej. Dramatyczne zdarzenie z ma\u0142oletni\u0105 w Zi\u0119bicachPrzechodzie\u0144 powstrzyma\u0142 pr\u00f3b\u0119 uprowadzeniaPolicja zatrzyma\u0142a &#8230; <a title=\"Chwyci\u0142 za r\u0119k\u0119 dziewczynk\u0119 na przej\u015bciu i pr\u00f3bowa\u0142 uprowadzi\u0107. Stawia\u0142a op\u00f3r. Zacz\u0105\u0142 ja szarpa\u0107. Jest reakcja przechodnia\" class=\"read-more\" href=\"https:\/\/dobrezrodla.com\/?p=16045\" aria-label=\"Read more about Chwyci\u0142 za r\u0119k\u0119 dziewczynk\u0119 na przej\u015bciu i pr\u00f3bowa\u0142 uprowadzi\u0107. Stawia\u0142a op\u00f3r. Zacz\u0105\u0142 ja szarpa\u0107. Jest reakcja przechodnia\">Read more<\/a><\/p>\n","protected":false},"author":1,"featured_media":0,"comment_status":"open","ping_status":"open","sticky":false,"template":"","format":"standard","meta":{"footnotes":""},"categories":[1],"tags":[],"class_list":["post-16045","post","type-post","status-publish","format-standard","hentry","category-uncategorized"],"_links":{"self":[{"href":"https:\/\/dobrezrodla.com\/index.php?rest_route=\/wp\/v2\/posts\/16045","targetHints":{"allow":["GET"]}}],"collection":[{"href":"https:\/\/dobrezrodla.com\/index.php?rest_route=\/wp\/v2\/posts"}],"about":[{"href":"https:\/\/dobrezrodla.com\/index.php?rest_route=\/wp\/v2\/types\/post"}],"author":[{"embeddable":true,"href":"https:\/\/dobrezrodla.com\/index.php?rest_route=\/wp\/v2\/users\/1"}],"replies":[{"embeddable":true,"href":"https:\/\/dobrezrodla.com\/index.php?rest_route=%2Fwp%2Fv2%2Fcomments&post=16045"}],"version-history":[{"count":1,"href":"https:\/\/dobrezrodla.com\/index.php?rest_route=\/wp\/v2\/posts\/16045\/revisions"}],"predecessor-version":[{"id":16046,"href":"https:\/\/dobrezrodla.com\/index.php?rest_route=\/wp\/v2\/posts\/16045\/revisions\/16046"}],"wp:attachment":[{"href":"https:\/\/dobrezrodla.com\/index.php?rest_route=%2Fwp%2Fv2%2Fmedia&parent=16045"}],"wp:term":[{"taxonomy":"category","embeddable":true,"href":"https:\/\/dobrezrodla.com\/index.php?rest_route=%2Fwp%2Fv2%2Fcategories&post=16045"},{"taxonomy":"post_tag","embeddable":true,"href":"https:\/\/dobrezrodla.com\/index.php?rest_route=%2Fwp%2Fv2%2Ftags&post=16045"}],"curies":[{"name":"wp","href":"https:\/\/api.w.org\/{rel}","templated":true}]}}