{"id":16056,"date":"2026-02-03T09:41:37","date_gmt":"2026-02-03T09:41:37","guid":{"rendered":"https:\/\/dobrezrodla.com\/?p=16056"},"modified":"2026-02-03T09:41:38","modified_gmt":"2026-02-03T09:41:38","slug":"krzysztof-bosak-po-raz-czwarty-zostal-ojcem-imie-dziecka-moze-zaskoczyc","status":"publish","type":"post","link":"https:\/\/dobrezrodla.com\/?p=16056","title":{"rendered":"Krzysztof Bosak po raz czwarty zosta\u0142 ojcem. Imi\u0119 dziecka mo\u017ce zaskoczy\u0107!"},"content":{"rendered":"\n<p>Krzysztof Bosak przerwa\u0142 polityczn\u0105 rutyn\u0119 szczerym wyznaniem. Wicemarsza\u0142ek Sejmu, na co dzie\u0144 twardy gracz, pokaza\u0142 zupe\u0142nie inn\u0105 twarz.<\/p>\n\n\n\n<p>Rodzina Bosak\u00f3w to ju\u017c sze\u015bcioosobowa ekipa! Polityk nie kryje, \u017ce czuje \u201cwielk\u0105 satysfakcj\u0119\u201d, a imi\u0119 syna to wyb\u00f3r godny zwyci\u0119zcy.<\/p>\n\n\n\n<p>Radosna nowina u Bosak\u00f3w. Krzysztof Bosak zosta\u0142 ojcem po raz czwarty<\/p>\n\n\n\n<p>To mia\u0142o by\u0107 kolejne polityczne starcie na antenie. Tymczasem&nbsp;Krzysztof Bosak&nbsp;kompletnie zaskoczy\u0142 s\u0142uchaczy Radia ZET. Zamiast o ustawach i sporach, opowiedzia\u0142 o wielkiej rewolucji w swoim \u017cyciu prywatnym.<\/p>\n\n\n\n<p>Dziennikarz Bogdan Romanowski nie kry\u0142 zaskoczenia, gdy us\u0142ysza\u0142 o nowym cz\u0142onku rodziny. Reakcja \u015bwie\u017co upieczonego taty by\u0142a natychmiastowa i pe\u0142na emocji.<\/p>\n\n\n\n<p>Wielka satysfakcja, wielka rado\u015b\u0107. Urodzi\u0142 si\u0119 synek [\u2026] \u017bona czuje si\u0119 bardzo dobrze, wczoraj odebra\u0142em \u017con\u0119 i synka ze szpitala. Jeste\u015bmy razem i poza tym wywiadem ca\u0142y dzie\u0144 i nast\u0119pne planuj\u0119 z rodzin\u0105.<\/p>\n\n\n\n<p>\u015awie\u017co upieczona mama,&nbsp;Karina Bosak, czuje si\u0119 \u015bwietnie.&nbsp;Wraz z noworodkiem opu\u015bci\u0142a szpital w niedziel\u0119, tu\u017c przed g\u0142o\u015bnym wywiadem m\u0119\u017ca. Teraz ca\u0142a rodzina cieszy si\u0119 wsp\u00f3lnym czasem w domowym zaciszu, z dala od blasku fleszy.<\/p>\n\n\n\n<p>Kr\u00f3lewskie znaczenie i greckie korzenie. To tradycyjne imi\u0119 powraca do \u0142ask dzi\u0119ki Bosakom?<\/p>\n\n\n\n<p>Dom Bosak\u00f3w t\u0119tni \u017cyciem. Do zgranej ekipy Artura, Daniela i Emilii do\u0142\u0105czy\u0142 drugi ch\u0142opiec.&nbsp;Krzysztof Bosak&nbsp;i jego \u017cona maj\u0105 teraz pod opiek\u0105 prawdziw\u0105 gromadk\u0119, kt\u00f3ra z pewno\u015bci\u0105 nie pozwoli im na nud\u0119.<\/p>\n\n\n\n<p>Para postawi\u0142a na klasyk\u0119 i tradycj\u0119. Wyb\u00f3r pad\u0142 na imi\u0119 Stefan. To miano o kr\u00f3lewskim rodowodzie, wywodz\u0105ce si\u0119 z greki i oznaczaj\u0105ce \u201cwieniec\u201d lub \u201ckoron\u0119\u201d \u2013 symbol zwyci\u0119zcy.<\/p>\n\n\n\n<p>W sieci natychmiast zaroi\u0142o si\u0119 od gratulacji dla dumnych rodzic\u00f3w. Wicemarsza\u0142ek udowadnia, \u017ce tward\u0105, sejmow\u0105 polityk\u0119 da si\u0119 \u0142\u0105czy\u0107 z byciem zaanga\u017cowanym tat\u0105 na pe\u0142en etat.<\/p>\n\n\n\n<p>Bosa Karina od Krzysia wyst\u0105pi\u0142a w ko\u015bciele. Na t\u0119 okazj\u0119 ods\u0142oni\u0142a nogi i za\u0142o\u017cy\u0142a wysokie szpilki<\/p>\n\n\n\n<p>\u0179r\u00f3d\u0142o: instagram.com\/karina_bosak_<\/p>\n","protected":false},"excerpt":{"rendered":"<p>Krzysztof Bosak przerwa\u0142 polityczn\u0105 rutyn\u0119 szczerym wyznaniem. Wicemarsza\u0142ek Sejmu, na co dzie\u0144 twardy gracz, pokaza\u0142 zupe\u0142nie inn\u0105 twarz. Rodzina Bosak\u00f3w to ju\u017c sze\u015bcioosobowa ekipa! Polityk nie kryje, \u017ce czuje \u201cwielk\u0105 satysfakcj\u0119\u201d, a imi\u0119 syna to wyb\u00f3r godny zwyci\u0119zcy. Radosna nowina u Bosak\u00f3w. Krzysztof Bosak zosta\u0142 ojcem po raz czwarty To mia\u0142o by\u0107 kolejne polityczne starcie &#8230; <a title=\"Krzysztof Bosak po raz czwarty zosta\u0142 ojcem. Imi\u0119 dziecka mo\u017ce zaskoczy\u0107!\" class=\"read-more\" href=\"https:\/\/dobrezrodla.com\/?p=16056\" aria-label=\"Read more about Krzysztof Bosak po raz czwarty zosta\u0142 ojcem. Imi\u0119 dziecka mo\u017ce zaskoczy\u0107!\">Read more<\/a><\/p>\n","protected":false},"author":1,"featured_media":0,"comment_status":"open","ping_status":"open","sticky":false,"template":"","format":"standard","meta":{"footnotes":""},"categories":[1],"tags":[],"class_list":["post-16056","post","type-post","status-publish","format-standard","hentry","category-uncategorized"],"_links":{"self":[{"href":"https:\/\/dobrezrodla.com\/index.php?rest_route=\/wp\/v2\/posts\/16056","targetHints":{"allow":["GET"]}}],"collection":[{"href":"https:\/\/dobrezrodla.com\/index.php?rest_route=\/wp\/v2\/posts"}],"about":[{"href":"https:\/\/dobrezrodla.com\/index.php?rest_route=\/wp\/v2\/types\/post"}],"author":[{"embeddable":true,"href":"https:\/\/dobrezrodla.com\/index.php?rest_route=\/wp\/v2\/users\/1"}],"replies":[{"embeddable":true,"href":"https:\/\/dobrezrodla.com\/index.php?rest_route=%2Fwp%2Fv2%2Fcomments&post=16056"}],"version-history":[{"count":1,"href":"https:\/\/dobrezrodla.com\/index.php?rest_route=\/wp\/v2\/posts\/16056\/revisions"}],"predecessor-version":[{"id":16057,"href":"https:\/\/dobrezrodla.com\/index.php?rest_route=\/wp\/v2\/posts\/16056\/revisions\/16057"}],"wp:attachment":[{"href":"https:\/\/dobrezrodla.com\/index.php?rest_route=%2Fwp%2Fv2%2Fmedia&parent=16056"}],"wp:term":[{"taxonomy":"category","embeddable":true,"href":"https:\/\/dobrezrodla.com\/index.php?rest_route=%2Fwp%2Fv2%2Fcategories&post=16056"},{"taxonomy":"post_tag","embeddable":true,"href":"https:\/\/dobrezrodla.com\/index.php?rest_route=%2Fwp%2Fv2%2Ftags&post=16056"}],"curies":[{"name":"wp","href":"https:\/\/api.w.org\/{rel}","templated":true}]}}