{"id":16065,"date":"2026-02-03T09:45:13","date_gmt":"2026-02-03T09:45:13","guid":{"rendered":"https:\/\/dobrezrodla.com\/?p=16065"},"modified":"2026-02-03T09:45:13","modified_gmt":"2026-02-03T09:45:13","slug":"kaczynski-w-szpitalu-sa-nowe-informacje-o-stanie-zdrowia-prezesa-pis","status":"publish","type":"post","link":"https:\/\/dobrezrodla.com\/?p=16065","title":{"rendered":"Kaczy\u0144ski w szpitalu. S\u0105 nowe informacje o stanie zdrowia prezesa PiS"},"content":{"rendered":"\n<p>Wiceprezes Prawa i Sprawiedliwo\u015bci Przemys\u0142aw Czarnek przekaza\u0142 nowe informacje o stanie zdrowia Jaros\u0142awa Kaczy\u0144skiego. Jego zdaniem, prezes PiS ju\u017c nied\u0142ugo mo\u017ce opu\u015bci\u0107 szpital. <\/p>\n\n\n\n<p>Pod koniec stycznia rzecznik PiS Rafa\u0142 Bochenek ujawni\u0142, \u017ce Jaros\u0142aw Kaczy\u0144ski trafi\u0142 pod opiek\u0119 lekarzy w zwi\u0105zku z infekcj\u0105.<br>Prezes PiS Jaros\u0142aw Kaczy\u0144ski. Foto: Anita Walczewska\/East News<\/p>\n\n\n\n<ul class=\"wp-block-list\">\n<li>Mam doskona\u0142e informacje na temat stanu zdrowia pana prezesa. Wiem, \u017ce idzie wszystko w dobrym kierunku. Infekcja b\u0119dzie wyleczona pewnie w tym tygodniu &#8211; poinformowa\u0142 w &#8220;Porannej rozmowie&#8221; w RMF FM Przemys\u0142aw Czarnek. <\/li>\n<\/ul>\n\n\n\n<p><\/p>\n\n\n\n<ul class=\"wp-block-list\">\n<li>Przyzna\u0142 jednocze\u015bnie, \u017ce nie dzwoni\u0142 do przebywaj\u0105cego w szpitalu lidera Prawa i Sprawiedliwo\u015bci. &#8211; Staram si\u0119 nie przeszkadza\u0107 panu prezesowi, kiedy nie trzeba &#8211; stwierdzi\u0142 by\u0142y szef resortu edukacji.<\/li>\n<\/ul>\n\n\n\n<p>Czarnek, zapytany czy Kaczy\u0144ski do pi\u0105tku wyjdzie ze szpitala, nie chcia\u0142 udzieli\u0107 jednoznacznej odpowiedzi. &#8211; Ja nie jestem lekarzem, wi\u0119c nie chcia\u0142bym teraz stawia\u0107 diagnoz, jakich\u015b rokowa\u0144 co do wyj\u015bcia ze szpitala &#8211; zastrzeg\u0142. &#8211; Z tego, co wiemy, kuracja zbli\u017ca si\u0119 ku szcz\u0119\u015bliwemu ko\u0144cowi &#8211; doda\u0142.<\/p>\n\n\n\n<p>Jaros\u0142aw Kaczy\u0144ski w szpitalu. Co ze zdrowiem prezesa PiS?<br>Pod koniec stycznia rzecznik Prawa i Sprawiedliwo\u015bci Rafa\u0142 Bochenek ujawni\u0142, \u017ce Jaros\u0142aw Kaczy\u0144ski trafi\u0142 do szpitala w zwi\u0105zku z infekcj\u0105. &#8220;Szanowni Pa\u0144stwo, p. premier Jaros\u0142aw Kaczy\u0144ski przebywa w szpitalu na badaniach w zwi\u0105zku z infekcj\u0105\u2026<\/p>\n\n\n\n<p> taki mamy w Polsce chorobowy czas. Zak\u0142adamy, \u017ce wszystko potrwa kilka dni. Zdarza si\u0119 nawet naszemu liderowi. Przestrzegam przed nadmiernymi emocjami i nieuzasadnionymi wnioskami. Wszyscy dzia\u0142amy zgodnie z planem&#8221; &#8211; napisa\u0142.<\/p>\n","protected":false},"excerpt":{"rendered":"<p>Wiceprezes Prawa i Sprawiedliwo\u015bci Przemys\u0142aw Czarnek przekaza\u0142 nowe informacje o stanie zdrowia Jaros\u0142awa Kaczy\u0144skiego. Jego zdaniem, prezes PiS ju\u017c nied\u0142ugo mo\u017ce opu\u015bci\u0107 szpital. Pod koniec stycznia rzecznik PiS Rafa\u0142 Bochenek ujawni\u0142, \u017ce Jaros\u0142aw Kaczy\u0144ski trafi\u0142 pod opiek\u0119 lekarzy w zwi\u0105zku z infekcj\u0105.Prezes PiS Jaros\u0142aw Kaczy\u0144ski. Foto: Anita Walczewska\/East News Czarnek, zapytany czy Kaczy\u0144ski do pi\u0105tku &#8230; <a title=\"Kaczy\u0144ski w szpitalu. S\u0105 nowe informacje o stanie zdrowia prezesa PiS\" class=\"read-more\" href=\"https:\/\/dobrezrodla.com\/?p=16065\" aria-label=\"Read more about Kaczy\u0144ski w szpitalu. S\u0105 nowe informacje o stanie zdrowia prezesa PiS\">Read more<\/a><\/p>\n","protected":false},"author":1,"featured_media":0,"comment_status":"open","ping_status":"open","sticky":false,"template":"","format":"standard","meta":{"footnotes":""},"categories":[1],"tags":[],"class_list":["post-16065","post","type-post","status-publish","format-standard","hentry","category-uncategorized"],"_links":{"self":[{"href":"https:\/\/dobrezrodla.com\/index.php?rest_route=\/wp\/v2\/posts\/16065","targetHints":{"allow":["GET"]}}],"collection":[{"href":"https:\/\/dobrezrodla.com\/index.php?rest_route=\/wp\/v2\/posts"}],"about":[{"href":"https:\/\/dobrezrodla.com\/index.php?rest_route=\/wp\/v2\/types\/post"}],"author":[{"embeddable":true,"href":"https:\/\/dobrezrodla.com\/index.php?rest_route=\/wp\/v2\/users\/1"}],"replies":[{"embeddable":true,"href":"https:\/\/dobrezrodla.com\/index.php?rest_route=%2Fwp%2Fv2%2Fcomments&post=16065"}],"version-history":[{"count":1,"href":"https:\/\/dobrezrodla.com\/index.php?rest_route=\/wp\/v2\/posts\/16065\/revisions"}],"predecessor-version":[{"id":16066,"href":"https:\/\/dobrezrodla.com\/index.php?rest_route=\/wp\/v2\/posts\/16065\/revisions\/16066"}],"wp:attachment":[{"href":"https:\/\/dobrezrodla.com\/index.php?rest_route=%2Fwp%2Fv2%2Fmedia&parent=16065"}],"wp:term":[{"taxonomy":"category","embeddable":true,"href":"https:\/\/dobrezrodla.com\/index.php?rest_route=%2Fwp%2Fv2%2Fcategories&post=16065"},{"taxonomy":"post_tag","embeddable":true,"href":"https:\/\/dobrezrodla.com\/index.php?rest_route=%2Fwp%2Fv2%2Ftags&post=16065"}],"curies":[{"name":"wp","href":"https:\/\/api.w.org\/{rel}","templated":true}]}}