{"id":16069,"date":"2026-02-03T09:46:14","date_gmt":"2026-02-03T09:46:14","guid":{"rendered":"https:\/\/dobrezrodla.com\/?p=16069"},"modified":"2026-02-03T09:46:14","modified_gmt":"2026-02-03T09:46:14","slug":"pierwsze-ulaskawienia-karola-nawrockiego-chodzi-o-trzy-osoby","status":"publish","type":"post","link":"https:\/\/dobrezrodla.com\/?p=16069","title":{"rendered":"Pierwsze u\u0142askawienia Karola Nawrockiego. Chodzi o trzy osoby"},"content":{"rendered":"\n<p>Prezydent Karol Nawrocki skorzysta\u0142 z prawa \u0142aski wobec trzech os\u00f3b, kieruj\u0105c si\u0119 wzgl\u0119dami humanitarnymi oraz pozytywnymi opiniami s\u0105d\u00f3w i prokuratora generalnego.<\/p>\n\n\n\n<p> U\u0142askawieni byli skazani m.in. za gro\u017aby karalne, nieumy\u015blne spowodowanie \u015bmiertelnego wypadku oraz oszustwa gospodarcze.<br>Karol Nawrocki. Foto: Anita Walczewska\/East News<br>Karol Nawrocki u\u0142askawi\u0142 trzy osoby<\/p>\n\n\n\n<p><br>Rzecznik prezydenta Rafa\u0142 Le\u015bkiewicz we wpisie na platformie X poinformowa\u0142, \u017ce prezydent postanowieniami z 2 lutego zastosowa\u0142 prawo \u0142aski w stosunku do trzech os\u00f3b. &#8220;Podejmuj\u0105c decyzje prezydent RP kierowa\u0142 si\u0119 wzgl\u0119dami humanitarnymi, pozytywnymi opiniami s\u0105d\u00f3w, a tak\u017ce wnioskami prokuratora generalnego o skorzystanie z prawa \u0142aski&#8221; &#8211; wskaza\u0142.<\/p>\n\n\n\n<p>Z opublikowanych przez Kancelari\u0119 Prezydenta uzasadnie\u0144 wynika, \u017ce u\u0142askawione przez prezydenta osoby by\u0142y skazane za gro\u017aby karalne, nieumy\u015blne spowodowanie \u015bmiertelnego wypadku w ruchu l\u0105dowym oraz za oszustwo i wyrz\u0105dzenie szkody w obrocie gospodarczym. W ka\u017cdym przypadku uzasadniaj\u0105c u\u0142askawienie prezydent Nawrocki powo\u0142ywa\u0142 si\u0119 na wzgl\u0119dy humanitarne.<\/p>\n\n\n\n<p>Nie zastosowano prawa \u0142aski wobec pi\u0119ciu os\u00f3b<br>Rzecznik prezydenta potwierdzi\u0142, \u017ce Karol Nawrocki postanowieniem z poniedzia\u0142ku nie zastosowa\u0142 prawa \u0142aski wobec pi\u0119ciu os\u00f3b. Ponadto prezydent podpisa\u0142 cztery postanowienia, w kt\u00f3rych &#8220;za\u017c\u0105da\u0142 od prokuratora generalnego przedstawienia akt w 4 sprawach&#8221;. Prezydent uczyni\u0142 to na podstawie przepisu Kodeksu post\u0119powania karnego m\u00f3wi\u0105cego, \u017ce &#8220;prokurator generalny przedstawia prezydentowi Rzeczypospolitej Polskiej akta sprawy lub wszczyna z urz\u0119du post\u0119powanie o u\u0142askawienie w ka\u017cdym wypadku, kiedy prezydent tak zadecyduje&#8221;.<\/p>\n","protected":false},"excerpt":{"rendered":"<p>Prezydent Karol Nawrocki skorzysta\u0142 z prawa \u0142aski wobec trzech os\u00f3b, kieruj\u0105c si\u0119 wzgl\u0119dami humanitarnymi oraz pozytywnymi opiniami s\u0105d\u00f3w i prokuratora generalnego. U\u0142askawieni byli skazani m.in. za gro\u017aby karalne, nieumy\u015blne spowodowanie \u015bmiertelnego wypadku oraz oszustwa gospodarcze.Karol Nawrocki. Foto: Anita Walczewska\/East NewsKarol Nawrocki u\u0142askawi\u0142 trzy osoby Rzecznik prezydenta Rafa\u0142 Le\u015bkiewicz we wpisie na platformie X poinformowa\u0142, \u017ce &#8230; <a title=\"Pierwsze u\u0142askawienia Karola Nawrockiego. Chodzi o trzy osoby\" class=\"read-more\" href=\"https:\/\/dobrezrodla.com\/?p=16069\" aria-label=\"Read more about Pierwsze u\u0142askawienia Karola Nawrockiego. Chodzi o trzy osoby\">Read more<\/a><\/p>\n","protected":false},"author":1,"featured_media":0,"comment_status":"open","ping_status":"open","sticky":false,"template":"","format":"standard","meta":{"footnotes":""},"categories":[1],"tags":[],"class_list":["post-16069","post","type-post","status-publish","format-standard","hentry","category-uncategorized"],"_links":{"self":[{"href":"https:\/\/dobrezrodla.com\/index.php?rest_route=\/wp\/v2\/posts\/16069","targetHints":{"allow":["GET"]}}],"collection":[{"href":"https:\/\/dobrezrodla.com\/index.php?rest_route=\/wp\/v2\/posts"}],"about":[{"href":"https:\/\/dobrezrodla.com\/index.php?rest_route=\/wp\/v2\/types\/post"}],"author":[{"embeddable":true,"href":"https:\/\/dobrezrodla.com\/index.php?rest_route=\/wp\/v2\/users\/1"}],"replies":[{"embeddable":true,"href":"https:\/\/dobrezrodla.com\/index.php?rest_route=%2Fwp%2Fv2%2Fcomments&post=16069"}],"version-history":[{"count":1,"href":"https:\/\/dobrezrodla.com\/index.php?rest_route=\/wp\/v2\/posts\/16069\/revisions"}],"predecessor-version":[{"id":16070,"href":"https:\/\/dobrezrodla.com\/index.php?rest_route=\/wp\/v2\/posts\/16069\/revisions\/16070"}],"wp:attachment":[{"href":"https:\/\/dobrezrodla.com\/index.php?rest_route=%2Fwp%2Fv2%2Fmedia&parent=16069"}],"wp:term":[{"taxonomy":"category","embeddable":true,"href":"https:\/\/dobrezrodla.com\/index.php?rest_route=%2Fwp%2Fv2%2Fcategories&post=16069"},{"taxonomy":"post_tag","embeddable":true,"href":"https:\/\/dobrezrodla.com\/index.php?rest_route=%2Fwp%2Fv2%2Ftags&post=16069"}],"curies":[{"name":"wp","href":"https:\/\/api.w.org\/{rel}","templated":true}]}}