{"id":16078,"date":"2026-02-03T18:42:10","date_gmt":"2026-02-03T18:42:10","guid":{"rendered":"https:\/\/dobrezrodla.com\/?p=16078"},"modified":"2026-02-03T18:42:10","modified_gmt":"2026-02-03T18:42:10","slug":"nawrocki-wlasnie-podjal-decyzje-pierwsze-ulaskawienia-prezydenta","status":"publish","type":"post","link":"https:\/\/dobrezrodla.com\/?p=16078","title":{"rendered":"Nawrocki w\u0142a\u015bnie podj\u0105\u0142 decyzj\u0119! Pierwsze u\u0142askawienia prezydenta!"},"content":{"rendered":"\n<p>W lutym 2026 roku Prezydent RP&nbsp;<strong>Karol Nawrocki<\/strong>&nbsp;podj\u0105\u0142 kolejne decyzje w sprawach dotycz\u0105cych prawa \u0142aski, kt\u00f3re szybko zwr\u00f3ci\u0142y uwag\u0119 opinii publicznej.<\/p>\n\n\n\n<p>Postanowienia obj\u0119\u0142y zar\u00f3wno osoby, wobec kt\u00f3rych u\u0142askawienie zosta\u0142o zastosowane, jak i te, kt\u00f3rym prezydent odm\u00f3wi\u0142 skorzystania z tego uprawnienia.<\/p>\n\n\n\n<p>Szczeg\u00f3\u0142y decyzji zosta\u0142y przekazane przez&nbsp;<strong>Rafa\u0142 Le\u015bkiewicz<\/strong>, podsekretarza stanu w&nbsp;<strong>Kancelaria Prezydenta RP<\/strong>&nbsp;i rzecznika prasowego prezydenta.<\/p>\n\n\n\n<p>Informacje pojawi\u0142y si\u0119 w oficjalnym wpisie opublikowanym na portalu X.<\/p>\n\n\n\n<p>Prawo \u0142aski w Polsce pozwala prezydentowi na u\u0142askawienie os\u00f3b skazanych prawomocnym wyrokiem s\u0105du.<\/p>\n\n\n\n<p>Decyzja ta mo\u017ce zosta\u0107 podj\u0119ta zar\u00f3wno na wniosek samego skazanego, jak i na wniosek&nbsp;<strong>Prokurator Generalny<\/strong>.<\/p>\n\n\n\n<p>W praktyce ka\u017cda sprawa jest analizowana indywidualnie, z uwzgl\u0119dnieniem opinii s\u0105d\u00f3w oraz stanowiska organ\u00f3w \u015bcigania.<\/p>\n\n\n\n<p>Rafa\u0142 Le\u015bkiewicz podkre\u015bli\u0142, \u017ce przy podejmowaniu decyzji prezydent kierowa\u0142 si\u0119 wzgl\u0119dami humanitarnymi.<\/p>\n\n\n\n<p>Istotne znaczenie mia\u0142y tak\u017ce pozytywne opinie s\u0105d\u00f3w oraz wnioski Prokuratora Generalnego o skorzystanie z prawa \u0142aski.<\/p>\n\n\n\n<p><strong>Z opublikowanych informacji wynika, \u017ce 2 lutego 2026 roku prezydent zastosowa\u0142 prawo \u0142aski wobec trzech os\u00f3b.<\/strong><\/p>\n\n\n\n<p>Tego samego dnia wobec pi\u0119ciu innych os\u00f3b zapad\u0142y decyzje odmowne.<\/p>\n\n\n\n<p>Pokazuje to, \u017ce decyzje mia\u0142y charakter selektywny i by\u0142y uzale\u017cnione od okoliczno\u015bci ka\u017cdej sprawy.<\/p>\n\n\n\n<p>R\u00f3wnolegle prezydent podpisa\u0142 cztery postanowienia dotycz\u0105ce kolejnych post\u0119powa\u0144.<\/p>\n\n\n\n<p>W ich ramach zwr\u00f3ci\u0142 si\u0119 do Prokuratora Generalnego o przedstawienie akt w czterech sprawach.<\/p>\n\n\n\n<p>Dzia\u0142ania te zosta\u0142y podj\u0119te w trybie art. 567 \u00a7 2 Kodeksu post\u0119powania karnego.<\/p>\n\n\n\n<p>Przepis ten umo\u017cliwia prezydentowi za\u017c\u0105danie akt sprawy lub wszcz\u0119cie post\u0119powania u\u0142askawieniowego z urz\u0119du.<\/p>\n\n\n\n<p>Oznacza to, \u017ce g\u0142owa pa\u0144stwa mo\u017ce samodzielnie inicjowa\u0107 analiz\u0119 konkretnych przypadk\u00f3w jeszcze przed podj\u0119ciem ostatecznej decyzji.<\/p>\n\n\n\n<p>Ca\u0142o\u015b\u0107 pokazuje, \u017ce w lutym 2026 roku prawo \u0142aski by\u0142o stosowane aktywnie, ale z zachowaniem wyra\u017anych kryteri\u00f3w i ostro\u017cno\u015bci decyzyjnej.<\/p>\n","protected":false},"excerpt":{"rendered":"<p>W lutym 2026 roku Prezydent RP&nbsp;Karol Nawrocki&nbsp;podj\u0105\u0142 kolejne decyzje w sprawach dotycz\u0105cych prawa \u0142aski, kt\u00f3re szybko zwr\u00f3ci\u0142y uwag\u0119 opinii publicznej. Postanowienia obj\u0119\u0142y zar\u00f3wno osoby, wobec kt\u00f3rych u\u0142askawienie zosta\u0142o zastosowane, jak i te, kt\u00f3rym prezydent odm\u00f3wi\u0142 skorzystania z tego uprawnienia. Szczeg\u00f3\u0142y decyzji zosta\u0142y przekazane przez&nbsp;Rafa\u0142 Le\u015bkiewicz, podsekretarza stanu w&nbsp;Kancelaria Prezydenta RP&nbsp;i rzecznika prasowego prezydenta. Informacje pojawi\u0142y &#8230; <a title=\"Nawrocki w\u0142a\u015bnie podj\u0105\u0142 decyzj\u0119! Pierwsze u\u0142askawienia prezydenta!\" class=\"read-more\" href=\"https:\/\/dobrezrodla.com\/?p=16078\" aria-label=\"Read more about Nawrocki w\u0142a\u015bnie podj\u0105\u0142 decyzj\u0119! Pierwsze u\u0142askawienia prezydenta!\">Read more<\/a><\/p>\n","protected":false},"author":1,"featured_media":0,"comment_status":"open","ping_status":"open","sticky":false,"template":"","format":"standard","meta":{"footnotes":""},"categories":[1],"tags":[],"class_list":["post-16078","post","type-post","status-publish","format-standard","hentry","category-uncategorized"],"_links":{"self":[{"href":"https:\/\/dobrezrodla.com\/index.php?rest_route=\/wp\/v2\/posts\/16078","targetHints":{"allow":["GET"]}}],"collection":[{"href":"https:\/\/dobrezrodla.com\/index.php?rest_route=\/wp\/v2\/posts"}],"about":[{"href":"https:\/\/dobrezrodla.com\/index.php?rest_route=\/wp\/v2\/types\/post"}],"author":[{"embeddable":true,"href":"https:\/\/dobrezrodla.com\/index.php?rest_route=\/wp\/v2\/users\/1"}],"replies":[{"embeddable":true,"href":"https:\/\/dobrezrodla.com\/index.php?rest_route=%2Fwp%2Fv2%2Fcomments&post=16078"}],"version-history":[{"count":1,"href":"https:\/\/dobrezrodla.com\/index.php?rest_route=\/wp\/v2\/posts\/16078\/revisions"}],"predecessor-version":[{"id":16079,"href":"https:\/\/dobrezrodla.com\/index.php?rest_route=\/wp\/v2\/posts\/16078\/revisions\/16079"}],"wp:attachment":[{"href":"https:\/\/dobrezrodla.com\/index.php?rest_route=%2Fwp%2Fv2%2Fmedia&parent=16078"}],"wp:term":[{"taxonomy":"category","embeddable":true,"href":"https:\/\/dobrezrodla.com\/index.php?rest_route=%2Fwp%2Fv2%2Fcategories&post=16078"},{"taxonomy":"post_tag","embeddable":true,"href":"https:\/\/dobrezrodla.com\/index.php?rest_route=%2Fwp%2Fv2%2Ftags&post=16078"}],"curies":[{"name":"wp","href":"https:\/\/api.w.org\/{rel}","templated":true}]}}