{"id":16088,"date":"2026-02-03T18:44:30","date_gmt":"2026-02-03T18:44:30","guid":{"rendered":"https:\/\/dobrezrodla.com\/?p=16088"},"modified":"2026-02-03T18:44:30","modified_gmt":"2026-02-03T18:44:30","slug":"tragiczny-wypadek-w-polsce-bus-zmiazdzony-jak-puszka-nie-zyja-3-osoby","status":"publish","type":"post","link":"https:\/\/dobrezrodla.com\/?p=16088","title":{"rendered":"Tragiczny wypadek w Polsce. Bus zmia\u017cd\u017cony jak puszka. Nie \u017cyj\u0105 3 osoby"},"content":{"rendered":"\n<p>W poniedzia\u0142kowy poranek w powiecie makowskim dosz\u0142o do wstrz\u0105saj\u0105cego wypadku drogowego, kt\u00f3ry zako\u0144czy\u0142 si\u0119 tragicznym bilansem ofiar i ca\u0142kowitym parali\u017cem ruchu na lokalnej trasie.<\/p>\n\n\n\n<p>Do zdarzenia dosz\u0142o 2 lutego oko\u0142o godziny 6:25 w miejscowo\u015bci Chyliny w gminie Szelk\u00f3w, gdzie s\u0142u\u017cby ratunkowe zosta\u0142y postawione w stan najwy\u017cszej gotowo\u015bci.<\/p>\n\n\n\n<p>Na miejsce natychmiast skierowano patrole Policji Mazowieckiej, zast\u0119py stra\u017cy po\u017carnej oraz zespo\u0142y ratownictwa medycznego, kt\u00f3re rozpocz\u0119\u0142y dramatyczn\u0105 walk\u0119 o \u017cycie poszkodowanych.<\/p>\n\n\n\n<p>Pierwsi ratownicy zastali niezwykle trudn\u0105 sytuacj\u0119, poniewa\u017c skala zniszcze\u0144 pojazdu by\u0142a ogromna, a mro\u017ane, poranne warunki dodatkowo utrudnia\u0142y dzia\u0142ania.<\/p>\n\n\n\n<p>Teren wypadku zosta\u0142 zabezpieczony, a funkcjonariusze rozpocz\u0119li szczeg\u00f3\u0142owe czynno\u015bci ratownicze oraz dokumentowanie \u015blad\u00f3w na oblodzonej nawierzchni drogi powiatowej.<\/p>\n\n\n\n<p>Z ustale\u0144 policji wynika, \u017ce kieruj\u0105cy busem uderzy\u0142 z du\u017c\u0105 si\u0142\u0105 w ty\u0142 samochodu ci\u0119\u017carowego z naczep\u0105, kt\u00f3ry sta\u0142 zaparkowany bezpo\u015brednio na jezdni.<\/p>\n\n\n\n<p>Po zderzeniu bus straci\u0142 stabilno\u015b\u0107, wypad\u0142 z drogi i wpad\u0142 do przydro\u017cnego rowu, gdzie z ogromnym impetem uderzy\u0142 w rosn\u0105ce obok drzewo.<\/p>\n\n\n\n<p>Si\u0142a uderzenia by\u0142a tak du\u017ca, \u017ce pojazd zosta\u0142 niemal ca\u0142kowicie zmia\u017cd\u017cony, co wida\u0107 na zdj\u0119ciach wykonanych na miejscu tragedii.<\/p>\n\n\n\n<p>Ca\u0142e zdarzenie rozegra\u0142o si\u0119 w u\u0142amku sekundy, nie daj\u0105c podr\u00f3\u017cuj\u0105cym wi\u0119kszych szans na unikni\u0119cie fatalnych konsekwencji porannego zderzenia.<\/p>\n\n\n\n<p>Bilans wypadku jest wyj\u0105tkowo bolesny, poniewa\u017c \u017cycie straci\u0142y trzy osoby podr\u00f3\u017cuj\u0105ce czerwonym busem.<\/p>\n\n\n\n<p>Ofiary to dwie kobiety oraz m\u0119\u017cczyzna w wieku od oko\u0142o 40 do 65 lat, kt\u00f3rych to\u017csamo\u015b\u0107 ustalana jest przez s\u0142u\u017cby.<\/p>\n\n\n\n<p>Badania wykaza\u0142y, \u017ce zar\u00f3wno kierowca busa, jak i kieruj\u0105cy ci\u0119\u017car\u00f3wk\u0105 byli w chwili zdarzenia ca\u0142kowicie trze\u017awi.<\/p>\n\n\n\n<p>Pomimo natychmiastowej reanimacji prowadzonej przez zespo\u0142y ratownictwa medycznego, \u017cycia trojga pasa\u017cer\u00f3w nie uda\u0142o si\u0119 uratowa\u0107.<\/p>\n\n\n\n<p>Rodziny ofiar zostan\u0105 obj\u0119te wsparciem, podczas gdy \u015bledczy koncentruj\u0105 si\u0119 na odtworzeniu dok\u0142adnego przebiegu tego tragicznego poranka.<\/p>\n\n\n\n<p>Na miejscu wci\u0105\u017c prowadzone s\u0105 szczeg\u00f3\u0142owe czynno\u015bci procesowe pod nadzorem prokuratora, kt\u00f3ry osobi\u015bcie koordynuje dzia\u0142ania.<\/p>\n\n\n\n<p>Policjanci zabezpieczaj\u0105 dowody i analizuj\u0105, dlaczego ci\u0119\u017car\u00f3wka znajdowa\u0142a si\u0119 zaparkowana na jezdni oraz czy mog\u0142o to bezpo\u015brednio przyczyni\u0107 si\u0119 do tragedii.<\/p>\n\n\n\n<p>Droga powiatowa w Chylinach pozostaje ca\u0142kowicie zamkni\u0119ta dla ruchu, a utrudnienia mog\u0105 potrwa\u0107 jeszcze wiele godzin.<\/p>\n\n\n\n<p>S\u0142u\u017cby apeluj\u0105 do kierowc\u00f3w o omijanie tego odcinka i zachowanie szczeg\u00f3lnej ostro\u017cno\u015bci, zw\u0142aszcza w trudnych, zimowych warunkach drogowych.<\/p>\n","protected":false},"excerpt":{"rendered":"<p>W poniedzia\u0142kowy poranek w powiecie makowskim dosz\u0142o do wstrz\u0105saj\u0105cego wypadku drogowego, kt\u00f3ry zako\u0144czy\u0142 si\u0119 tragicznym bilansem ofiar i ca\u0142kowitym parali\u017cem ruchu na lokalnej trasie. Do zdarzenia dosz\u0142o 2 lutego oko\u0142o godziny 6:25 w miejscowo\u015bci Chyliny w gminie Szelk\u00f3w, gdzie s\u0142u\u017cby ratunkowe zosta\u0142y postawione w stan najwy\u017cszej gotowo\u015bci. Na miejsce natychmiast skierowano patrole Policji Mazowieckiej, zast\u0119py &#8230; <a title=\"Tragiczny wypadek w Polsce. Bus zmia\u017cd\u017cony jak puszka. Nie \u017cyj\u0105 3 osoby\" class=\"read-more\" href=\"https:\/\/dobrezrodla.com\/?p=16088\" aria-label=\"Read more about Tragiczny wypadek w Polsce. Bus zmia\u017cd\u017cony jak puszka. Nie \u017cyj\u0105 3 osoby\">Read more<\/a><\/p>\n","protected":false},"author":1,"featured_media":0,"comment_status":"open","ping_status":"open","sticky":false,"template":"","format":"standard","meta":{"footnotes":""},"categories":[1],"tags":[],"class_list":["post-16088","post","type-post","status-publish","format-standard","hentry","category-uncategorized"],"_links":{"self":[{"href":"https:\/\/dobrezrodla.com\/index.php?rest_route=\/wp\/v2\/posts\/16088","targetHints":{"allow":["GET"]}}],"collection":[{"href":"https:\/\/dobrezrodla.com\/index.php?rest_route=\/wp\/v2\/posts"}],"about":[{"href":"https:\/\/dobrezrodla.com\/index.php?rest_route=\/wp\/v2\/types\/post"}],"author":[{"embeddable":true,"href":"https:\/\/dobrezrodla.com\/index.php?rest_route=\/wp\/v2\/users\/1"}],"replies":[{"embeddable":true,"href":"https:\/\/dobrezrodla.com\/index.php?rest_route=%2Fwp%2Fv2%2Fcomments&post=16088"}],"version-history":[{"count":1,"href":"https:\/\/dobrezrodla.com\/index.php?rest_route=\/wp\/v2\/posts\/16088\/revisions"}],"predecessor-version":[{"id":16089,"href":"https:\/\/dobrezrodla.com\/index.php?rest_route=\/wp\/v2\/posts\/16088\/revisions\/16089"}],"wp:attachment":[{"href":"https:\/\/dobrezrodla.com\/index.php?rest_route=%2Fwp%2Fv2%2Fmedia&parent=16088"}],"wp:term":[{"taxonomy":"category","embeddable":true,"href":"https:\/\/dobrezrodla.com\/index.php?rest_route=%2Fwp%2Fv2%2Fcategories&post=16088"},{"taxonomy":"post_tag","embeddable":true,"href":"https:\/\/dobrezrodla.com\/index.php?rest_route=%2Fwp%2Fv2%2Ftags&post=16088"}],"curies":[{"name":"wp","href":"https:\/\/api.w.org\/{rel}","templated":true}]}}