{"id":16104,"date":"2026-02-03T18:51:33","date_gmt":"2026-02-03T18:51:33","guid":{"rendered":"https:\/\/dobrezrodla.com\/?p=16104"},"modified":"2026-02-03T18:51:34","modified_gmt":"2026-02-03T18:51:34","slug":"swietne-wiesci-prosto-z-zus-emeryci-i-rencisci-zostana-zwolnieni-z-uciazliwego-obowiazku","status":"publish","type":"post","link":"https:\/\/dobrezrodla.com\/?p=16104","title":{"rendered":"\u015awietne wie\u015bci prosto z ZUS. Emeryci i renci\u015bci zostan\u0105 zwolnieni z uci\u0105\u017cliwego obowi\u0105zku"},"content":{"rendered":"\n<p>W nadchodz\u0105cych latach planowane s\u0105 rewolucyjne zmiany w przepisach dotycz\u0105cych emeryt\u00f3w i rencist\u00f3w. Reforma ma obj\u0105\u0107 szerok\u0105 grup\u0119 obywateli i przede wszystkim ma zlikwidowa\u0107 dra\u017cni\u0105ce procedury, kt\u00f3re od lat powodowa\u0142y trudno\u015bci i niepotrzebny stres u wielu os\u00f3b. Cho\u0107 wiele wskazuje na upragnione zmniejszenie biurokracji, eksperci zwracaj\u0105 uwag\u0119, \u017ce mog\u0105 pojawi\u0107 si\u0119 r\u00f3wnie\u017c nowe wyzwania zwi\u0105zane z funkcjonowaniem ca\u0142ego systemu.<\/p>\n\n\n\n<h2 class=\"wp-block-heading\">Dlaczego obecny system jest problematyczny?<\/h2>\n\n\n\n<p>Obowi\u0105zki administracyjne, z kt\u00f3rymi musz\u0105 si\u0119 mierzy\u0107 polscy seniorzy, bywaj\u0105 naprawd\u0119 uci\u0105\u017cliwe. Emeryci oraz osoby pobieraj\u0105ce r\u00f3\u017cnego rodzaju \u015bwiadczenia, szczeg\u00f3lnie je\u017celi przed osi\u0105gni\u0119ciem ustawowego wieku emerytalnego pracuj\u0105, maj\u0105 corocznie obowi\u0105zek informowa\u0107 Zak\u0142ad Ubezpiecze\u0144 Spo\u0142ecznych o dodatkowych dochodach. To zadanie, cho\u0107 brzmi prosto, w praktyce przysparza\u0142o wielu trudno\u015bci.<\/p>\n\n\n\n<p>Do ko\u0144ca lutego ka\u017cdego roku trzeba by\u0142o przygotowa\u0107 szczeg\u00f3\u0142owe zestawienie zarobk\u00f3w z minionych 12 miesi\u0119cy. Wielu starszych os\u00f3b mia\u0142o problemy z terminowo\u015bci\u0105, interpretacj\u0105 przepis\u00f3w lub pope\u0142nia\u0142o b\u0142\u0119dy formalne. Te nierzadko skutkowa\u0142y konieczno\u015bci\u0105 zwrotu cz\u0119\u015bci otrzymanych \u015bwiadcze\u0144, je\u017celi ich dochody przekracza\u0142y okre\u015blone progi.<\/p>\n\n\n\n<figure class=\"wp-block-image\"><img decoding=\"async\" src=\"https:\/\/www.bystragrazyna.pl\/wp-content\/uploads\/2025\/09\/1445.jpg\" alt=\"\"\/><\/figure>\n\n\n\n<p>Co wi\u0119cej, biurokracja generowa\u0142a spory mi\u0119dzy \u015bwiadczeniobiorcami a urz\u0119dnikami. Osoby starsze cz\u0119sto nie radzi\u0142y sobie z cyfryzacj\u0105 i musia\u0142y osobi\u015bcie stawia\u0107 si\u0119 w plac\u00f3wkach ZUS lub korzysta\u0107 z pomocy biur rachunkowych, co zwi\u0119ksza\u0142o ich stres i obci\u0105\u017cenie. Z kolei dla samego Zak\u0142adu Ubezpiecze\u0144 Spo\u0142ecznych weryfikacja i sprawdzanie setek tysi\u0119cy dokument\u00f3w powodowa\u0142y znaczne koszty i d\u0142ugie kolejki, przez co ca\u0142y system stawa\u0142 si\u0119 mniej efektywny.<\/p>\n\n\n\n<h2 class=\"wp-block-heading\">Rewolucja w ZUS \u2013 jakie zmiany s\u0105 planowane?<\/h2>\n\n\n\n<p>Odpowiedzi\u0105 na krytyk\u0119 oraz postulaty \u015brodowisk emeryckich jest projekt nowelizacji przepis\u00f3w, kt\u00f3ry ma przede wszystkim zwi\u0119kszy\u0107 automatyzacj\u0119 proces\u00f3w administracyjnych. Zamiast wymaga\u0107 corocznego sk\u0142adania przez senior\u00f3w papierowych o\u015bwiadcze\u0144, pa\u0144stwo chce wykorzysta\u0107 dane, kt\u00f3re ju\u017c posiada dzi\u0119ki nowoczesnym systemom informatycznym.<\/p>\n\n\n\n<p>ZUS ma dost\u0119p do informacji o sk\u0142adkach zg\u0142aszanych przez zatrudniaj\u0105cych senior\u00f3w, a Krajowa Administracja Skarbowa gromadzi dane o przychodach z dzia\u0142alno\u015bci gospodarczej i innych form zarobkowania. Po\u0142\u0105czenie tych baz danych pozwoli na automatyczn\u0105 wymian\u0119 informacji i wyeliminowanie potrzeby dostarczania dokument\u00f3w przez wi\u0119kszo\u015b\u0107 \u015bwiadczeniobiorc\u00f3w.<\/p>\n\n\n\n<p>Nieco inaczej wygl\u0105da sytuacja os\u00f3b osi\u0105gaj\u0105cych dochody za granic\u0105 \u2013 poniewa\u017c tamtejsze instytucje nie przekazuj\u0105 informacji automatycznie do polskich system\u00f3w, te osoby wci\u0105\u017c b\u0119d\u0105 musia\u0142y sk\u0142ada\u0107 w\u0142asne o\u015bwiadczenia. Resort rodziny zapewnia jednak, \u017ce b\u0119dzie to niewielka grupa.<\/p>\n\n\n\n<p>Zmiany obejm\u0105 tak\u017ce renta socjalne \u2013 obecnie wymagaj\u0105 one sk\u0142adania osobnych o\u015bwiadcze\u0144 pod gro\u017ab\u0105 odpowiedzialno\u015bci karnej. Po reformie r\u00f3wnie\u017c w tym zakresie baz\u0105 danych b\u0119d\u0105 ju\u017c posiadane informacje, cho\u0107 ZUS b\u0119dzie mia\u0142 mo\u017cliwo\u015b\u0107 kontroli i pro\u015bby o dodatkowe wyja\u015bnienia.<\/p>\n\n\n\n<h2 class=\"wp-block-heading\">Reforma, kt\u00f3ra obejmie setki tysi\u0119cy Polak\u00f3w<\/h2>\n\n\n\n<p>Projekt nowelizacji ustawy o emeryturach i rentach z Funduszu Ubezpiecze\u0144 Spo\u0142ecznych oraz ustawy o rencie socjalnej zak\u0142ada, \u017ce od 1 stycznia 2027 roku osoby pobieraj\u0105ce wcze\u015bniejsze emerytury oraz renty zostan\u0105 zwolnione z obowi\u0105zku corocznego zg\u0142aszania dodatkowych przychod\u00f3w. To zmiana, kt\u00f3ra dotknie oko\u0142o 600 tysi\u0119cy obywateli \u2013 w r\u00f3wnych proporcjach emeryt\u00f3w, rencist\u00f3w oraz os\u00f3b pobieraj\u0105cych rent\u0119 socjaln\u0105.<\/p>\n\n\n\n<p>W praktyce pracuj\u0105cy na etacie lub umowie zlecenie seniorzy b\u0119d\u0105 rozliczani na podstawie danych o sk\u0142adkach przesy\u0142anych do ZUS. Natomiast przedsi\u0119biorcy b\u0119d\u0105 rozliczani w uproszczony spos\u00f3b, wed\u0142ug rycza\u0142tu odpowiadaj\u0105cego 60% prognozowanego \u015bredniego wynagrodzenia.<\/p>\n\n\n\n<p>Ministerstwo Rodziny, Pracy i Polityki Spo\u0142ecznej zaznacza, \u017ce reforma nie zwi\u0119kszy wydatk\u00f3w bud\u017cetowych, cho\u0107 wymaga\u0107 b\u0119dzie modernizacji system\u00f3w informatycznych ZUS, czego cz\u0119\u015b\u0107 koszt\u00f3w ju\u017c uj\u0119to w planie finansowym na 2026 rok.<\/p>\n\n\n\n<p>Eksperci oceniaj\u0105, \u017ce projekt jest odpowiedzi\u0105 na wieloletnie postulaty senior\u00f3w oraz zwi\u0105zk\u00f3w zawodowych, kt\u00f3rzy wskazywali na uci\u0105\u017cliwo\u015b\u0107 obecnych regulacji. Reforma ma nie tylko u\u0142atwi\u0107 \u017cycie \u015bwiadczeniobiorcom, ale te\u017c ograniczy\u0107 liczb\u0119 spor\u00f3w zwi\u0105zanych z b\u0142\u0119dami w dostarczanych dokumentach oraz op\u00f3\u017anieniami.<\/p>\n\n\n\n<h2 class=\"wp-block-heading\">Cyfryzacja us\u0142ug publicznych i szansa na uproszczenia<\/h2>\n\n\n\n<p>W dobie rosn\u0105cej cyfryzacji oraz mo\u017cliwo\u015bci obs\u0142ugi wielu spraw online, obecny model corocznego raportowania dodatkowych przychod\u00f3w przez senior\u00f3w wydawa\u0142 si\u0119 przestarza\u0142y i zbyt obci\u0105\u017caj\u0105cy. Nowe rozwi\u0105zania mog\u0105 wi\u0119c sta\u0107 si\u0119 prze\u0142omem i znacz\u0105co poprawi\u0107 komfort kontaktu obywateli z urz\u0119dami.<\/p>\n\n\n\n<p>Wci\u0105\u017c jednak pozostaj\u0105 pytania dotycz\u0105ce przysz\u0142o\u015bci systemu oraz tego, jakie wyzwania mog\u0105 pojawi\u0107 si\u0119 po wdro\u017ceniu reformy. W opinii specjalist\u00f3w podobnych uproszcze\u0144 wymagaj\u0105 tak\u017ce inne procedury dotykaj\u0105ce polskich obywateli na co dzie\u0144, a obecna inicjatywa mo\u017ce by\u0107 tylko pocz\u0105tkiem szerszych zmian.<\/p>\n","protected":false},"excerpt":{"rendered":"<p>W nadchodz\u0105cych latach planowane s\u0105 rewolucyjne zmiany w przepisach dotycz\u0105cych emeryt\u00f3w i rencist\u00f3w. Reforma ma obj\u0105\u0107 szerok\u0105 grup\u0119 obywateli i przede wszystkim ma zlikwidowa\u0107 dra\u017cni\u0105ce procedury, kt\u00f3re od lat powodowa\u0142y trudno\u015bci i niepotrzebny stres u wielu os\u00f3b. Cho\u0107 wiele wskazuje na upragnione zmniejszenie biurokracji, eksperci zwracaj\u0105 uwag\u0119, \u017ce mog\u0105 pojawi\u0107 si\u0119 r\u00f3wnie\u017c nowe wyzwania zwi\u0105zane &#8230; <a title=\"\u015awietne wie\u015bci prosto z ZUS. Emeryci i renci\u015bci zostan\u0105 zwolnieni z uci\u0105\u017cliwego obowi\u0105zku\" class=\"read-more\" href=\"https:\/\/dobrezrodla.com\/?p=16104\" aria-label=\"Read more about \u015awietne wie\u015bci prosto z ZUS. Emeryci i renci\u015bci zostan\u0105 zwolnieni z uci\u0105\u017cliwego obowi\u0105zku\">Read more<\/a><\/p>\n","protected":false},"author":1,"featured_media":0,"comment_status":"open","ping_status":"open","sticky":false,"template":"","format":"standard","meta":{"footnotes":""},"categories":[1],"tags":[],"class_list":["post-16104","post","type-post","status-publish","format-standard","hentry","category-uncategorized"],"_links":{"self":[{"href":"https:\/\/dobrezrodla.com\/index.php?rest_route=\/wp\/v2\/posts\/16104","targetHints":{"allow":["GET"]}}],"collection":[{"href":"https:\/\/dobrezrodla.com\/index.php?rest_route=\/wp\/v2\/posts"}],"about":[{"href":"https:\/\/dobrezrodla.com\/index.php?rest_route=\/wp\/v2\/types\/post"}],"author":[{"embeddable":true,"href":"https:\/\/dobrezrodla.com\/index.php?rest_route=\/wp\/v2\/users\/1"}],"replies":[{"embeddable":true,"href":"https:\/\/dobrezrodla.com\/index.php?rest_route=%2Fwp%2Fv2%2Fcomments&post=16104"}],"version-history":[{"count":1,"href":"https:\/\/dobrezrodla.com\/index.php?rest_route=\/wp\/v2\/posts\/16104\/revisions"}],"predecessor-version":[{"id":16105,"href":"https:\/\/dobrezrodla.com\/index.php?rest_route=\/wp\/v2\/posts\/16104\/revisions\/16105"}],"wp:attachment":[{"href":"https:\/\/dobrezrodla.com\/index.php?rest_route=%2Fwp%2Fv2%2Fmedia&parent=16104"}],"wp:term":[{"taxonomy":"category","embeddable":true,"href":"https:\/\/dobrezrodla.com\/index.php?rest_route=%2Fwp%2Fv2%2Fcategories&post=16104"},{"taxonomy":"post_tag","embeddable":true,"href":"https:\/\/dobrezrodla.com\/index.php?rest_route=%2Fwp%2Fv2%2Ftags&post=16104"}],"curies":[{"name":"wp","href":"https:\/\/api.w.org\/{rel}","templated":true}]}}