{"id":16106,"date":"2026-02-03T18:52:28","date_gmt":"2026-02-03T18:52:28","guid":{"rendered":"https:\/\/dobrezrodla.com\/?p=16106"},"modified":"2026-02-03T18:52:29","modified_gmt":"2026-02-03T18:52:29","slug":"skandal-w-teatrze-wielkim-torbicka-powitala-prezydenta-a-publicznosc-zareagowala-okrzykami","status":"publish","type":"post","link":"https:\/\/dobrezrodla.com\/?p=16106","title":{"rendered":"Skandal w Teatrze Wielkim \u2013 Torbicka powita\u0142a prezydenta, a publiczno\u015b\u0107 zareagowa\u0142a okrzykami"},"content":{"rendered":"\n<p>W jedn\u0105 z ostatnich sob\u00f3t 2025 roku odby\u0142a si\u0119 gala z okazji jubileuszu Teatru Wielkiego, podczas kt\u00f3rej dosz\u0142o do sytuacji wywo\u0142uj\u0105cej podzia\u0142y w\u015br\u00f3d zgromadzonych. Gra\u017cyna Torbicka, prowadz\u0105ca uroczysto\u015b\u0107, powita\u0142a prezydenta, co spotka\u0142o si\u0119 z mieszanymi reakcjami widowni \u2013 pocz\u0105tkowo entuzjastycznymi oklaskami, a nast\u0119pnie buczeniem, kt\u00f3re zwr\u00f3ci\u0142o uwag\u0119 obserwator\u00f3w oraz medi\u00f3w.<\/p>\n\n\n\n<h2 class=\"wp-block-heading\">Gala jubileuszowa Teatru Wielkiego pe\u0142na napi\u0119\u0107<\/h2>\n\n\n\n<p>Specjalnie przygotowana gala mia\u0142a na celu uczczenie dw\u00f3ch wa\u017cnych jubileuszy: 200-lecia wmurowania kamienia w\u0119gielnego pod gmach teatru oraz 60-lecia jego powojennej odbudowy. Wydarzenie zgromadzi\u0142o liczne osobisto\u015bci \u015bwiata kultury, polityki oraz dyplomacji \u2013 obecni byli dyrektorzy teatr\u00f3w, re\u017cyserzy, muzycy, aktorzy i krytycy z ca\u0142ej Polski.<\/p>\n\n\n\n<p>Dopracowane szczeg\u00f3\u0142y i sceniczne rozwi\u0105zania stworzy\u0142y wiecz\u00f3r pe\u0142en elegancji i podnios\u0142o\u015bci, oddaj\u0105cy zar\u00f3wno historyczn\u0105 wag\u0119 Teatru Wielkiego, jak i jego wsp\u00f3\u0142czesne miejsce w polskim \u017cyciu kulturalnym. Gra\u017cyna Torbicka oficjalnie powita\u0142a go\u015bci, podkre\u015blaj\u0105c, \u017ce jubileusz jest nie tylko \u015bwi\u0119tem instytucji, lecz tak\u017ce ho\u0142dem dla bogatego dziedzictwa artystycznego kraju.<\/p>\n\n\n\n<figure class=\"wp-block-image\"><img decoding=\"async\" src=\"https:\/\/bystragrazyna.pl\/wp-content\/uploads\/2025\/11\/2301.jpg\" alt=\"obrazek\"\/><\/figure>\n\n\n\n<h2 class=\"wp-block-heading\">Kontrowersyjny moment powitania pary prezydenckiej<\/h2>\n\n\n\n<p>W chwili pojawienia si\u0119 na scenie pary prezydenckiej oczekiwano uprzejmych braw zgodnych z protoko\u0142em dyplomatycznym. Tymczasem reakcja publiczno\u015bci zaskoczy\u0142a wszystkich \u2013 kr\u00f3tka fala wiwat\u00f3w szybko zosta\u0142a zag\u0142uszona przez wyra\u017ane buczenie rozlegaj\u0105ce si\u0119 na widowni Teatru Wielkiego. Incydent, mimo \u017ce trwa\u0142 chwil\u0119, zyska\u0142 znacz\u0105cy rezonans medialny i sta\u0142 si\u0119 przedmiotem licznych komentarzy.<\/p>\n\n\n\n<p>Buczenie wywo\u0142a\u0142o zdziwienie zar\u00f3wno w\u015br\u00f3d go\u015bci, jak i os\u00f3b ogl\u0105daj\u0105cych transmisj\u0119 online. By\u0142 to wyra\u017any, cho\u0107 dyskretny gest sprzeciwu wobec udzia\u0142u polityk\u00f3w w przestrzeni kulturalnej, kt\u00f3ry pokaza\u0142, \u017ce nawet najbardziej starannie przygotowane wydarzenie mo\u017ce zosta\u0107 zak\u0142\u00f3cone przez emocje publiczno\u015bci.<\/p>\n\n\n\n<p>Mimo nieoczekiwanej reakcji Torbicka zachowa\u0142a spok\u00f3j i profesjonalizm, kontynuuj\u0105c gal\u0119 i zapraszaj\u0105c na scen\u0119 kolejnych go\u015bci, w\u015br\u00f3d nich przedstawicieli rz\u0105du oraz \u015brodowisk dyplomatycznych. Reszta wieczoru przebieg\u0142a bez zak\u0142\u00f3ce\u0144, a zaproszeni go\u015bcie byli przyjmowani entuzjastycznymi oklaskami.<\/p>\n\n\n\n<h2 class=\"wp-block-heading\"><img loading=\"lazy\" decoding=\"async\" alt=\"\" width=\"1164\" height=\"872\" src=\"https:\/\/www.bystragrazyna.pl\/wp-content\/uploads\/2025\/11\/image-6.png\"><\/h2>\n\n\n\n<h2 class=\"wp-block-heading\">Symboliczny wymiar incydentu i medialne reakcje<\/h2>\n\n\n\n<p>Moment ten wzbudzi\u0142 intensywne debaty w mediach oraz w komentarzach internaut\u00f3w. Pojawi\u0142y si\u0119 pytania, czy by\u0142o to jedynie przypadkowe wyra\u017cenie niecierpliwo\u015bci, czy tak\u017ce \u015bwiadoma manifestacja niezadowolenia z obecno\u015bci pary prezydenckiej podczas wydarzenia artystycznegoCeremonia, maj\u0105ca uczci\u0107 histori\u0119 teatru i polskiej kultury, zyska\u0142a dzi\u0119ki temu symboliczny wymiar, pokazuj\u0105c, jak silnie kultura i polityka s\u0105 ze sob\u0105 powi\u0105zane oraz jak cienka potrafi by\u0107 granica mi\u0119dzy tymi sferami, nawet podczas starannie zaplanowanych uroczysto\u015bci.<\/p>\n\n\n\n<h2 class=\"wp-block-heading\">Reakcje publiczno\u015bci i ich znaczenie spo\u0142eczno-kulturowe<\/h2>\n\n\n\n<p>Po zako\u0144czeniu gali rozpocz\u0119\u0142y si\u0119 szerokie dyskusje na temat znaczenia kr\u00f3tkiego buczenia w Teatrze Wielkim. Niekt\u00f3rzy odbierali ten gest jako spontaniczn\u0105, jednorazow\u0105 reakcj\u0119, kt\u00f3ra nie wp\u0142yn\u0119\u0142a na przebieg ca\u0142ego wydarzenia. Inni widzieli w nim symboliczne napi\u0119cia mi\u0119dzy \u015brodowiskiem artystycznym a polityczn\u0105 sfer\u0105 \u017cycia publicznego.<\/p>\n\n\n\n<p>Dla wielu obecno\u015b\u0107 pary prezydenckiej symbolizowa\u0142a przenikanie polityki do przestrzeni, kt\u00f3ra powinna skupia\u0107 si\u0119 przede wszystkim na sztuce, historii i estetyce. Fakt, \u017ce dalsza cz\u0119\u015b\u0107 wydarzenia przebiega\u0142a spokojnie, a go\u015bcie byli witani aplauzem, wskazuje, \u017ce sprzeciw zg\u0142osi\u0142a jedynie niewielka cz\u0119\u015b\u0107 publiczno\u015bci, jednak medialny rozg\u0142os nada\u0142 temu momentowi szczeg\u00f3lne, symboliczne znaczenie.<\/p>\n\n\n\n<p>Ostatecznie incydent pokaza\u0142, \u017ce teatr, mimo swojej artystycznej roli, jest tak\u017ce miejscem, gdzie widzowie mog\u0105 wyra\u017ca\u0107 swoje pogl\u0105dy w spos\u00f3b symboliczny, a nawet kr\u00f3tki moment buczenia potrafi wywo\u0142a\u0107 d\u0142ugotrwa\u0142e spo\u0142eczno-kulturowe dyskusje, przewy\u017cszaj\u0105c skutkiem wiele zaplanowanych przem\u00f3wie\u0144 czy wyst\u0119p\u00f3w.<\/p>\n","protected":false},"excerpt":{"rendered":"<p>W jedn\u0105 z ostatnich sob\u00f3t 2025 roku odby\u0142a si\u0119 gala z okazji jubileuszu Teatru Wielkiego, podczas kt\u00f3rej dosz\u0142o do sytuacji wywo\u0142uj\u0105cej podzia\u0142y w\u015br\u00f3d zgromadzonych. Gra\u017cyna Torbicka, prowadz\u0105ca uroczysto\u015b\u0107, powita\u0142a prezydenta, co spotka\u0142o si\u0119 z mieszanymi reakcjami widowni \u2013 pocz\u0105tkowo entuzjastycznymi oklaskami, a nast\u0119pnie buczeniem, kt\u00f3re zwr\u00f3ci\u0142o uwag\u0119 obserwator\u00f3w oraz medi\u00f3w. Gala jubileuszowa Teatru Wielkiego pe\u0142na &#8230; <a title=\"Skandal w Teatrze Wielkim \u2013 Torbicka powita\u0142a prezydenta, a publiczno\u015b\u0107 zareagowa\u0142a okrzykami\" class=\"read-more\" href=\"https:\/\/dobrezrodla.com\/?p=16106\" aria-label=\"Read more about Skandal w Teatrze Wielkim \u2013 Torbicka powita\u0142a prezydenta, a publiczno\u015b\u0107 zareagowa\u0142a okrzykami\">Read more<\/a><\/p>\n","protected":false},"author":1,"featured_media":0,"comment_status":"open","ping_status":"open","sticky":false,"template":"","format":"standard","meta":{"footnotes":""},"categories":[1],"tags":[],"class_list":["post-16106","post","type-post","status-publish","format-standard","hentry","category-uncategorized"],"_links":{"self":[{"href":"https:\/\/dobrezrodla.com\/index.php?rest_route=\/wp\/v2\/posts\/16106","targetHints":{"allow":["GET"]}}],"collection":[{"href":"https:\/\/dobrezrodla.com\/index.php?rest_route=\/wp\/v2\/posts"}],"about":[{"href":"https:\/\/dobrezrodla.com\/index.php?rest_route=\/wp\/v2\/types\/post"}],"author":[{"embeddable":true,"href":"https:\/\/dobrezrodla.com\/index.php?rest_route=\/wp\/v2\/users\/1"}],"replies":[{"embeddable":true,"href":"https:\/\/dobrezrodla.com\/index.php?rest_route=%2Fwp%2Fv2%2Fcomments&post=16106"}],"version-history":[{"count":1,"href":"https:\/\/dobrezrodla.com\/index.php?rest_route=\/wp\/v2\/posts\/16106\/revisions"}],"predecessor-version":[{"id":16107,"href":"https:\/\/dobrezrodla.com\/index.php?rest_route=\/wp\/v2\/posts\/16106\/revisions\/16107"}],"wp:attachment":[{"href":"https:\/\/dobrezrodla.com\/index.php?rest_route=%2Fwp%2Fv2%2Fmedia&parent=16106"}],"wp:term":[{"taxonomy":"category","embeddable":true,"href":"https:\/\/dobrezrodla.com\/index.php?rest_route=%2Fwp%2Fv2%2Fcategories&post=16106"},{"taxonomy":"post_tag","embeddable":true,"href":"https:\/\/dobrezrodla.com\/index.php?rest_route=%2Fwp%2Fv2%2Ftags&post=16106"}],"curies":[{"name":"wp","href":"https:\/\/api.w.org\/{rel}","templated":true}]}}