{"id":16114,"date":"2026-02-03T18:57:21","date_gmt":"2026-02-03T18:57:21","guid":{"rendered":"https:\/\/dobrezrodla.com\/?p=16114"},"modified":"2026-02-03T18:57:22","modified_gmt":"2026-02-03T18:57:22","slug":"tusk-o-sprawie-epsteina-rzad-powola-zespol-analityczny","status":"publish","type":"post","link":"https:\/\/dobrezrodla.com\/?p=16114","title":{"rendered":"Tusk o sprawie Epsteina. Rz\u0105d powo\u0142a zesp\u00f3\u0142 analityczny"},"content":{"rendered":"\n<p>Sprawa Epsteina. Tusk: zbrodnia przeciwko dzieciom<\/p>\n\n\n\n<p>Premier Donald Tusk poinformowa\u0142 przed posiedzeniem Rady Ministr\u00f3w, \u017ce w porozumieniu z ministrem sprawiedliwo\u015bci Waldemarem \u017burkiem i ministrem koordynatorem s\u0142u\u017cb specjalnych Tomaszem Siemoniakiem zostanie powo\u0142any zesp\u00f3\u0142 analityczny w zwi\u0105zku ze spraw\u0105 ameryka\u0144skiego finansisty i przest\u0119pcy seksualnego Jeffreya Epsteina.<\/p>\n\n\n\n<p>Podkre\u015bli\u0142, \u017ce pa\u0144stwo polskie nie dopu\u015bci do zbagatelizowania jakiegokolwiek przypadku ewentualnego wykorzystywania polskich dzieci przez mi\u0119dzynarodow\u0105 siatk\u0119 pedofilsk\u0105 zwi\u0105zan\u0105 z Epsteinem. Zapewni\u0142, \u017ce w\u0142adze zrobi\u0105 wszystko, aby osoby odpowiedzialne zosta\u0142y skutecznie \u015bcigane, a potencjalni pokrzywdzeni mieli realne poczucie zaanga\u017cowania pa\u0144stwa. Jak zaznaczy\u0142, w razie potrzeby mo\u017cliwe b\u0119dzie tak\u017ce podj\u0119cie dzia\u0142a\u0144 zmierzaj\u0105cych do zado\u015b\u0107uczynienia ofiarom.<\/p>\n\n\n\n<ul class=\"wp-block-list\">\n<li>Ka\u017cdy przyzwoity cz\u0142owiek &#8211; mam nadziej\u0119, \u017ce tak jest dzisiaj w Polsce &#8211; powinien wyklucza\u0107 jakiekolwiek relatywizowanie kwestii pedofilii. To jest zbrodnia przeciwko dzieciom. Mo\u017cna si\u0119 spiera\u0107 na r\u00f3\u017cne tematy, ale przecie\u017c ka\u017cdy w domu ma siostr\u0119, wnuczk\u0119, c\u00f3rk\u0119, dwunastolatk\u0119, wi\u0119c wie, o czym m\u00f3wimy. I tutaj nie ma miejsca na \u017cadne usprawiedliwiania &#8211; doda\u0142 Tusk.<\/li>\n<\/ul>\n\n\n\n<p>Afera &#8220;pedofilska&#8221; mog\u0142a by\u0107 wsp\u00f3\u0142organizowana przez KGB?<br>Zaznaczy\u0142, \u017ce w sprawie skandalu pojawi\u0142y si\u0119 &#8220;pierwsze informacje dotycz\u0105ce osobnik\u00f3w, kt\u00f3rzy na przyk\u0142ad informowali z Krakowa pana Epsteina, \u017ce maj\u0105 ju\u017c grup\u0119 polskich kobiet lub dziewcz\u0105t&#8221;. Doda\u0142, \u017ce takich \u015blad\u00f3w jest w sprawie wi\u0119cej.<\/p>\n\n\n\n<ul class=\"wp-block-list\">\n<li>Dlatego b\u0119d\u0119 prosi\u0142 zar\u00f3wno prokurator\u00f3w, jak i s\u0142u\u017cby specjalne o bardzo szczeg\u00f3\u0142ow\u0105, szybk\u0105 i rzeteln\u0105 analiz\u0119, plik po pliku, ka\u017cdego dokumentu w tej chwili dost\u0119pnego w domenie publicznej &#8211; zapowiedzia\u0142 premier.<\/li>\n<\/ul>\n\n\n\n<p>Podkre\u015bli\u0142 te\u017c, \u017ce je\u015bli zaistnieje taka potrzeba &#8211; strona polska b\u0119dzie prosi\u0142a ameryka\u0144sk\u0105 o udost\u0119pnienie tych plik\u00f3w, kt\u00f3re ujawnione nie zosta\u0142y, a &#8220;mog\u0105 dotyczy\u0107 ewentualnych polskich pokrzywdzonych albo polskich \u015blad\u00f3w&#8221; w sprawie.<\/p>\n\n\n\n<p>Tusk zauwa\u017cy\u0142, \u017ce w \u015bwiatowych mediach coraz cz\u0119\u015bciej pojawiaj\u0105 si\u0119 opinie sugeruj\u0105ce, i\u017c ta &#8220;bezprecedensowa afera pedofilska&#8221; mog\u0142a by\u0107 wsp\u00f3\u0142organizowana przez rosyjskie s\u0142u\u017cby specjalne. &#8211; Coraz wi\u0119cej komentator\u00f3w i ekspert\u00f3w zak\u0142ada, \u017ce jest bardzo prawdopodobne, \u017ce by\u0142a to operacja rosyjskiego KGB &#8211; tzw. &#8220;honey trap&#8221;, s\u0142odka pu\u0142apka zastawiona na elity \u015bwiata zachodniego, g\u0142\u00f3wnie Stan\u00f3w Zjednoczonych &#8211; powiedzia\u0142.<\/p>\n\n\n\n<p>Co zawieraj\u0105 Akta Epsteina?<br>W pi\u0105tek ameryka\u0144skie Ministerstwo Sprawiedliwo\u015bci opublikowa\u0142o oko\u0142o 3 mln stron dokument\u00f3w z akt spraw zwi\u0105zanych z Jeffreyem Epsteinem. W dokumentach tych, opr\u00f3cz szczeg\u00f3\u0142\u00f3w dotycz\u0105cych jego dzia\u0142alno\u015bci przest\u0119pczej, znajduj\u0105 si\u0119 liczne listy, e-maile i notatki, w kt\u00f3rych pojawiaj\u0105 si\u0119 nazwiska znanych, bogatych i wp\u0142ywowych os\u00f3b z ca\u0142ego \u015bwiata. Media zwracaj\u0105 uwag\u0119, \u017ce akta zawieraj\u0105 zar\u00f3wno bezpo\u015bredni\u0105 korespondencj\u0119 Epsteina z prominentnymi postaciami, jak i wzmianki o ich kontaktach czy spotkaniach z nim.<\/p>\n","protected":false},"excerpt":{"rendered":"<p>Sprawa Epsteina. Tusk: zbrodnia przeciwko dzieciom Premier Donald Tusk poinformowa\u0142 przed posiedzeniem Rady Ministr\u00f3w, \u017ce w porozumieniu z ministrem sprawiedliwo\u015bci Waldemarem \u017burkiem i ministrem koordynatorem s\u0142u\u017cb specjalnych Tomaszem Siemoniakiem zostanie powo\u0142any zesp\u00f3\u0142 analityczny w zwi\u0105zku ze spraw\u0105 ameryka\u0144skiego finansisty i przest\u0119pcy seksualnego Jeffreya Epsteina. Podkre\u015bli\u0142, \u017ce pa\u0144stwo polskie nie dopu\u015bci do zbagatelizowania jakiegokolwiek przypadku ewentualnego &#8230; <a title=\"Tusk o sprawie Epsteina. Rz\u0105d powo\u0142a zesp\u00f3\u0142 analityczny\" class=\"read-more\" href=\"https:\/\/dobrezrodla.com\/?p=16114\" aria-label=\"Read more about Tusk o sprawie Epsteina. Rz\u0105d powo\u0142a zesp\u00f3\u0142 analityczny\">Read more<\/a><\/p>\n","protected":false},"author":1,"featured_media":0,"comment_status":"open","ping_status":"open","sticky":false,"template":"","format":"standard","meta":{"footnotes":""},"categories":[1],"tags":[],"class_list":["post-16114","post","type-post","status-publish","format-standard","hentry","category-uncategorized"],"_links":{"self":[{"href":"https:\/\/dobrezrodla.com\/index.php?rest_route=\/wp\/v2\/posts\/16114","targetHints":{"allow":["GET"]}}],"collection":[{"href":"https:\/\/dobrezrodla.com\/index.php?rest_route=\/wp\/v2\/posts"}],"about":[{"href":"https:\/\/dobrezrodla.com\/index.php?rest_route=\/wp\/v2\/types\/post"}],"author":[{"embeddable":true,"href":"https:\/\/dobrezrodla.com\/index.php?rest_route=\/wp\/v2\/users\/1"}],"replies":[{"embeddable":true,"href":"https:\/\/dobrezrodla.com\/index.php?rest_route=%2Fwp%2Fv2%2Fcomments&post=16114"}],"version-history":[{"count":1,"href":"https:\/\/dobrezrodla.com\/index.php?rest_route=\/wp\/v2\/posts\/16114\/revisions"}],"predecessor-version":[{"id":16115,"href":"https:\/\/dobrezrodla.com\/index.php?rest_route=\/wp\/v2\/posts\/16114\/revisions\/16115"}],"wp:attachment":[{"href":"https:\/\/dobrezrodla.com\/index.php?rest_route=%2Fwp%2Fv2%2Fmedia&parent=16114"}],"wp:term":[{"taxonomy":"category","embeddable":true,"href":"https:\/\/dobrezrodla.com\/index.php?rest_route=%2Fwp%2Fv2%2Fcategories&post=16114"},{"taxonomy":"post_tag","embeddable":true,"href":"https:\/\/dobrezrodla.com\/index.php?rest_route=%2Fwp%2Fv2%2Ftags&post=16114"}],"curies":[{"name":"wp","href":"https:\/\/api.w.org\/{rel}","templated":true}]}}