{"id":16116,"date":"2026-02-03T18:58:14","date_gmt":"2026-02-03T18:58:14","guid":{"rendered":"https:\/\/dobrezrodla.com\/?p=16116"},"modified":"2026-02-03T18:58:14","modified_gmt":"2026-02-03T18:58:14","slug":"nawrocki-zwoluje-rbn-wsrod-tematow-kontakty-czarzastego","status":"publish","type":"post","link":"https:\/\/dobrezrodla.com\/?p=16116","title":{"rendered":"Nawrocki zwo\u0142uje RBN. W\u015br\u00f3d temat\u00f3w &#8220;kontakty Czarzastego&#8221;"},"content":{"rendered":"\n<p>Prezydent Karol Nawrocki zwo\u0142a\u0142 posiedzenie RBN na 11 lutego &#8211; poinformowa\u0142 jego rzecznik Rafa\u0142 Le\u015bkiewicz. Om\u00f3wione zostan\u0105 m.in. kwestia programu SAFE, zaproszenia do Rady Pokoju i dzia\u0142ania pa\u0144stwa maj\u0105ce na celu wyja\u015bnienie &#8220;okoliczno\u015bci wschodnich kontakt\u00f3w&#8221; marsza\u0142ka Sejmu W\u0142odzimierza Czarzastego &#8211; doda\u0142.<br>Prezydent Karol Nawrocki. Foto: Reuters\/Dan Kitwood<br>Prezydent zwo\u0142a\u0142 posiedzenie Rady Bezpiecze\u0144stwa Narodowego na 11 lutego<br>&#8220;Prezydent RP Karol Nawrocki zwo\u0142a\u0142 posiedzenie Rady Bezpiecze\u0144stwa Narodowego, kt\u00f3re odb\u0119dzie si\u0119 11 lutego (\u015broda) o godzinie 14&#8221; &#8211; napisa\u0142 rzecznik prezydenta Rafa\u0142 Le\u015bkiewicz na platformie X.<\/p>\n\n\n\n<p>Le\u015bkiewicz poinformowa\u0142, \u017ce podczas posiedzenia RBN &#8220;om\u00f3wione zostan\u0105 trzy tematy: Po\u017cyczka zaci\u0105gni\u0119ta przez Rz\u0105d na realizacj\u0119 Programu SAFE; zaproszenie Polski do Rady Pokoju&#8221; oraz &#8220;podj\u0119te przez organy pa\u0144stwa dzia\u0142ania, maj\u0105ce na celu wyja\u015bnienie wszelkich okoliczno\u015bci wschodnich kontakt\u00f3w towarzysko-biznesowych Marsza\u0142ka Sejmu W\u0142odzimierza Czarzastego&#8221;.<\/p>\n\n\n\n<p>Co to jest RBN?<br>Rada Bezpiecze\u0144stwa Narodowego jest organem doradczym prezydenta w zakresie wewn\u0119trznego i zewn\u0119trznego bezpiecze\u0144stwa pa\u0144stwa. W jej sk\u0142ad wchodz\u0105 mi\u0119dzy innymi marsza\u0142kowie Sejmu i Senatu, premier i szefowie najwa\u017cniejszych resort\u00f3w &#8211; obrony narodowej, spraw wewn\u0119trznych i administracji oraz spraw zagranicznych.<\/p>\n","protected":false},"excerpt":{"rendered":"<p>Prezydent Karol Nawrocki zwo\u0142a\u0142 posiedzenie RBN na 11 lutego &#8211; poinformowa\u0142 jego rzecznik Rafa\u0142 Le\u015bkiewicz. Om\u00f3wione zostan\u0105 m.in. kwestia programu SAFE, zaproszenia do Rady Pokoju i dzia\u0142ania pa\u0144stwa maj\u0105ce na celu wyja\u015bnienie &#8220;okoliczno\u015bci wschodnich kontakt\u00f3w&#8221; marsza\u0142ka Sejmu W\u0142odzimierza Czarzastego &#8211; doda\u0142.Prezydent Karol Nawrocki. Foto: Reuters\/Dan KitwoodPrezydent zwo\u0142a\u0142 posiedzenie Rady Bezpiecze\u0144stwa Narodowego na 11 lutego&#8220;Prezydent RP &#8230; <a title=\"Nawrocki zwo\u0142uje RBN. W\u015br\u00f3d temat\u00f3w &#8220;kontakty Czarzastego&#8221;\" class=\"read-more\" href=\"https:\/\/dobrezrodla.com\/?p=16116\" aria-label=\"Read more about Nawrocki zwo\u0142uje RBN. W\u015br\u00f3d temat\u00f3w &#8220;kontakty Czarzastego&#8221;\">Read more<\/a><\/p>\n","protected":false},"author":1,"featured_media":0,"comment_status":"open","ping_status":"open","sticky":false,"template":"","format":"standard","meta":{"footnotes":""},"categories":[1],"tags":[],"class_list":["post-16116","post","type-post","status-publish","format-standard","hentry","category-uncategorized"],"_links":{"self":[{"href":"https:\/\/dobrezrodla.com\/index.php?rest_route=\/wp\/v2\/posts\/16116","targetHints":{"allow":["GET"]}}],"collection":[{"href":"https:\/\/dobrezrodla.com\/index.php?rest_route=\/wp\/v2\/posts"}],"about":[{"href":"https:\/\/dobrezrodla.com\/index.php?rest_route=\/wp\/v2\/types\/post"}],"author":[{"embeddable":true,"href":"https:\/\/dobrezrodla.com\/index.php?rest_route=\/wp\/v2\/users\/1"}],"replies":[{"embeddable":true,"href":"https:\/\/dobrezrodla.com\/index.php?rest_route=%2Fwp%2Fv2%2Fcomments&post=16116"}],"version-history":[{"count":1,"href":"https:\/\/dobrezrodla.com\/index.php?rest_route=\/wp\/v2\/posts\/16116\/revisions"}],"predecessor-version":[{"id":16117,"href":"https:\/\/dobrezrodla.com\/index.php?rest_route=\/wp\/v2\/posts\/16116\/revisions\/16117"}],"wp:attachment":[{"href":"https:\/\/dobrezrodla.com\/index.php?rest_route=%2Fwp%2Fv2%2Fmedia&parent=16116"}],"wp:term":[{"taxonomy":"category","embeddable":true,"href":"https:\/\/dobrezrodla.com\/index.php?rest_route=%2Fwp%2Fv2%2Fcategories&post=16116"},{"taxonomy":"post_tag","embeddable":true,"href":"https:\/\/dobrezrodla.com\/index.php?rest_route=%2Fwp%2Fv2%2Ftags&post=16116"}],"curies":[{"name":"wp","href":"https:\/\/api.w.org\/{rel}","templated":true}]}}