{"id":16120,"date":"2026-02-03T19:01:19","date_gmt":"2026-02-03T19:01:19","guid":{"rendered":"https:\/\/dobrezrodla.com\/?p=16120"},"modified":"2026-02-03T19:01:19","modified_gmt":"2026-02-03T19:01:19","slug":"zurek-na-czele-zespolu-ktory-zbada-polskie-watki-afery-epsteina","status":"publish","type":"post","link":"https:\/\/dobrezrodla.com\/?p=16120","title":{"rendered":"\u017burek na czele zespo\u0142u, kt\u00f3ry zbada polskie w\u0105tki afery Epsteina"},"content":{"rendered":"\n<p>Polskie w\u0105tki w aferze Epsteina. \u017burek stanie na czele zespo\u0142u<br>Podczas konferencji po posiedzeniu rz\u0105du Adam Sz\u0142apka by\u0142 pytany o zapowiedziany przez premiera Donalda Tuska zesp\u00f3\u0142 analityczny ws. ewentualnych polskich w\u0105tk\u00f3w zwi\u0105zanych ze skandalem dotycz\u0105cym pedofilii w USA &#8211; chodzi o tzw. afer\u0119 Epsteina.<\/p>\n\n\n\n<p>Sz\u0142apka: sk\u0142ad zespo\u0142u b\u0119dzie w\u0105ski i niejawny<\/p>\n\n\n\n<ul class=\"wp-block-list\">\n<li>Na polecenie premiera taki zesp\u00f3\u0142 powstanie w koordynacji: minister, prokurator generalny Waldemar \u017burek oraz minister-koordynator s\u0142u\u017cb specjalnych Tomasz Siemoniak. Przewodniczy\u0142 temu zespo\u0142owi b\u0119dzie pan minister \u017burek i zesp\u00f3\u0142 b\u0119dzie si\u0119 sk\u0142ada\u0142 z prokurator\u00f3w, policji i funkcjonariuszy s\u0142u\u017cb &#8211; poinformowa\u0142 rzecznik. Doda\u0142, \u017ce sk\u0142ad zespo\u0142u b\u0119dzie w\u0105ski i niejawny. &#8211; W tej sprawie b\u0119dzie komunikowa\u0142 pan minister \u017burek, ale rozpocznie on dzia\u0142ania niezw\u0142ocznie &#8211; podkre\u015bli\u0142.<\/li>\n<\/ul>\n\n\n\n<p>Jak informuje rzecznik, zesp\u00f3\u0142 zbada r\u00f3wnie\u017c rosyjskie w\u0105tki w aferze Jeffreya Epsteina. Sprawa skandalu zwi\u0105zanego z pedofili\u0105 w Stanach Zjednoczonych jest bardzo powa\u017cna &#8211; podkre\u015bli\u0142 Adam Sz\u0142apka.<\/p>\n\n\n\n<p>Najwi\u0119ksze ujawnienie akt. 3 miliony stron<br>Decyzja o powo\u0142aniu zespo\u0142u ma zwi\u0105zek z publikacj\u0105 dokument\u00f3w przez ameryka\u0144skie ministerstwo sprawiedliwo\u015bci. W ubieg\u0142ym tygodniu ujawniono oko\u0142o 3 milion\u00f3w stron akt dotycz\u0105cych ameryka\u0144skiego finansisty i przest\u0119pcy seksualnego Jeffreya Epsteina.<\/p>\n\n\n\n<p>Id\u017akowska, Kubicka, Fibak. Nazwiska tych Polak\u00f3w pojawi\u0142y si\u0119 w aktach<br>W\u015br\u00f3d Polak\u00f3w w aktach pojawi\u0142a si\u0119 modelka Marianna Id\u017akowska, kt\u00f3ra wymieni\u0142a z Jeffreyem Epsteinem dziesi\u0105tki prywatnych wiadomo\u015bci. Modelka mia\u0142a rozmawia\u0107 z finansist\u0105 mi\u0119dzy innymi o problemach z wiz\u0105 i studiami, mia\u0142a r\u00f3wnie\u017c napisa\u0107, \u017ce ten jej si\u0119 przy\u015bni\u0142. Kobieta mia\u0142a odwiedza\u0107 finansist\u0119 w Nowym Jorku, z korespondencji wynika, \u017ce mog\u0142a te\u017c lata\u0107 na jego prywatn\u0105 wysp\u0119 na Karaibach. Z wymiany maili wynika, \u017ce Polka utrzymywa\u0142a kontakty z Epsteinem przez rok &#8211; mi\u0119dzy 2014 a 2015.<\/p>\n\n\n\n<p>W opublikowanych aktach Epstein wspomina r\u00f3wnie\u017c o innej polskiej modelce Sandrze Kubickiej, pojawia si\u0119 tak\u017ce nazwisko polskiego tenisisty Wojciecha Fibaka, kt\u00f3ry mia\u0142 korespondowa\u0107 z finansist\u0105. Wojciech Fibak utrzymuje, \u017ce nie kolegowa\u0142 si\u0119 z finansist\u0105, a by\u0142 jedynie jego nowojorskim s\u0105siadem. W rozmowie z PAP m\u00f3wi\u0142, \u017ce &#8220;ledwo si\u0119 znali&#8221;. W dokumentach znajduj\u0105 si\u0119 tak\u017ce nazwiska Janusza Banasiaka, wieloletniego wsp\u00f3\u0142pracownika Jeffreya Epsteina oraz kolejnej modelki, r\u00f3wnie\u017c pracuj\u0105cej dla finansisty &#8211; Adrianny Ross Muci\u0144skiej.<\/p>\n","protected":false},"excerpt":{"rendered":"<p>Polskie w\u0105tki w aferze Epsteina. \u017burek stanie na czele zespo\u0142uPodczas konferencji po posiedzeniu rz\u0105du Adam Sz\u0142apka by\u0142 pytany o zapowiedziany przez premiera Donalda Tuska zesp\u00f3\u0142 analityczny ws. ewentualnych polskich w\u0105tk\u00f3w zwi\u0105zanych ze skandalem dotycz\u0105cym pedofilii w USA &#8211; chodzi o tzw. afer\u0119 Epsteina. Sz\u0142apka: sk\u0142ad zespo\u0142u b\u0119dzie w\u0105ski i niejawny Jak informuje rzecznik, zesp\u00f3\u0142 zbada &#8230; <a title=\"\u017burek na czele zespo\u0142u, kt\u00f3ry zbada polskie w\u0105tki afery Epsteina\" class=\"read-more\" href=\"https:\/\/dobrezrodla.com\/?p=16120\" aria-label=\"Read more about \u017burek na czele zespo\u0142u, kt\u00f3ry zbada polskie w\u0105tki afery Epsteina\">Read more<\/a><\/p>\n","protected":false},"author":1,"featured_media":0,"comment_status":"open","ping_status":"open","sticky":false,"template":"","format":"standard","meta":{"footnotes":""},"categories":[1],"tags":[],"class_list":["post-16120","post","type-post","status-publish","format-standard","hentry","category-uncategorized"],"_links":{"self":[{"href":"https:\/\/dobrezrodla.com\/index.php?rest_route=\/wp\/v2\/posts\/16120","targetHints":{"allow":["GET"]}}],"collection":[{"href":"https:\/\/dobrezrodla.com\/index.php?rest_route=\/wp\/v2\/posts"}],"about":[{"href":"https:\/\/dobrezrodla.com\/index.php?rest_route=\/wp\/v2\/types\/post"}],"author":[{"embeddable":true,"href":"https:\/\/dobrezrodla.com\/index.php?rest_route=\/wp\/v2\/users\/1"}],"replies":[{"embeddable":true,"href":"https:\/\/dobrezrodla.com\/index.php?rest_route=%2Fwp%2Fv2%2Fcomments&post=16120"}],"version-history":[{"count":1,"href":"https:\/\/dobrezrodla.com\/index.php?rest_route=\/wp\/v2\/posts\/16120\/revisions"}],"predecessor-version":[{"id":16121,"href":"https:\/\/dobrezrodla.com\/index.php?rest_route=\/wp\/v2\/posts\/16120\/revisions\/16121"}],"wp:attachment":[{"href":"https:\/\/dobrezrodla.com\/index.php?rest_route=%2Fwp%2Fv2%2Fmedia&parent=16120"}],"wp:term":[{"taxonomy":"category","embeddable":true,"href":"https:\/\/dobrezrodla.com\/index.php?rest_route=%2Fwp%2Fv2%2Fcategories&post=16120"},{"taxonomy":"post_tag","embeddable":true,"href":"https:\/\/dobrezrodla.com\/index.php?rest_route=%2Fwp%2Fv2%2Ftags&post=16120"}],"curies":[{"name":"wp","href":"https:\/\/api.w.org\/{rel}","templated":true}]}}