{"id":16124,"date":"2026-02-03T19:02:54","date_gmt":"2026-02-03T19:02:54","guid":{"rendered":"https:\/\/dobrezrodla.com\/?p=16124"},"modified":"2026-02-03T19:02:54","modified_gmt":"2026-02-03T19:02:54","slug":"mocne-slowa-tuska-o-sprawie-epsteina-specjalne-miejsce-w-piekle","status":"publish","type":"post","link":"https:\/\/dobrezrodla.com\/?p=16124","title":{"rendered":"Mocne s\u0142owa Tuska o sprawie Epsteina. &#8220;Specjalne miejsce w piekle&#8221;"},"content":{"rendered":"\n<p>Donald Tusk o sprawie Epsteina. &#8220;Sprawa bez precedensu&#8221;<br>Premier Donald Tusk odni\u00f3s\u0142 si\u0119 do ujawnionych dokument\u00f3w dot. Jeffreya Epsteina, publikuj\u0105c w serwisie X nagranie z posiedzenia rz\u0105du.<\/p>\n\n\n\n<p> &#8211; W piekle jest specjalne miejsce dla tych, kt\u00f3rzy brali w tym udzia\u0142, dla tych, kt\u00f3rzy milczeli, i dla tych, kt\u00f3rzy pr\u00f3bowali to ukry\u0107 &#8211; przekaza\u0142 szef rz\u0105du. Jak podkre\u015bli\u0142, konieczne jest dok\u0142adne sprawdzenie ewentualnego udzia\u0142u Polak\u00f3w w przest\u0119pczym procederze oraz mo\u017cliwych krzywd wyrz\u0105dzonych obywatelom.<\/p>\n\n\n\n<p>Podczas wtorkowego posiedzenia rz\u0105du premier zaznaczy\u0142, \u017ce skala sprawy jest wyj\u0105tkowa. &#8211; To sprawa zupe\u0142nie bez precedensu &#8211; m\u00f3wi\u0142, wskazuj\u0105c, \u017ce budzi ona ogromne zainteresowanie opinii publicznej w\u0142a\u015bnie ze wzgl\u0119du na pojawiaj\u0105ce si\u0119 &#8220;w\u0105tki czy \u015blady polskie&#8221;<\/p>\n\n\n\n<p>. Donald Tusk zapowiedzia\u0142, \u017ce pa\u0144stwo nie mo\u017ce przej\u015b\u0107 oboj\u0119tnie obok takich informacji i musi je rzetelnie zweryfikowa\u0107.<\/p>\n\n\n\n<p>Polski \u015blad w aktach Epsteina. Rz\u0105d zapowiada dzia\u0142ania<br>Rz\u0105d zapowiedzia\u0142 powo\u0142anie specjalnego zespo\u0142u, kt\u00f3ry ma zbada\u0107 mo\u017cliwe polskie w\u0105tki w aferze zwi\u0105zanej z Jeffreyem Epsteinem. Premier nie wykluczy\u0142 r\u00f3wnie\u017c wszcz\u0119cia \u015bledztwa. Impulsem do reakcji by\u0142y dokumenty opublikowane w pi\u0105tek przez ameryka\u0144ski Departament Sprawiedliwo\u015bci &#8211; to ok. trzy mln stron akt, w kt\u00f3rych pojawiaj\u0105 si\u0119 nazwiska os\u00f3b z r\u00f3\u017cnych kraj\u00f3w, w tym z Polski.<\/p>\n\n\n\n<p>W materia\u0142ach wymieniana jest m.in. polska modelka Marianna Id\u017akowska, kt\u00f3ra mia\u0142a przez kilkana\u015bcie miesi\u0119cy, w latach 2014-2015, utrzymywa\u0107 korespondencj\u0119 z Epsteinem. Z maili wynika, \u017ce rozmawiali m.in. o jej problemach wizowych i studiach, a kobieta mia\u0142a odwiedza\u0107 finansist\u0119 w Nowym Jorku oraz potencjalnie podr\u00f3\u017cowa\u0107 na jego prywatn\u0105 wysp\u0119 na Karaibach. W aktach pojawiaj\u0105 si\u0119 te\u017c nazwiska Sandry Kubickiej oraz tenisisty Wojciecha Fibaka. Ten ostatni podkre\u015bla, \u017ce nie \u0142\u0105czy\u0142y go z Epsteinem bliskie relacje i, jak m\u00f3wi\u0142 Polskiej Agencji Prasowej, &#8220;ledwo si\u0119 znali&#8221;.<\/p>\n\n\n\n<p>Dokumenty zawieraj\u0105 r\u00f3wnie\u017c informacje o Januszu Banasiaku, wieloletnim wsp\u00f3\u0142pracowniku Epsteina, oraz modelce Adriannie Ross Muci\u0144skiej. Cz\u0119\u015b\u0107 nazwisk zosta\u0142a w aktach utajniona, co oznacza, \u017ce lista os\u00f3b powi\u0105zanych ze spraw\u0105 mo\u017ce by\u0107 d\u0142u\u017csza. Dodatkowo ujawniono, \u017ce firma nale\u017c\u0105ca do Epsteina kupi\u0142a \u0142\u00f3d\u017a motorow\u0105 od przedsi\u0119biorstwa Sportis z kaszubskiej wsi Bojano. Firma potwierdzi\u0142a transakcj\u0119 sprzed 13 lat, zaznaczaj\u0105c jednak, \u017ce jej przedstawiciele nigdy nie byli na wyspie finansisty.<\/p>\n","protected":false},"excerpt":{"rendered":"<p>Donald Tusk o sprawie Epsteina. &#8220;Sprawa bez precedensu&#8221;Premier Donald Tusk odni\u00f3s\u0142 si\u0119 do ujawnionych dokument\u00f3w dot. Jeffreya Epsteina, publikuj\u0105c w serwisie X nagranie z posiedzenia rz\u0105du. &#8211; W piekle jest specjalne miejsce dla tych, kt\u00f3rzy brali w tym udzia\u0142, dla tych, kt\u00f3rzy milczeli, i dla tych, kt\u00f3rzy pr\u00f3bowali to ukry\u0107 &#8211; przekaza\u0142 szef rz\u0105du. Jak &#8230; <a title=\"Mocne s\u0142owa Tuska o sprawie Epsteina. &#8220;Specjalne miejsce w piekle&#8221;\" class=\"read-more\" href=\"https:\/\/dobrezrodla.com\/?p=16124\" aria-label=\"Read more about Mocne s\u0142owa Tuska o sprawie Epsteina. &#8220;Specjalne miejsce w piekle&#8221;\">Read more<\/a><\/p>\n","protected":false},"author":1,"featured_media":0,"comment_status":"open","ping_status":"open","sticky":false,"template":"","format":"standard","meta":{"footnotes":""},"categories":[1],"tags":[],"class_list":["post-16124","post","type-post","status-publish","format-standard","hentry","category-uncategorized"],"_links":{"self":[{"href":"https:\/\/dobrezrodla.com\/index.php?rest_route=\/wp\/v2\/posts\/16124","targetHints":{"allow":["GET"]}}],"collection":[{"href":"https:\/\/dobrezrodla.com\/index.php?rest_route=\/wp\/v2\/posts"}],"about":[{"href":"https:\/\/dobrezrodla.com\/index.php?rest_route=\/wp\/v2\/types\/post"}],"author":[{"embeddable":true,"href":"https:\/\/dobrezrodla.com\/index.php?rest_route=\/wp\/v2\/users\/1"}],"replies":[{"embeddable":true,"href":"https:\/\/dobrezrodla.com\/index.php?rest_route=%2Fwp%2Fv2%2Fcomments&post=16124"}],"version-history":[{"count":1,"href":"https:\/\/dobrezrodla.com\/index.php?rest_route=\/wp\/v2\/posts\/16124\/revisions"}],"predecessor-version":[{"id":16125,"href":"https:\/\/dobrezrodla.com\/index.php?rest_route=\/wp\/v2\/posts\/16124\/revisions\/16125"}],"wp:attachment":[{"href":"https:\/\/dobrezrodla.com\/index.php?rest_route=%2Fwp%2Fv2%2Fmedia&parent=16124"}],"wp:term":[{"taxonomy":"category","embeddable":true,"href":"https:\/\/dobrezrodla.com\/index.php?rest_route=%2Fwp%2Fv2%2Fcategories&post=16124"},{"taxonomy":"post_tag","embeddable":true,"href":"https:\/\/dobrezrodla.com\/index.php?rest_route=%2Fwp%2Fv2%2Ftags&post=16124"}],"curies":[{"name":"wp","href":"https:\/\/api.w.org\/{rel}","templated":true}]}}