{"id":1613,"date":"2025-07-18T07:09:29","date_gmt":"2025-07-18T07:09:29","guid":{"rendered":"https:\/\/dobrezrodla.com\/?p=1613"},"modified":"2025-07-18T07:09:29","modified_gmt":"2025-07-18T07:09:29","slug":"mesajul-emotionant-al-lui-daniel-gheorghe-pentru-madalina-manole-la-15-ani-de-la-disparitia-artistei","status":"publish","type":"post","link":"https:\/\/dobrezrodla.com\/?p=1613","title":{"rendered":"Mesajul emo\u021bionant al lui Daniel Gheorghe pentru M\u0103d\u0103lina Manole la 15 ani de la dispari\u021bia artistei"},"content":{"rendered":"<p>Daniel Gheorghe, apropiat al regretatei M\u0103d\u0103lina Manole, \u0219i-a p\u0103strat tradi\u021bia \u0219i \u00een acest an, transmi\u021b\u00e2nd un g\u00e2nd scris c\u0103tre cea pe care a admirat-o profund, at\u00e2t ca om, c\u00e2t \u0219i ca artist. Cu fiecare var\u0103 care trece, el \u00ee\u0219i exprim\u0103 dorul \u00een cuvinte, iar la \u00eemplinirea a 15 ani de la plecarea artistei, mesajul s\u0103u a fost unul deosebit de personal \u0219i \u00eenc\u0103rcat de emo\u021bie.<\/p>\n<p>Un gest simbolic de neuitare<\/p>\n<p>An de an, Daniel aduce la locul de odihn\u0103 al M\u0103d\u0103linei un tablou \u0219i o scrisoare. Locul unde \u00ee\u0219i g\u0103se\u0219te lini\u0219tea se afl\u0103 la Ploie\u0219ti, \u00eentr-un cimitir devenit pentru mul\u021bi un punct de reculegere. Prin aceste gesturi, Daniel \u00ee\u0219i exprim\u0103 respectul, amintind c\u0103 leg\u0103tura cu cei dragi nu dispare, ci cap\u0103t\u0103 alte forme.<\/p>\n<p>Mesajul s\u0103u, \u00een c\u00e2teva r\u00e2nduri din suflet<\/p>\n<p>\u00cen acest an, cuvintele lui Daniel au fost o reflec\u021bie profund\u0103 despre absen\u021b\u0103, memorie \u0219i recuno\u0219tin\u021b\u0103:<\/p>\n<p>\u201eDe 15 ani, nu e\u0219ti fizic l\u00e2ng\u0103 noi, dar e\u0219ti \u00een g\u00e2ndurile \u0219i inimile celor care te-au iubit. \u00cen lini\u0219tea unor momente, vocea ta r\u0103sun\u0103 din nou \u00een mintea mea. Ai fost o prezen\u021b\u0103 unic\u0103 \u0219i ai r\u0103mas un reper pentru mul\u021bi. Nu te-am uitat \u0219i nu te vom uita.\u201d<\/p>\n<p>El a evocat \u0219i momentele de inspira\u021bie pe care le-a tr\u0103it al\u0103turi de ea, amintindu-\u0219i cum i-a influen\u021bat parcursul, nu prin faim\u0103, ci prin autenticitate, naturale\u021be \u0219i valorile umane transmise f\u0103r\u0103 ostenta\u021bie.<\/p>\n<p>Un eveniment memorabil, \u00een memoria artistei<\/p>\n<p>Daniel a amintit \u0219i de un moment special organizat \u00een 2017, \u00een spa\u021biul public, \u00eentr-un loc simbolic din via\u021ba M\u0103d\u0103linei. Acolo, oameni simpli, fani \u0219i cunoscu\u021bi s-au reunit \u00eentr-un gest de apreciere, \u00eentr-o atmosfer\u0103 de respect, f\u0103r\u0103 fast, f\u0103r\u0103 publicitate. S-a c\u00e2ntat una dintre piesele ei emblematice, iar cei prezen\u021bi au sim\u021bit acea conexiune invizibil\u0103 dintre trecut \u0219i prezent.<\/p>\n<p>\u201ePentru mine, acel moment nu a fost doar o aducere aminte. A fost o promisiune. C\u0103 voi continua s\u0103 vorbesc despre tine, s\u0103 te pomenesc, s\u0103 p\u0103strez vie amintirea ta, nu ca pe o legend\u0103, ci ca pe un om drag.\u201d<\/p>\n<p>O lec\u021bie de via\u021b\u0103 transformat\u0103 \u00een mesaj<\/p>\n<p>La finalul scrisorii, Daniel a exprimat o recuno\u0219tin\u021b\u0103 sincer\u0103 pentru tot ceea ce M\u0103d\u0103lina a reprezentat \u00een via\u021ba lui: un om care a inspirat prin simplitate, prin munc\u0103, prin sensibilitate. Nu ca o figur\u0103 de pe afi\u0219e, ci ca un suflet care a l\u0103sat \u00een urm\u0103 mai mult dec\u00e2t muzic\u0103 \u2013 a l\u0103sat o lumin\u0103 care nu se stinge.<\/p>\n<p>\u201e\u00ce\u021bi mul\u021bumesc, M\u0103d\u0103lina, pentru lec\u021biile t\u0103cute, pentru autenticitate, pentru ceea ce ai fost. C\u00e2t voi tr\u0103i, voi duce mai departe numele t\u0103u. Nu ca o amintire pr\u0103fuit\u0103, ci ca un reper de curaj, elegan\u021b\u0103 \u0219i adev\u0103r.\u201d<\/p>\n","protected":false},"excerpt":{"rendered":"<p>Daniel Gheorghe, apropiat al regretatei M\u0103d\u0103lina Manole, \u0219i-a p\u0103strat tradi\u021bia \u0219i \u00een acest an, transmi\u021b\u00e2nd un g\u00e2nd scris c\u0103tre cea pe care a admirat-o profund, at\u00e2t ca om, c\u00e2t \u0219i ca artist. Cu fiecare var\u0103 care trece, el \u00ee\u0219i exprim\u0103 dorul \u00een cuvinte, iar la \u00eemplinirea a 15 ani de la plecarea artistei, mesajul s\u0103u &#8230; <a title=\"Mesajul emo\u021bionant al lui Daniel Gheorghe pentru M\u0103d\u0103lina Manole la 15 ani de la dispari\u021bia artistei\" class=\"read-more\" href=\"https:\/\/dobrezrodla.com\/?p=1613\" aria-label=\"Read more about Mesajul emo\u021bionant al lui Daniel Gheorghe pentru M\u0103d\u0103lina Manole la 15 ani de la dispari\u021bia artistei\">Read more<\/a><\/p>\n","protected":false},"author":1,"featured_media":1612,"comment_status":"closed","ping_status":"open","sticky":false,"template":"","format":"standard","meta":{"footnotes":""},"categories":[1],"tags":[],"class_list":["post-1613","post","type-post","status-publish","format-standard","has-post-thumbnail","hentry","category-uncategorized"],"_links":{"self":[{"href":"https:\/\/dobrezrodla.com\/index.php?rest_route=\/wp\/v2\/posts\/1613","targetHints":{"allow":["GET"]}}],"collection":[{"href":"https:\/\/dobrezrodla.com\/index.php?rest_route=\/wp\/v2\/posts"}],"about":[{"href":"https:\/\/dobrezrodla.com\/index.php?rest_route=\/wp\/v2\/types\/post"}],"author":[{"embeddable":true,"href":"https:\/\/dobrezrodla.com\/index.php?rest_route=\/wp\/v2\/users\/1"}],"replies":[{"embeddable":true,"href":"https:\/\/dobrezrodla.com\/index.php?rest_route=%2Fwp%2Fv2%2Fcomments&post=1613"}],"version-history":[{"count":1,"href":"https:\/\/dobrezrodla.com\/index.php?rest_route=\/wp\/v2\/posts\/1613\/revisions"}],"predecessor-version":[{"id":1614,"href":"https:\/\/dobrezrodla.com\/index.php?rest_route=\/wp\/v2\/posts\/1613\/revisions\/1614"}],"wp:featuredmedia":[{"embeddable":true,"href":"https:\/\/dobrezrodla.com\/index.php?rest_route=\/wp\/v2\/media\/1612"}],"wp:attachment":[{"href":"https:\/\/dobrezrodla.com\/index.php?rest_route=%2Fwp%2Fv2%2Fmedia&parent=1613"}],"wp:term":[{"taxonomy":"category","embeddable":true,"href":"https:\/\/dobrezrodla.com\/index.php?rest_route=%2Fwp%2Fv2%2Fcategories&post=1613"},{"taxonomy":"post_tag","embeddable":true,"href":"https:\/\/dobrezrodla.com\/index.php?rest_route=%2Fwp%2Fv2%2Ftags&post=1613"}],"curies":[{"name":"wp","href":"https:\/\/api.w.org\/{rel}","templated":true}]}}