{"id":16135,"date":"2026-02-03T19:10:52","date_gmt":"2026-02-03T19:10:52","guid":{"rendered":"https:\/\/dobrezrodla.com\/?p=16135"},"modified":"2026-02-03T19:10:53","modified_gmt":"2026-02-03T19:10:53","slug":"wazne-wiesci-przed-posiedzeniem-rzadu-tusk-zdecydowal-wazny-apel-do-sluzb","status":"publish","type":"post","link":"https:\/\/dobrezrodla.com\/?p=16135","title":{"rendered":"Wa\u017cne wie\u015bci przed posiedzeniem rz\u0105du. Tusk zdecydowa\u0142, wa\u017cny apel do s\u0142u\u017cb"},"content":{"rendered":"\n<p>Donald Tusk przed wtorkowym posiedzeniem rz\u0105du reaguje na globalne poruszenie po ujawnieniu akt Jeffreya Epsteina. Premier og\u0142osi\u0142 powo\u0142anie specjalnego zespo\u0142u, kt\u00f3ry ma przeanalizowa\u0107 miliony stron dokument\u00f3w opublikowanych w USA i sprawdzi\u0107, czy zawieraj\u0105 one w\u0105tki istotne z punktu widzenia Polski.<\/p>\n\n\n\n<p> W tle pojawiaj\u0105 si\u0119 pytania o wp\u0142yw elit i mo\u017cliwe operacje wywiadowcze. Szef rz\u0105du zaapelowa\u0142 w tej sprawie do s\u0142u\u017cb i prokurator\u00f3w.<\/p>\n\n\n\n<p>Echa sprawy Epsteina dotar\u0142y do Polski<br>Donald Tusk powo\u0142uje zesp\u00f3\u0142 ds. akt Epsteina. Co si\u0119 dzieje?<br>Tusk: To operacja rosyjskiego KGB<br>Echa sprawy Epsteina dotar\u0142y do Polski. Jest wa\u017cna decyzja Donalda Tuska<\/p>\n\n\n\n<p><br>\u015awiat od lat \u017cyje jedn\u0105 z najbardziej zagadkowych spraw Jeffrey&#8217;a Epsteina. Epstein by\u0142 ameryka\u0144skim finansist\u0105, kt\u00f3ry przez lata funkcjonowa\u0142 jako posta\u0107 o ogromnych kontaktach w polityce, biznesie i \u015bwiecie elit. Pierwsze kontrowersje pojawi\u0142y si\u0119 ju\u017c w 2008 roku, <\/p>\n\n\n\n<p>kiedy Epstein zosta\u0142 skazany w wyniku ugody z prokuratur\u0105 w stanie Floryda za prostytucj\u0119 nieletnich, a nast\u0119pnie w 2019 roku zosta\u0142 ponownie aresztowany za handel seksualny nieletnimi w Nowym Jorku i na Florydzie. W tym samym roku zmar\u0142 w areszcie federalnym \u2014 oficjalnie uznano, \u017ce pope\u0142ni\u0142 samob\u00f3jstwo.<\/p>\n\n\n\n<p>W styczniu i lutym 2026 r. administracja USA, na mocy Epstein Files Transparency Act, opublikowa\u0142a najwi\u0119ksz\u0105 cz\u0119\u015b\u0107 akt dotycz\u0105cych sprawy \u2014 miliony stron dokument\u00f3w, zdj\u0119\u0107 i materia\u0142\u00f3w \u015bledczych. Ujawnione akta zawieraj\u0105 zapisy zezna\u0144, korespondencj\u0119, materia\u0142y z dzia\u0142a\u0144 FBI i szczeg\u00f3\u0142y kontakt\u00f3w biznesowych oraz towarzyskich Epsteina z rozmaitymi wp\u0142ywowymi osobami.<\/p>\n\n\n\n<p>Te dokumenty ujawni\u0142y r\u00f3wnie\u017c nazwiska os\u00f3b publicznych i polityk\u00f3w, kt\u00f3re pojawiaj\u0105 si\u0119 w kontek\u015bcie kontakt\u00f3w z Epsteinem cho\u0107 samo pojawienie si\u0119 nazwiska w aktach nie oznacza automatycznie winy karnej czy udzia\u0142u w przest\u0119pstwach. Wed\u0142ug analiz cz\u0119\u015bci medi\u00f3w, wiele wpis\u00f3w i materia\u0142\u00f3w mo\u017ce dotyczy\u0107 relacji towarzyskich lub zawodowych, kt\u00f3re nie by\u0142y zwi\u0105zane z naruszeniem prawa.<\/p>\n\n\n\n<p>W Polsce oraz szerzej w Europie ujawnienie akt sprawy wywo\u0142a\u0142o debat\u0119 na temat zakresu tych materia\u0142\u00f3w oraz lawiny spekulacji wok\u00f3\u0142 motyw\u00f3w, jakie Epstein m\u00f3g\u0142 mie\u0107 wobec \u015bwiatowych elit. Niekt\u00f3re media wskazywa\u0142y r\u00f3wnie\u017c na polskie w\u0105tki w dokumentach \u2014 np. w odniesieniu do tre\u015bci ujawnionych maili, w kt\u00f3rych Epstein mia\u0142 odnosi\u0107 si\u0119 krytycznie do teorii spiskowych dotycz\u0105cych katastrofy smole\u0144skiej.<\/p>\n\n\n\n<p>Donald Tusk powo\u0142uje zesp\u00f3\u0142 ds. akt Epsteina. Wiadomo, o co chodzi<br>Premier Donald Tusk og\u0142osi\u0142 decyzj\u0119 o powo\u0142aniu specjalnego zespo\u0142u analitycznego, kt\u00f3ry ma zaj\u0105\u0107 si\u0119 aktami zwi\u0105zanymi z afer\u0105 Jeffrey\u2019a Epsteina. Informacja zosta\u0142a przekazana w trakcie posiedzenia rz\u0105du 3 lutego 2026 r. Decyzja rz\u0105du zak\u0142ada nie tylko analiz\u0119 tych materia\u0142\u00f3w, ale tak\u017ce mo\u017cliwo\u015b\u0107 wszcz\u0119cia w\u0142asnego \u015bledztwa, szczeg\u00f3lnie w kontek\u015bcie w\u0105tk\u00f3w, kt\u00f3re mog\u0105 dotyczy\u0107 interes\u00f3w Polski i europejskich elit szkolonych i kontaktuj\u0105cych si\u0119 z Epsteinem i jego otoczeniem.<\/p>\n\n\n\n<p>Chcia\u0142em poinformowa\u0107, \u017ce zdecydowali\u015bmy wsp\u00f3lnie z ministrem sprawiedliwo\u015bci prokuratorem generalnym i ministrem koordynatorem do spraw s\u0142u\u017cb specjalnych o powo\u0142aniu zespo\u0142u analitycznego i by\u0107 mo\u017ce tak\u017ce rozpocz\u0119ciu \u015bledztwa &#8211; je\u015bli analizy potwierdz\u0105 nasze obawy &#8211; w zwi\u0105zku ze skandalem zwi\u0105zanym z pedofili\u0105 w Stanach Zjednoczonych<\/p>\n\n\n\n<p>-m\u00f3wi\u0142 premier<\/p>\n\n\n\n<p>Premier wskaza\u0142 tak\u017ce, \u017ce sprawa przyci\u0105gn\u0119\u0142a uwag\u0119 \u015brodowiska politycznego ze wzgl\u0119du na tzw. w\u0105tki polskie.<\/p>\n\n\n\n<p>Oczywi\u015bcie zrobimy wszystko, \u017ceby ci kt\u00f3rzy s\u0105 za to odpowiedzialni i ewentualni pokrzywdzeni, \u017ceby nie tylko widzieli aktywno\u015b\u0107 pa\u0144stwa polskiego, ale \u017ceby te\u017c zado\u015b\u0107uczyni\u0107 je\u015bli b\u0119dzie taka potrzeba i przede wszystkim, \u017ceby skutecznie \u015bciga\u0107 tych, kt\u00f3rzy dopuszczaj\u0105 si\u0119 tak zbrodni<\/p>\n\n\n\n<p>-zaznaczy\u0142 Donald Tusk<\/p>\n\n\n\n<p>Tusk: To operacja rosyjskiego KGB<br>Jednym z element\u00f3w wypowiedzi premiera Tuska w kontek\u015bcie powo\u0142ania zespo\u0142u ds. akt Epsteina by\u0142a jego sugestia, \u017ce ca\u0142a sprawa mog\u0142a by\u0107 elementem operacji wywiadowczej \u2014 okre\u015blanej przez komentator\u00f3w jako \u201ehoney trap\u201d (\u201es\u0142odka pu\u0142apka\u201d), rzekomo zaplanowanej przez rosyjski KGB.<\/p>\n\n\n\n<p>Coraz wi\u0119cej komentator\u00f3w i ekspert\u00f3w zak\u0142ada, \u017ce jest bardzo prawdopodobne, \u017ce by\u0142a to operacja rosyjskiego KGB \u2014 tzw. \u201choney trap\u201d, s\u0142odka pu\u0142apka, zastawiona na elity \u015bwiata zachodniego, g\u0142\u00f3wnie USA<\/p>\n\n\n\n<p>Doda\u0142 Tusk<\/p>\n\n\n\n<p>Termin \u201ehoney trap\u201d odnosi si\u0119 do strategii wywiadowczej polegaj\u0105cej na wykorzystaniu relacji intymnych lub seksualnych do zdobycia kompromituj\u0105cych materia\u0142\u00f3w i szanta\u017cu.<\/p>\n","protected":false},"excerpt":{"rendered":"<p>Donald Tusk przed wtorkowym posiedzeniem rz\u0105du reaguje na globalne poruszenie po ujawnieniu akt Jeffreya Epsteina. Premier og\u0142osi\u0142 powo\u0142anie specjalnego zespo\u0142u, kt\u00f3ry ma przeanalizowa\u0107 miliony stron dokument\u00f3w opublikowanych w USA i sprawdzi\u0107, czy zawieraj\u0105 one w\u0105tki istotne z punktu widzenia Polski. W tle pojawiaj\u0105 si\u0119 pytania o wp\u0142yw elit i mo\u017cliwe operacje wywiadowcze. Szef rz\u0105du zaapelowa\u0142 &#8230; <a title=\"Wa\u017cne wie\u015bci przed posiedzeniem rz\u0105du. Tusk zdecydowa\u0142, wa\u017cny apel do s\u0142u\u017cb\" class=\"read-more\" href=\"https:\/\/dobrezrodla.com\/?p=16135\" aria-label=\"Read more about Wa\u017cne wie\u015bci przed posiedzeniem rz\u0105du. Tusk zdecydowa\u0142, wa\u017cny apel do s\u0142u\u017cb\">Read more<\/a><\/p>\n","protected":false},"author":1,"featured_media":0,"comment_status":"open","ping_status":"open","sticky":false,"template":"","format":"standard","meta":{"footnotes":""},"categories":[1],"tags":[],"class_list":["post-16135","post","type-post","status-publish","format-standard","hentry","category-uncategorized"],"_links":{"self":[{"href":"https:\/\/dobrezrodla.com\/index.php?rest_route=\/wp\/v2\/posts\/16135","targetHints":{"allow":["GET"]}}],"collection":[{"href":"https:\/\/dobrezrodla.com\/index.php?rest_route=\/wp\/v2\/posts"}],"about":[{"href":"https:\/\/dobrezrodla.com\/index.php?rest_route=\/wp\/v2\/types\/post"}],"author":[{"embeddable":true,"href":"https:\/\/dobrezrodla.com\/index.php?rest_route=\/wp\/v2\/users\/1"}],"replies":[{"embeddable":true,"href":"https:\/\/dobrezrodla.com\/index.php?rest_route=%2Fwp%2Fv2%2Fcomments&post=16135"}],"version-history":[{"count":1,"href":"https:\/\/dobrezrodla.com\/index.php?rest_route=\/wp\/v2\/posts\/16135\/revisions"}],"predecessor-version":[{"id":16136,"href":"https:\/\/dobrezrodla.com\/index.php?rest_route=\/wp\/v2\/posts\/16135\/revisions\/16136"}],"wp:attachment":[{"href":"https:\/\/dobrezrodla.com\/index.php?rest_route=%2Fwp%2Fv2%2Fmedia&parent=16135"}],"wp:term":[{"taxonomy":"category","embeddable":true,"href":"https:\/\/dobrezrodla.com\/index.php?rest_route=%2Fwp%2Fv2%2Fcategories&post=16135"},{"taxonomy":"post_tag","embeddable":true,"href":"https:\/\/dobrezrodla.com\/index.php?rest_route=%2Fwp%2Fv2%2Ftags&post=16135"}],"curies":[{"name":"wp","href":"https:\/\/api.w.org\/{rel}","templated":true}]}}