{"id":16141,"date":"2026-02-03T19:13:32","date_gmt":"2026-02-03T19:13:32","guid":{"rendered":"https:\/\/dobrezrodla.com\/?p=16141"},"modified":"2026-02-03T19:13:32","modified_gmt":"2026-02-03T19:13:32","slug":"nagla-decyzja-prezydenta-nawrockiego-bedzie-pilne-spotkanie-rady-bezpieczenstwa-narodowego","status":"publish","type":"post","link":"https:\/\/dobrezrodla.com\/?p=16141","title":{"rendered":"Nag\u0142a decyzja prezydenta Nawrockiego. B\u0119dzie pilne spotkanie Rady Bezpiecze\u0144stwa Narodowego"},"content":{"rendered":"\n<p>Prezydent Karol Nawrocki zdecydowa\u0142 o zwo\u0142aniu Rady Bezpiecze\u0144stwa Narodowego, o czym poinformowa\u0142 w oficjalnym komunikacie rzecznik g\u0142owy pa\u0144stwa Rafa\u0142 Le\u015bkiewicz. Wed\u0142ug dost\u0119pnych \u017ar\u00f3de\u0142, spotkanie ma s\u0142u\u017cy\u0107 om\u00f3wieniu kluczowych kwestii wp\u0142ywaj\u0105cych na stabilno\u015b\u0107 i polityk\u0119 zagraniczn\u0105 kraju.<\/p>\n\n\n\n<ul class=\"wp-block-list\">\n<li>Kontekst decyzji prezydenta<\/li>\n\n\n\n<li>Szczeg\u00f3\u0142y og\u0142oszone przez rzecznika<\/li>\n\n\n\n<li>Finanse pa\u0144stwa i dyplomacja<\/li>\n\n\n\n<li>Kontrowersje wok\u00f3\u0142 Marsza\u0142ka Sejmu<\/li>\n<\/ul>\n\n\n\n<h2 class=\"wp-block-heading\">Kontekst decyzji prezydenta<\/h2>\n\n\n\n<p>Decyzja o&nbsp;<strong>zwo\u0142aniu Rady Bezpiecze\u0144stwa Narodowego<\/strong>&nbsp;stanowi wyra\u017any sygna\u0142, \u017ce g\u0142owa pa\u0144stwa dostrzega potrzeb\u0119 pilnej koordynacji dzia\u0142a\u0144 na najwy\u017cszym szczeblu politycznym. Jako organ doradczy, RBN umo\u017cliwia wymian\u0119 informacji mi\u0119dzy prezydentem a rz\u0105dem oraz liderami partii opozycyjnych w sprawach o fundamentalnym znaczeniu.&nbsp;<\/p>\n\n\n\n<p>W obliczu dynamicznej sytuacji geopolitycznej, Karol Nawrocki stawia na transparentno\u015b\u0107 proces\u00f3w decyzyjnych oraz rzetelne wyja\u015bnienie kwestii budz\u0105cych w\u0105tpliwo\u015bci publiczne. Inicjatywa ta ma na celu wypracowanie wsp\u00f3lnego stanowiska w sprawach bezpiecze\u0144stwa, kt\u00f3re wykraczaj\u0105 poza bie\u017c\u0105ce spory partyjne i wymagaj\u0105 jedno\u015bci najwa\u017cniejszych os\u00f3b w Polsce.<\/p>\n\n\n\n<h2 class=\"wp-block-heading\">Szczeg\u00f3\u0142y og\u0142oszone przez rzecznika<\/h2>\n\n\n\n<p>Szczeg\u00f3\u0142owe informacje o planowanym terminie oraz agendzie spotkania zosta\u0142y przekazane w po\u015bcie opublikowanym w serwisie X przez rzecznika prezydenta, Rafa\u0142a Le\u015bkiewicza. Zgodnie z tym oficjalnym komunikatem, posiedzenie wyznaczono na najbli\u017csz\u0105&nbsp;<strong>\u015brod\u0119, 11 lutego, na godzin\u0119 14:00<\/strong>&nbsp;w siedzibie Pa\u0142acu Prezydenckiego.&nbsp;<\/p>\n\n\n\n<p>Publikacja ta precyzyjnie okre\u015bli\u0142a ramy czasowe oraz trzy kluczowe punkty nadchodz\u0105cych obrad, staj\u0105c si\u0119 natychmiast g\u0142\u00f3wnym punktem odniesienia dla medi\u00f3w i komentator\u00f3w politycznych. Na spotkaniu maj\u0105 pojawi\u0107 si\u0119 najwa\u017cniejsze osoby w pa\u0144stwie, w tym premier oraz marsza\u0142kowie obu izb parlamentu, aby om\u00f3wi\u0107 najpilniejsze kwestie zwi\u0105zane z bezpiecze\u0144stwem narodowym i polityk\u0105 zagraniczn\u0105 Polski.<\/p>\n\n\n\n<blockquote class=\"wp-block-quote is-layout-flow wp-block-quote-is-layout-flow\">\n<p>Prezydent RP Karol Nawrocki zwo\u0142a\u0142 posiedzenie Rady Bezpiecze\u0144stwa Narodowego, kt\u00f3re odb\u0119dzie si\u0119 11 lutego (\u015broda) o godzinie 14:00.<br>Om\u00f3wione zostan\u0105 trzy tematy:<br>&#8211; Po\u017cyczka zaci\u0105gni\u0119ta przez Rz\u0105d na realizacj\u0119 Programu SAFE;<br>&#8211; Zaproszenie Polski do Rady Pokoju;<br>&#8211; Podj\u0119te przez\u2026\u2014 Rafa\u0142 Le\u015bkiewicz (@LeskiewiczRafa)&nbsp;<a href=\"https:\/\/twitter.com\/LeskiewiczRafa\/status\/2018683663789982022?ref_src=twsrc%5Etfw\">February 3, 2026<\/a><\/p>\n<\/blockquote>\n\n\n\n<h2 class=\"wp-block-heading\">Finanse pa\u0144stwa i dyplomacja<\/h2>\n\n\n\n<p>W\u015br\u00f3d temat\u00f3w, kt\u00f3re zdominuj\u0105 pierwsz\u0105 cz\u0119\u015b\u0107 spotkania, znajdzie si\u0119 kwestia po\u017cyczki zaci\u0105gni\u0119tej przez polski rz\u0105d na realizacj\u0119 strategicznego Programu SAFE. Prezydent zamierza uzyska\u0107 szczeg\u00f3\u0142owe informacje na temat warunk\u00f3w tego zobowi\u0105zania oraz jego wp\u0142ywu na d\u0142ugoterminow\u0105 stabilno\u015b\u0107 finansow\u0105 kraju w dobie narastaj\u0105cych wyzwa\u0144.&nbsp;<\/p>\n\n\n\n<p>R\u00f3wnie istotnym punktem agendy b\u0119dzie om\u00f3wienie zaproszenia Polski do Rady Pokoju, nowej inicjatywy mi\u0119dzynarodowej prezydenta USA Donalda Trumpa. Dyskusja ta ma okre\u015bli\u0107 rol\u0119 Warszawy w nowym uk\u0142adzie geopolitycznym i zdefiniowa\u0107 kierunki wsp\u00f3\u0142pracy z kluczowym sojusznikiem, co mo\u017ce okaza\u0107 si\u0119 decyduj\u0105ce dla pozycji Polski na arenie mi\u0119dzynarodowej w najbli\u017cszych latach.<\/p>\n\n\n\n<h2 class=\"wp-block-heading\">Kontrowersje wok\u00f3\u0142 Marsza\u0142ka Sejmu<\/h2>\n\n\n\n<p>Najbardziej kontrowersyjnym punktem obrad b\u0119dzie analiza dzia\u0142a\u0144 organ\u00f3w pa\u0144stwa w sprawie wschodnich kontakt\u00f3w towarzysko-biznesowych Marsza\u0142ka Sejmu, W\u0142odzimierza Czarzastego. Umieszczenie tego tematu w oficjalnym planie Rady Bezpiecze\u0144stwa Narodowego sugeruje, \u017ce sprawa ma charakter priorytetowy i mo\u017ce wi\u0105za\u0107 si\u0119 z poufnymi ustaleniami s\u0142u\u017cb specjalnych.&nbsp;<\/p>\n\n\n\n<p>Sytuacja, w kt\u00f3rej jeden z g\u0142\u00f3wnych uczestnik\u00f3w spotkania staje si\u0119 przedmiotem dyskusji dotycz\u0105cej bezpiecze\u0144stwa pa\u0144stwa, jest precedensem budz\u0105cym ogromne emocje polityczne. Wynik tych rozm\u00f3w mo\u017ce znacz\u0105co wp\u0142yn\u0105\u0107 na dalsz\u0105 wsp\u00f3\u0142prac\u0119 wewn\u0105trz koalicji rz\u0105dz\u0105cej oraz na zaufanie publiczne do najwy\u017cszych organ\u00f3w ustawodawczych w kraju, co czyni to posiedzenie wyj\u0105tkowo trudnym testem politycznym.<\/p>\n","protected":false},"excerpt":{"rendered":"<p>Prezydent Karol Nawrocki zdecydowa\u0142 o zwo\u0142aniu Rady Bezpiecze\u0144stwa Narodowego, o czym poinformowa\u0142 w oficjalnym komunikacie rzecznik g\u0142owy pa\u0144stwa Rafa\u0142 Le\u015bkiewicz. Wed\u0142ug dost\u0119pnych \u017ar\u00f3de\u0142, spotkanie ma s\u0142u\u017cy\u0107 om\u00f3wieniu kluczowych kwestii wp\u0142ywaj\u0105cych na stabilno\u015b\u0107 i polityk\u0119 zagraniczn\u0105 kraju. Kontekst decyzji prezydenta Decyzja o&nbsp;zwo\u0142aniu Rady Bezpiecze\u0144stwa Narodowego&nbsp;stanowi wyra\u017any sygna\u0142, \u017ce g\u0142owa pa\u0144stwa dostrzega potrzeb\u0119 pilnej koordynacji dzia\u0142a\u0144 na &#8230; <a title=\"Nag\u0142a decyzja prezydenta Nawrockiego. B\u0119dzie pilne spotkanie Rady Bezpiecze\u0144stwa Narodowego\" class=\"read-more\" href=\"https:\/\/dobrezrodla.com\/?p=16141\" aria-label=\"Read more about Nag\u0142a decyzja prezydenta Nawrockiego. B\u0119dzie pilne spotkanie Rady Bezpiecze\u0144stwa Narodowego\">Read more<\/a><\/p>\n","protected":false},"author":1,"featured_media":0,"comment_status":"open","ping_status":"open","sticky":false,"template":"","format":"standard","meta":{"footnotes":""},"categories":[1],"tags":[],"class_list":["post-16141","post","type-post","status-publish","format-standard","hentry","category-uncategorized"],"_links":{"self":[{"href":"https:\/\/dobrezrodla.com\/index.php?rest_route=\/wp\/v2\/posts\/16141","targetHints":{"allow":["GET"]}}],"collection":[{"href":"https:\/\/dobrezrodla.com\/index.php?rest_route=\/wp\/v2\/posts"}],"about":[{"href":"https:\/\/dobrezrodla.com\/index.php?rest_route=\/wp\/v2\/types\/post"}],"author":[{"embeddable":true,"href":"https:\/\/dobrezrodla.com\/index.php?rest_route=\/wp\/v2\/users\/1"}],"replies":[{"embeddable":true,"href":"https:\/\/dobrezrodla.com\/index.php?rest_route=%2Fwp%2Fv2%2Fcomments&post=16141"}],"version-history":[{"count":1,"href":"https:\/\/dobrezrodla.com\/index.php?rest_route=\/wp\/v2\/posts\/16141\/revisions"}],"predecessor-version":[{"id":16142,"href":"https:\/\/dobrezrodla.com\/index.php?rest_route=\/wp\/v2\/posts\/16141\/revisions\/16142"}],"wp:attachment":[{"href":"https:\/\/dobrezrodla.com\/index.php?rest_route=%2Fwp%2Fv2%2Fmedia&parent=16141"}],"wp:term":[{"taxonomy":"category","embeddable":true,"href":"https:\/\/dobrezrodla.com\/index.php?rest_route=%2Fwp%2Fv2%2Fcategories&post=16141"},{"taxonomy":"post_tag","embeddable":true,"href":"https:\/\/dobrezrodla.com\/index.php?rest_route=%2Fwp%2Fv2%2Ftags&post=16141"}],"curies":[{"name":"wp","href":"https:\/\/api.w.org\/{rel}","templated":true}]}}