{"id":1616,"date":"2025-07-18T07:52:02","date_gmt":"2025-07-18T07:52:02","guid":{"rendered":"https:\/\/dobrezrodla.com\/?p=1616"},"modified":"2025-07-18T07:52:02","modified_gmt":"2025-07-18T07:52:02","slug":"cate-clase-are-de-fapt-culita-sterp-la-ce-meserie-a-renuntat-artistul","status":"publish","type":"post","link":"https:\/\/dobrezrodla.com\/?p=1616","title":{"rendered":"C\u00e2te clase are de fapt Culi\u021b\u0103 Sterp La ce meserie a renun\u021bat artistul"},"content":{"rendered":"<p>Culi\u021b\u0103 Sterp, o carier\u0103 construit\u0103 cu r\u0103bdare \u0219i o via\u021b\u0103 de familie \u00eemplinit\u0103<\/p>\n<p>Culi\u021b\u0103 Sterp este ast\u0103zi unul dintre cei mai aprecia\u021bi interpre\u021bi de muzic\u0103 tradi\u021bional\u0103 \u0219i de petrecere din Rom\u00e2nia. La doar 32 de ani, artistul se bucur\u0103 de o carier\u0103 solid\u0103, dar \u0219i de o via\u021b\u0103 personal\u0103 stabil\u0103, al\u0103turi de partenera sa, Daniela, \u0219i cei doi copii ai lor, Milan \u0219i Miray.<\/p>\n<p>Origini modeste \u0219i valori solide<\/p>\n<p>Fiul cel mare al Georgetei Gatiu \u2013 cunoscut\u0103 publicului online sub numele de \u201emama Geta\u201d \u2013 Culi\u021b\u0103 provine dintr-o familie numeroas\u0103 \u0219i unit\u0103. Are trei fra\u021bi \u2013 Iancu, Ileana \u0219i Geta \u2013 cu care men\u021bine o rela\u021bie apropiat\u0103. Dup\u0103 separarea p\u0103rin\u021bilor, cei patru copii au fost crescu\u021bi de mama lor, care le-a transmis at\u00e2t responsabilitatea, c\u00e2t \u0219i respectul pentru munc\u0103. \u00cempreun\u0103, au continuat o activitate tradi\u021bional\u0103 \u00een gospod\u0103ria familiei, axat\u0103 pe cre\u0219terea animalelor.<\/p>\n<p>Educa\u021bie \u0219i schimb\u0103ri de direc\u021bie<\/p>\n<p>Chiar dac\u0103 azi este asociat cu scena muzical\u0103, pu\u021bini \u0219tiu c\u0103 ini\u021bial a urmat un drum complet diferit: Facultatea de \u0218tiin\u021be Economice din Sibiu. Dup\u0103 terminarea studiilor, \u00eens\u0103, a ales s\u0103-\u0219i urmeze adev\u0103rata pasiune \u2013 muzica \u2013 domeniu \u00een care a investit timp, efort \u0219i mult\u0103 determinare. Aceast\u0103 alegere i-a adus recunoa\u0219tere \u0219i un loc stabil \u00een preferin\u021bele publicului.<\/p>\n<p>Un drum parcurs cu munc\u0103 \u0219i devotament<\/p>\n<p>La \u00eenceputul carierei sale, Culi\u021b\u0103 a combinat activitatea artistic\u0103 cu implicarea \u00een treburile gospod\u0103re\u0219ti ale familiei. A muncit la ferm\u0103, a participat la proiecte muzicale \u0219i, treptat, a devenit o figur\u0103 constant\u0103 \u00een lumea divertismentului. A fost prezent la evenimente, emisiuni \u0219i a lansat piese care au atras sus\u021binerea unui public numeros.<\/p>\n<p>Via\u021ba personal\u0103, un nou capitol de echilibru<\/p>\n<p>Dup\u0103 o etap\u0103 mai dificil\u0103 \u00een plan personal, Culi\u021b\u0103 \u0219i-a g\u0103sit stabilitatea al\u0103turi de Daniela. Cei doi s-au logodit \u00een timpul unei c\u0103l\u0103torii \u00een afara \u021b\u0103rii, iar \u00een 2024 au f\u0103cut pasul discret spre oficializarea rela\u021biei. Tot \u00een acel an, familia lor s-a m\u0103rit cu venirea pe lume a feti\u021bei Miray. Daniela \u0219i Culi\u021b\u0103 formeaz\u0103 ast\u0103zi un cuplu care pune pe primul loc armonia, implicarea \u00een cre\u0219terea copiilor \u0219i discre\u021bia.<\/p>\n","protected":false},"excerpt":{"rendered":"<p>Culi\u021b\u0103 Sterp, o carier\u0103 construit\u0103 cu r\u0103bdare \u0219i o via\u021b\u0103 de familie \u00eemplinit\u0103 Culi\u021b\u0103 Sterp este ast\u0103zi unul dintre cei mai aprecia\u021bi interpre\u021bi de muzic\u0103 tradi\u021bional\u0103 \u0219i de petrecere din Rom\u00e2nia. La doar 32 de ani, artistul se bucur\u0103 de o carier\u0103 solid\u0103, dar \u0219i de o via\u021b\u0103 personal\u0103 stabil\u0103, al\u0103turi de partenera sa, Daniela, &#8230; <a title=\"C\u00e2te clase are de fapt Culi\u021b\u0103 Sterp La ce meserie a renun\u021bat artistul\" class=\"read-more\" href=\"https:\/\/dobrezrodla.com\/?p=1616\" aria-label=\"Read more about C\u00e2te clase are de fapt Culi\u021b\u0103 Sterp La ce meserie a renun\u021bat artistul\">Read more<\/a><\/p>\n","protected":false},"author":1,"featured_media":1615,"comment_status":"closed","ping_status":"open","sticky":false,"template":"","format":"standard","meta":{"footnotes":""},"categories":[1],"tags":[],"class_list":["post-1616","post","type-post","status-publish","format-standard","has-post-thumbnail","hentry","category-uncategorized"],"_links":{"self":[{"href":"https:\/\/dobrezrodla.com\/index.php?rest_route=\/wp\/v2\/posts\/1616","targetHints":{"allow":["GET"]}}],"collection":[{"href":"https:\/\/dobrezrodla.com\/index.php?rest_route=\/wp\/v2\/posts"}],"about":[{"href":"https:\/\/dobrezrodla.com\/index.php?rest_route=\/wp\/v2\/types\/post"}],"author":[{"embeddable":true,"href":"https:\/\/dobrezrodla.com\/index.php?rest_route=\/wp\/v2\/users\/1"}],"replies":[{"embeddable":true,"href":"https:\/\/dobrezrodla.com\/index.php?rest_route=%2Fwp%2Fv2%2Fcomments&post=1616"}],"version-history":[{"count":1,"href":"https:\/\/dobrezrodla.com\/index.php?rest_route=\/wp\/v2\/posts\/1616\/revisions"}],"predecessor-version":[{"id":1617,"href":"https:\/\/dobrezrodla.com\/index.php?rest_route=\/wp\/v2\/posts\/1616\/revisions\/1617"}],"wp:featuredmedia":[{"embeddable":true,"href":"https:\/\/dobrezrodla.com\/index.php?rest_route=\/wp\/v2\/media\/1615"}],"wp:attachment":[{"href":"https:\/\/dobrezrodla.com\/index.php?rest_route=%2Fwp%2Fv2%2Fmedia&parent=1616"}],"wp:term":[{"taxonomy":"category","embeddable":true,"href":"https:\/\/dobrezrodla.com\/index.php?rest_route=%2Fwp%2Fv2%2Fcategories&post=1616"},{"taxonomy":"post_tag","embeddable":true,"href":"https:\/\/dobrezrodla.com\/index.php?rest_route=%2Fwp%2Fv2%2Ftags&post=1616"}],"curies":[{"name":"wp","href":"https:\/\/api.w.org\/{rel}","templated":true}]}}