{"id":16168,"date":"2026-02-04T20:46:09","date_gmt":"2026-02-04T20:46:09","guid":{"rendered":"https:\/\/dobrezrodla.com\/?p=16168"},"modified":"2026-02-04T20:46:09","modified_gmt":"2026-02-04T20:46:09","slug":"czarne-chmury-nad-czarzastym-nawrocki-podjal-pilna-decyzje","status":"publish","type":"post","link":"https:\/\/dobrezrodla.com\/?p=16168","title":{"rendered":"Czarne chmury nad Czarzastym! Nawrocki podj\u0105\u0142 piln\u0105 decyzj\u0119"},"content":{"rendered":"\n<p>Prezydent&nbsp;<strong>Karol Nawrocki<\/strong>&nbsp;zwo\u0142uje posiedzenie&nbsp;<strong>Rada Bezpiecze\u0144stwa Narodowego<\/strong>, stawiaj\u0105c&nbsp;<strong>W\u0142odzimierz Czarzasty<\/strong>&nbsp;w wyj\u0105tkowo trudnym po\u0142o\u017ceniu.<\/p>\n\n\n\n<p>Z informacji przekazanych przez prezydenckiego rzecznika wynika, \u017ce Marsza\u0142ek Sejmu b\u0119dzie musia\u0142 odnie\u015b\u0107 si\u0119 do powa\u017cnych zarzut\u00f3w.<\/p>\n\n\n\n<p>Nadchodz\u0105ce posiedzenie mo\u017ce okaza\u0107 si\u0119 momentem prze\u0142omowym dla dalszej kariery lidera Lewicy.<\/p>\n\n\n\n<h3 class=\"wp-block-heading\">Prezydent zwo\u0142uje RBN w obliczu kryzysu zaufania<\/h3>\n\n\n\n<p>Prezydent Karol Nawrocki wyznaczy\u0142 termin posiedzenia Rady Bezpiecze\u0144stwa Narodowego na 11 lutego 2026 roku, na godzin\u0119 14:00.<\/p>\n\n\n\n<p>Decyzja zosta\u0142a og\u0142oszona przez rzecznika Rafa\u0142a Le\u015bkiewicza i zapad\u0142a w atmosferze narastaj\u0105cego napi\u0119cia politycznego.<\/p>\n\n\n\n<p>Mi\u0119dzy najwa\u017cniejszymi o\u015brodkami w\u0142adzy narasta konflikt, a wzajemne oskar\u017cenia staj\u0105 si\u0119 coraz ostrzejsze.<\/p>\n\n\n\n<p>Celem spotkania ma by\u0107 wypracowanie wsp\u00f3lnego stanowiska w sprawach kluczowych dla bezpiecze\u0144stwa pa\u0144stwa.<\/p>\n\n\n\n<p>Na posiedzenie zaproszono lider\u00f3w wszystkich ugrupowa\u0144 parlamentarnych.<\/p>\n\n\n\n<p>Uczestnicy zostan\u0105 skonfrontowani z nowymi informacjami dotycz\u0105cymi strategicznych interes\u00f3w Polski.<\/p>\n\n\n\n<p>To w\u0142a\u015bnie dlatego obradom nadano wyj\u0105tkowo wysok\u0105 rang\u0119.<\/p>\n\n\n\n<h3 class=\"wp-block-heading\">Czarne chmury nad Marsza\u0142kiem<\/h3>\n\n\n\n<p>Najwi\u0119ksze emocje budzi punkt dotycz\u0105cy wschodnich kontakt\u00f3w Marsza\u0142ka Sejmu, W\u0142odzimierza Czarzastego.<\/p>\n\n\n\n<p>Wed\u0142ug doniesie\u0144 medialnych lider Nowej Lewicy nie z\u0142o\u017cy\u0142 wymaganej ankiety bezpiecze\u0144stwa.<\/p>\n\n\n\n<p>Fakt ten ma podwa\u017ca\u0107 jego wiarygodno\u015b\u0107 w sprawach zwi\u0105zanych z bezpiecze\u0144stwem pa\u0144stwa.<\/p>\n\n\n\n<p>Sytuacj\u0119 dodatkowo komplikuj\u0105 informacje o powi\u0105zaniach biznesowych z obywatelk\u0105 Rosji.<\/p>\n\n\n\n<p>Kobieta ta ma by\u0107 wsp\u00f3lniczk\u0105 w sp\u00f3\u0142ce zarz\u0105dzaj\u0105cej hotelem powi\u0105zanym z rodzinn\u0105 Agencj\u0105 Muza.<\/p>\n\n\n\n<p>Te relacje towarzysko-biznesowe sta\u0142y si\u0119 jednym z g\u0142\u00f3wnych temat\u00f3w zainteresowania Pa\u0142acu Prezydenckiego.<\/p>\n\n\n\n<p>Prezydent oczekuje od Marsza\u0142ka natychmiastowych i jednoznacznych wyja\u015bnie\u0144.<\/p>\n\n\n\n<h3 class=\"wp-block-heading\">Polska przed wyborem w sprawie ameryka\u0144skiej Rady Pokoju<\/h3>\n\n\n\n<p>Kolejnym istotnym punktem obrad b\u0119dzie propozycja przedstawiona przez&nbsp;<strong>Donald Trump<\/strong>.<\/p>\n\n\n\n<p>Dotyczy ona przyst\u0105pienia Polski do nowo utworzonej Rady Pokoju.<\/p>\n\n\n\n<p>Zgodnie z ameryka\u0144sk\u0105 koncepcj\u0105 sta\u0142e cz\u0142onkostwo w tym gremium mia\u0142oby kosztowa\u0107 miliard dolar\u00f3w.<\/p>\n\n\n\n<p>Dodatkowo Donald Trump mia\u0142by w tej strukturze bardzo szerokie uprawnienia decyzyjne.<\/p>\n\n\n\n<p>Rz\u0105d&nbsp;<strong>Donald Tusk<\/strong>&nbsp;nie podj\u0105\u0142 dot\u0105d ostatecznej decyzji w tej sprawie.<\/p>\n\n\n\n<p>Brak jasnego stanowiska budzi niepok\u00f3j w Kancelarii Prezydenta.<\/p>\n\n\n\n<p>Karol Nawrocki chce ustali\u0107, czy Polska powinna zaakceptowa\u0107 tak daleko id\u0105ce warunki.<\/p>\n\n\n\n<p>Alternatyw\u0105 mia\u0142oby by\u0107 wzmocnienie bezpiecze\u0144stwa w ramach europejskich struktur.<\/p>\n\n\n\n<h3 class=\"wp-block-heading\">Finansowanie nowoczesnej obronno\u015bci w ramach programu SAFE<\/h3>\n\n\n\n<p>Ostatnim filarem dyskusji b\u0119dzie program&nbsp;<strong>SAFE<\/strong>, obowi\u0105zuj\u0105cy od 2025 roku.<\/p>\n\n\n\n<p>Jego celem jest wzmocnienie europejskiej niezale\u017cno\u015bci zbrojeniowej.<\/p>\n\n\n\n<p>Polska planuje zaci\u0105gni\u0119cie bardzo du\u017cej po\u017cyczki na realizacj\u0119 tego programu.<\/p>\n\n\n\n<p>Zobowi\u0105zanie to wi\u0105\u017ce si\u0119 z restrykcyjnymi wymogami dotycz\u0105cymi pochodzenia sprz\u0119tu wojskowego.<\/p>\n\n\n\n<p>Co najmniej 65 procent komponent\u00f3w musi by\u0107 produkowanych w pa\u0144stwach Unii Europejskiej.<\/p>\n\n\n\n<p>Mechanizm ten ma ograniczy\u0107 dominacj\u0119 ameryka\u0144skich dostawc\u00f3w na europejskim rynku.<\/p>\n\n\n\n<p>Cz\u0142onkowie RBN oceni\u0105, czy takie rozwi\u0105zanie realnie wzmocni polskie bezpiecze\u0144stwo.<\/p>\n\n\n\n<p>Prezydent oczekuje od rz\u0105du jasnych gwarancji, \u017ce ogromne wydatki prze\u0142o\u017c\u0105 si\u0119 na realn\u0105 obronno\u015b\u0107 kraju.<\/p>\n","protected":false},"excerpt":{"rendered":"<p>Prezydent&nbsp;Karol Nawrocki&nbsp;zwo\u0142uje posiedzenie&nbsp;Rada Bezpiecze\u0144stwa Narodowego, stawiaj\u0105c&nbsp;W\u0142odzimierz Czarzasty&nbsp;w wyj\u0105tkowo trudnym po\u0142o\u017ceniu. Z informacji przekazanych przez prezydenckiego rzecznika wynika, \u017ce Marsza\u0142ek Sejmu b\u0119dzie musia\u0142 odnie\u015b\u0107 si\u0119 do powa\u017cnych zarzut\u00f3w. Nadchodz\u0105ce posiedzenie mo\u017ce okaza\u0107 si\u0119 momentem prze\u0142omowym dla dalszej kariery lidera Lewicy. Prezydent zwo\u0142uje RBN w obliczu kryzysu zaufania Prezydent Karol Nawrocki wyznaczy\u0142 termin posiedzenia Rady Bezpiecze\u0144stwa Narodowego &#8230; <a title=\"Czarne chmury nad Czarzastym! Nawrocki podj\u0105\u0142 piln\u0105 decyzj\u0119\" class=\"read-more\" href=\"https:\/\/dobrezrodla.com\/?p=16168\" aria-label=\"Read more about Czarne chmury nad Czarzastym! Nawrocki podj\u0105\u0142 piln\u0105 decyzj\u0119\">Read more<\/a><\/p>\n","protected":false},"author":1,"featured_media":0,"comment_status":"open","ping_status":"open","sticky":false,"template":"","format":"standard","meta":{"footnotes":""},"categories":[1],"tags":[],"class_list":["post-16168","post","type-post","status-publish","format-standard","hentry","category-uncategorized"],"_links":{"self":[{"href":"https:\/\/dobrezrodla.com\/index.php?rest_route=\/wp\/v2\/posts\/16168","targetHints":{"allow":["GET"]}}],"collection":[{"href":"https:\/\/dobrezrodla.com\/index.php?rest_route=\/wp\/v2\/posts"}],"about":[{"href":"https:\/\/dobrezrodla.com\/index.php?rest_route=\/wp\/v2\/types\/post"}],"author":[{"embeddable":true,"href":"https:\/\/dobrezrodla.com\/index.php?rest_route=\/wp\/v2\/users\/1"}],"replies":[{"embeddable":true,"href":"https:\/\/dobrezrodla.com\/index.php?rest_route=%2Fwp%2Fv2%2Fcomments&post=16168"}],"version-history":[{"count":1,"href":"https:\/\/dobrezrodla.com\/index.php?rest_route=\/wp\/v2\/posts\/16168\/revisions"}],"predecessor-version":[{"id":16169,"href":"https:\/\/dobrezrodla.com\/index.php?rest_route=\/wp\/v2\/posts\/16168\/revisions\/16169"}],"wp:attachment":[{"href":"https:\/\/dobrezrodla.com\/index.php?rest_route=%2Fwp%2Fv2%2Fmedia&parent=16168"}],"wp:term":[{"taxonomy":"category","embeddable":true,"href":"https:\/\/dobrezrodla.com\/index.php?rest_route=%2Fwp%2Fv2%2Fcategories&post=16168"},{"taxonomy":"post_tag","embeddable":true,"href":"https:\/\/dobrezrodla.com\/index.php?rest_route=%2Fwp%2Fv2%2Ftags&post=16168"}],"curies":[{"name":"wp","href":"https:\/\/api.w.org\/{rel}","templated":true}]}}