{"id":16186,"date":"2026-02-04T20:56:36","date_gmt":"2026-02-04T20:56:36","guid":{"rendered":"https:\/\/dobrezrodla.com\/?p=16186"},"modified":"2026-02-04T20:56:37","modified_gmt":"2026-02-04T20:56:37","slug":"andruszkiewicz-wezwany-do-prokuratury-chodzi-o-listy-wyborcze","status":"publish","type":"post","link":"https:\/\/dobrezrodla.com\/?p=16186","title":{"rendered":"Andruszkiewicz wezwany do prokuratury. Chodzi o listy wyborcze"},"content":{"rendered":"\n<h2 class=\"wp-block-heading\">Adam Andruszkiewcz wezwany do prokuratury<\/h2>\n\n\n\n<p>Adam Andruszkiewicz stwierdzi\u0142 w swoim o\u015bwiadczeniu, \u017ce &#8220;od 12 lat toczy si\u0119 post\u0119powanie dotycz\u0105ce sfa\u0142szowania podpis\u00f3w pod listami wyborczymi z 2014 roku w wojew\u00f3dztwie podlaskim&#8221;.&nbsp;&#8220;W ostatnich latach cz\u0119\u015b\u0107 mainstreamowych medi\u00f3w insynuuje moje zaanga\u017cowanie w t\u0119 spraw\u0119. Przez ca\u0142y ten czas nie przedstawiono jednak \u017cadnych konkretnych dowod\u00f3w na potwierdzenie tej fa\u0142szywej tezy&#8221; &#8211; usi\u0142owa\u0142 przekonywa\u0107 Andruszkiewicz.<\/p>\n\n\n\n<p>&#8220;Dla mnie, jako osoby publicznej, kt\u00f3ra przez lata zyskiwa\u0142a coraz wy\u017csze poparcie wyborc\u00f3w, a aktualnie ma zaszczyt wsp\u00f3\u0142pracowa\u0107 z Prezydentem RP, jest to sytuacja niezwykle trudna i krzywdz\u0105ca. Po wielu latach intensywnych dzia\u0142a\u0144 prokuratury nie us\u0142ysza\u0142em \u017cadnych konkretnych zarzut\u00f3w. Nagle jednak, po dwunastu latach od wydarze\u0144, zdecydowano si\u0119 na wezwanie mnie do prokuratury w charakterze podejrzanego&#8221; &#8211; doda\u0142.<\/p>\n\n\n\n<p>Polityk PiS wyrazi\u0142 przekonanie, \u017ce wezwanie go na przes\u0142uchanie stanowi\u0107 ma &#8220;oczywisty akt zemsty politycznej&#8221; za &#8220;zaanga\u017cowanie&#8221; oraz za to, \u017ce &#8220;wpisuje si\u0119 w szerszy plan nieustannych atak\u00f3w obecnego uk\u0142adu rz\u0105dz\u0105cego na Kancelari\u0119 Prezydenta RP&#8221;. Zadeklarowa\u0142, \u017ce pozostaje do pe\u0142nej dyspozycji wymiaru sprawiedliwo\u015bci.<\/p>\n\n\n\n<h2 class=\"wp-block-heading\">\u015aledztwo ws. podrabiania podpis\u00f3w pod listami wyborczymi<\/h2>\n\n\n\n<p>\u015aledztwo w opisywanej wy\u017cej sprawie trwa od 2014 roku.&nbsp;Adam&nbsp;Andruszkiewicz, kt\u00f3ry pe\u0142ni\u0142 w\u00f3wczas funkcj\u0119 szefa&nbsp;M\u0142odzie\u017cy Wszechpolskiej na Podlasiu, wed\u0142ug prokuratury m\u00f3g\u0142 w 2014 podrabia\u0107 podpisy&nbsp;pod listami poparcia kandydat\u00f3w MW w wyborach do sejmiku wojew\u00f3dztwa podlaskiego.<\/p>\n\n\n\n<p>Wezwanie&nbsp;Adama&nbsp;Andruszkiewcza do prokuratury potwierdzi\u0142a w rozmowie z&nbsp;TVN24 rzeczniczka Prokuratury Regionalnej w Lublinie, prokurator Beata Syk-Jankowska.<\/p>\n","protected":false},"excerpt":{"rendered":"<p>Adam Andruszkiewcz wezwany do prokuratury Adam Andruszkiewicz stwierdzi\u0142 w swoim o\u015bwiadczeniu, \u017ce &#8220;od 12 lat toczy si\u0119 post\u0119powanie dotycz\u0105ce sfa\u0142szowania podpis\u00f3w pod listami wyborczymi z 2014 roku w wojew\u00f3dztwie podlaskim&#8221;.&nbsp;&#8220;W ostatnich latach cz\u0119\u015b\u0107 mainstreamowych medi\u00f3w insynuuje moje zaanga\u017cowanie w t\u0119 spraw\u0119. Przez ca\u0142y ten czas nie przedstawiono jednak \u017cadnych konkretnych dowod\u00f3w na potwierdzenie tej fa\u0142szywej &#8230; <a title=\"Andruszkiewicz wezwany do prokuratury. Chodzi o listy wyborcze\" class=\"read-more\" href=\"https:\/\/dobrezrodla.com\/?p=16186\" aria-label=\"Read more about Andruszkiewicz wezwany do prokuratury. Chodzi o listy wyborcze\">Read more<\/a><\/p>\n","protected":false},"author":1,"featured_media":0,"comment_status":"open","ping_status":"open","sticky":false,"template":"","format":"standard","meta":{"footnotes":""},"categories":[1],"tags":[],"class_list":["post-16186","post","type-post","status-publish","format-standard","hentry","category-uncategorized"],"_links":{"self":[{"href":"https:\/\/dobrezrodla.com\/index.php?rest_route=\/wp\/v2\/posts\/16186","targetHints":{"allow":["GET"]}}],"collection":[{"href":"https:\/\/dobrezrodla.com\/index.php?rest_route=\/wp\/v2\/posts"}],"about":[{"href":"https:\/\/dobrezrodla.com\/index.php?rest_route=\/wp\/v2\/types\/post"}],"author":[{"embeddable":true,"href":"https:\/\/dobrezrodla.com\/index.php?rest_route=\/wp\/v2\/users\/1"}],"replies":[{"embeddable":true,"href":"https:\/\/dobrezrodla.com\/index.php?rest_route=%2Fwp%2Fv2%2Fcomments&post=16186"}],"version-history":[{"count":1,"href":"https:\/\/dobrezrodla.com\/index.php?rest_route=\/wp\/v2\/posts\/16186\/revisions"}],"predecessor-version":[{"id":16187,"href":"https:\/\/dobrezrodla.com\/index.php?rest_route=\/wp\/v2\/posts\/16186\/revisions\/16187"}],"wp:attachment":[{"href":"https:\/\/dobrezrodla.com\/index.php?rest_route=%2Fwp%2Fv2%2Fmedia&parent=16186"}],"wp:term":[{"taxonomy":"category","embeddable":true,"href":"https:\/\/dobrezrodla.com\/index.php?rest_route=%2Fwp%2Fv2%2Fcategories&post=16186"},{"taxonomy":"post_tag","embeddable":true,"href":"https:\/\/dobrezrodla.com\/index.php?rest_route=%2Fwp%2Fv2%2Ftags&post=16186"}],"curies":[{"name":"wp","href":"https:\/\/api.w.org\/{rel}","templated":true}]}}