{"id":16189,"date":"2026-02-05T15:00:57","date_gmt":"2026-02-05T15:00:57","guid":{"rendered":"https:\/\/dobrezrodla.com\/?p=16189"},"modified":"2026-02-05T15:00:58","modified_gmt":"2026-02-05T15:00:58","slug":"prezenter-wiadomosci-byl-uczestnikiem-powaznego-incydentu-podczas-transmisji-na-zywo","status":"publish","type":"post","link":"https:\/\/dobrezrodla.com\/?p=16189","title":{"rendered":"Prezenter wiadomo\u015bci by\u0142 uczestnikiem powa\u017cnego incydentu podczas transmisji na \u017cywo."},"content":{"rendered":"\n<p>Jej dynamika w terenie szybko zrobi\u0142a wra\u017cenie na prze\u0142o\u017conych. Dzi\u0119ki zaanga\u017cowaniu i naturalnej prezencji na antenie, bardzo szybko zadomowi\u0142a si\u0119 w porannym programie \u201eGood Day DC\u201d, co mo\u017cna przet\u0142umaczy\u0107 jako \u201eDzie\u0144 dobry Waszyngtonie\u201d.<\/p>\n\n\n\n<p><img loading=\"lazy\" decoding=\"async\" src=\"https:\/\/www.viepratique.fr\/wp-content\/uploads\/sites\/4\/2025\/04\/image-3618941-750x394.jpeg\" width=\"750\" height=\"394\">\u00a9 Instagram @hollymorristv<\/p>\n\n\n\n<h2 class=\"wp-block-heading\">Wielokrotnie nagradzany dziennikarz&nbsp;(2\/10)<\/h2>\n\n\n\n<p>Nagrody przysz\u0142y szybko. Holly Morris zdoby\u0142a a\u017c cztery regionalne nagrody Emmy. Zosta\u0142a r\u00f3wnie\u017c uhonorowana nagrod\u0105 Edwarda R. Murrowa, szczeg\u00f3lnie cenionym wyr\u00f3\u017cnieniem w \u015bwiecie medi\u00f3w po drugiej stronie Atlantyku.<\/p>\n\n\n\n<p><img loading=\"lazy\" decoding=\"async\" src=\"https:\/\/www.viepratique.fr\/wp-content\/uploads\/sites\/4\/2025\/04\/image-2757876-750x394.jpeg\" width=\"750\" height=\"394\">\u00a9 Instagram @hollymorristv<\/p>\n\n\n\n<h2 class=\"wp-block-heading\">Skomplikowany rozw\u00f3d(3\/10)<\/h2>\n\n\n\n<p>W 2005 roku \u017cycie osobiste Holly Morris przybra\u0142o trudny obr\u00f3t. Jej ma\u0142\u017ce\u0144stwo z Tomem Saterem, by\u0142ym prezenterem pogody w FOX 5, zako\u0144czy\u0142o si\u0119 bole\u015bnie. Jego niewierno\u015b\u0107 z koleg\u0105, Gurvirem Dhinds\u0105, by\u0142a dla dziennikarki bardzo trudna do zaakceptowania, zw\u0142aszcza \u017ce medialny szum zaostrzy\u0142 i tak ju\u017c nieprzyjemn\u0105 sytuacj\u0119.<\/p>\n\n\n\n<p><img loading=\"lazy\" decoding=\"async\" src=\"https:\/\/www.viepratique.fr\/wp-content\/uploads\/sites\/4\/2025\/04\/image-2764366-750x394.jpeg\" width=\"750\" height=\"394\">\u00a9 Instagram @hollymorristv<\/p>\n\n\n\n<h2 class=\"wp-block-heading\">Toksyczne \u015brodowisko&nbsp;(4\/10)<\/h2>\n\n\n\n<p>Po rozstaniu napi\u0119cie w pracy sta\u0142o si\u0119 nie do zniesienia. Wed\u0142ug Holly Morris, niekt\u00f3rzy wsp\u00f3\u0142pracownicy na\u015bladowali jej styl ubierania si\u0119. Twierdzi\u0142a r\u00f3wnie\u017c, \u017ce otrzymywa\u0142a anonimowe wiadomo\u015bci z fa\u0142szywego adresu e-mail. Co wi\u0119cej, odkry\u0142a, \u017ce \u200b\u200bkilku wsp\u00f3\u0142pracownik\u00f3w wiedzia\u0142o o romansie przed ni\u0105, co tylko nasili\u0142o jej dyskomfort.<\/p>\n\n\n\n<p><img loading=\"lazy\" decoding=\"async\" src=\"https:\/\/www.viepratique.fr\/wp-content\/uploads\/sites\/4\/2025\/04\/image-3272969-1024x538.jpeg\" width=\"1024\" height=\"538\">\u00a9 Instagram @hollymorristv<\/p>\n\n\n\n<h2 class=\"wp-block-heading\">Osobiste odrodzenie&nbsp;(5\/10)<\/h2>\n\n\n\n<p>Na szcz\u0119\u015bcie prezenterka szybko zmieni\u0142a zdanie. W 2007 roku Holly Morris wysz\u0142a za m\u0105\u017c za prawnika Thomasa Espy\u2019ego i razem mieli syna o imieniu Hayden. To nowe \u017cycie rodzinne pozwoli\u0142o jej odzyska\u0107 r\u00f3wnowag\u0119 po trudnych latach.<\/p>\n\n\n\n<p><img loading=\"lazy\" decoding=\"async\" src=\"https:\/\/www.viepratique.fr\/wp-content\/uploads\/sites\/4\/2025\/04\/image-5554317-1024x538.jpeg\" width=\"1024\" height=\"538\">\u00a9 Instagram @hollymorristv<\/p>\n\n\n\n<h2 class=\"wp-block-heading\">B\u0142\u0105d na \u017cywo&nbsp;(6\/10)<\/h2>\n\n\n\n<p>W 2013 roku incydent na \u017cywo niemal zniszczy\u0142 jej reputacj\u0119. Podczas drugiej inauguracji Baracka Obamy Holly Morris \u017ale wym\u00f3wi\u0142a s\u0142owo \u201einauguracja\u201d. Jej s\u0142owa zinterpretowano w\u00f3wczas jako rasistowsk\u0105 obelg\u0119.<\/p>\n\n\n\n<p><img loading=\"lazy\" decoding=\"async\" src=\"https:\/\/www.viepratique.fr\/wp-content\/uploads\/sites\/4\/2025\/04\/image-5816539-1024x538.jpeg\" width=\"1024\" height=\"538\">\u00a9 Instagram @hollymorristv<\/p>\n\n\n\n<h2 class=\"wp-block-heading\">Kontrowersyjna kontrowersja&nbsp;(7\/10)<\/h2>\n\n\n\n<p>Ten b\u0142\u0105d wywo\u0142a\u0142 ostre reakcje w internecie. Niekt\u00f3rzy internauci oskar\u017cyli Holly Morris o rasistowskie uwagi. Inni, bardziej wyrozumiali, zwr\u00f3cili uwag\u0119 na wyzwania zwi\u0105zane z transmisj\u0105 na \u017cywo. Wed\u0142ug nich&nbsp;<em>\u201eb\u0142\u0119dy w mowie mog\u0105 si\u0119 zdarzy\u0107 ka\u017cdemu na wizji<\/em>&nbsp;\u201d. Holly Morris nigdy publicznie nie skomentowa\u0142a tego incydentu.<\/p>\n\n\n\n<p><img loading=\"lazy\" decoding=\"async\" src=\"https:\/\/www.viepratique.fr\/wp-content\/uploads\/sites\/4\/2025\/04\/image-5990954-1024x538.jpeg\" width=\"1024\" height=\"538\">\u00a9 Instagram @hollymorristv<\/p>\n\n\n\n<h2 class=\"wp-block-heading\">Niezr\u0119czna sekwencja&nbsp;(8\/10)<\/h2>\n\n\n\n<p>W 2023 roku kolejny film ponownie rozpali\u0142 dyskusje na jej temat. Podczas prezentacji programu&nbsp;<em>\u201eGood Day DC\u201d<\/em>&nbsp;jej postawa i kr\u00f3tka sukienka pozwoli\u0142y dostrzec intymne cz\u0119\u015bci jej cia\u0142a. Nagranie, nieocenzurowane przez operatora, szybko trafi\u0142o na YouTube.<\/p>\n\n\n\n<p><img loading=\"lazy\" decoding=\"async\" src=\"https:\/\/www.viepratique.fr\/wp-content\/uploads\/sites\/4\/2025\/04\/imiagecapture-decran-2025-04-15-a-15.27.57-1024x538.png\" width=\"1024\" height=\"538\">\u00a9 FOX 5 DC<\/p>\n\n\n\n<h2 class=\"wp-block-heading\">Globalny szum&nbsp;(9\/10)<\/h2>\n\n\n\n<p>Ten film zosta\u0142 nast\u0119pnie obejrzany miliony razy. Pojawi\u0142y si\u0119 komentarze, od kpin po dyskusje na temat ubioru na ekranie. Pomimo kompromitacji, ten odcinek nie mia\u0142 powa\u017cnych konsekwencji dla jej kariery. Pozostanie jednak prze\u0142omowym momentem w jej karierze.<\/p>\n\n\n\n<p><img loading=\"lazy\" decoding=\"async\" src=\"https:\/\/www.viepratique.fr\/wp-content\/uploads\/sites\/4\/2025\/04\/image-8762214-1024x538.jpeg\" width=\"1024\" height=\"538\">\u00a9 Instagram @hollymorristv<\/p>\n\n\n\n<h2 class=\"wp-block-heading\">Niezwyk\u0142e odej\u015bcie&nbsp;(10\/10)<\/h2>\n\n\n\n<p>15 marca 2024 roku Holly Morris po dwudziestu pi\u0119ciu latach ostatecznie opu\u015bci\u0142a stacj\u0119 FOX 5 DC. Jej odej\u015bcie spotka\u0142o si\u0119 z aplauzem wsp\u00f3\u0142pracownik\u00f3w i widz\u00f3w. Jednak jej kariera wci\u0105\u017c naznaczona jest kilkoma kontrowersjami.<\/p>\n\n\n\n<p><img loading=\"lazy\" decoding=\"async\" src=\"https:\/\/www.viepratique.fr\/wp-content\/uploads\/sites\/4\/2025\/04\/image-9228666-1024x538.jpeg\" width=\"1024\" height=\"538\">\u00a9 Instagram @hollymorristv<\/p>\n\n\n\n<p>Pochodz\u0105ca z Cincinnati Holly Morris nie planowa\u0142a zosta\u0107 dziennikark\u0105. Mimo to 25 lat p\u00f3\u017aniej sta\u0142a si\u0119 czo\u0142ow\u0105 postaci\u0105 w swojej dziedzinie, pomimo drobnego incydentu, kt\u00f3ry znacz\u0105co nadszarpn\u0105\u0142 jej reputacj\u0119.<\/p>\n","protected":false},"excerpt":{"rendered":"<p>Jej dynamika w terenie szybko zrobi\u0142a wra\u017cenie na prze\u0142o\u017conych. Dzi\u0119ki zaanga\u017cowaniu i naturalnej prezencji na antenie, bardzo szybko zadomowi\u0142a si\u0119 w porannym programie \u201eGood Day DC\u201d, co mo\u017cna przet\u0142umaczy\u0107 jako \u201eDzie\u0144 dobry Waszyngtonie\u201d. \u00a9 Instagram @hollymorristv Wielokrotnie nagradzany dziennikarz&nbsp;(2\/10) Nagrody przysz\u0142y szybko. Holly Morris zdoby\u0142a a\u017c cztery regionalne nagrody Emmy. Zosta\u0142a r\u00f3wnie\u017c uhonorowana nagrod\u0105 Edwarda &#8230; <a title=\"Prezenter wiadomo\u015bci by\u0142 uczestnikiem powa\u017cnego incydentu podczas transmisji na \u017cywo.\" class=\"read-more\" href=\"https:\/\/dobrezrodla.com\/?p=16189\" aria-label=\"Read more about Prezenter wiadomo\u015bci by\u0142 uczestnikiem powa\u017cnego incydentu podczas transmisji na \u017cywo.\">Read more<\/a><\/p>\n","protected":false},"author":1,"featured_media":0,"comment_status":"open","ping_status":"open","sticky":false,"template":"","format":"standard","meta":{"footnotes":""},"categories":[1],"tags":[],"class_list":["post-16189","post","type-post","status-publish","format-standard","hentry","category-uncategorized"],"_links":{"self":[{"href":"https:\/\/dobrezrodla.com\/index.php?rest_route=\/wp\/v2\/posts\/16189","targetHints":{"allow":["GET"]}}],"collection":[{"href":"https:\/\/dobrezrodla.com\/index.php?rest_route=\/wp\/v2\/posts"}],"about":[{"href":"https:\/\/dobrezrodla.com\/index.php?rest_route=\/wp\/v2\/types\/post"}],"author":[{"embeddable":true,"href":"https:\/\/dobrezrodla.com\/index.php?rest_route=\/wp\/v2\/users\/1"}],"replies":[{"embeddable":true,"href":"https:\/\/dobrezrodla.com\/index.php?rest_route=%2Fwp%2Fv2%2Fcomments&post=16189"}],"version-history":[{"count":1,"href":"https:\/\/dobrezrodla.com\/index.php?rest_route=\/wp\/v2\/posts\/16189\/revisions"}],"predecessor-version":[{"id":16190,"href":"https:\/\/dobrezrodla.com\/index.php?rest_route=\/wp\/v2\/posts\/16189\/revisions\/16190"}],"wp:attachment":[{"href":"https:\/\/dobrezrodla.com\/index.php?rest_route=%2Fwp%2Fv2%2Fmedia&parent=16189"}],"wp:term":[{"taxonomy":"category","embeddable":true,"href":"https:\/\/dobrezrodla.com\/index.php?rest_route=%2Fwp%2Fv2%2Fcategories&post=16189"},{"taxonomy":"post_tag","embeddable":true,"href":"https:\/\/dobrezrodla.com\/index.php?rest_route=%2Fwp%2Fv2%2Ftags&post=16189"}],"curies":[{"name":"wp","href":"https:\/\/api.w.org\/{rel}","templated":true}]}}