{"id":1619,"date":"2025-07-18T08:34:16","date_gmt":"2025-07-18T08:34:16","guid":{"rendered":"https:\/\/dobrezrodla.com\/?p=1619"},"modified":"2025-07-18T08:34:16","modified_gmt":"2025-07-18T08:34:16","slug":"babs-despre-alegerea-de-a-nu-merge-la-altar-cu-dorian-popa-am-primit-inelul-dar-nu-mi-am-dorit","status":"publish","type":"post","link":"https:\/\/dobrezrodla.com\/?p=1619","title":{"rendered":"Babs despre alegerea de a nu merge la altar cu Dorian Popa Am primit inelul dar nu mi-am dorit"},"content":{"rendered":"<p>La aproape doi ani de la separarea de Dorian Popa, Babs a vorbit deschis despre una dintre cele mai discutate decizii din rela\u021bia lor: de ce nu a acceptat s\u0103 devin\u0103 so\u021bia artistului, de\u0219i a fost cerut\u0103 \u00een c\u0103s\u0103torie.<\/p>\n<p>De\u0219i au format un cuplu timp de aproape zece ani, Babs a explicat c\u0103, de\u0219i a primit un inel de logodn\u0103 chiar \u00een primul an, nu a sim\u021bit c\u0103 pasul c\u0103s\u0103toriei era ceea ce \u00ee\u0219i dorea. A fost o alegere personal\u0103, una care nu a avut leg\u0103tur\u0103 cu gestul \u00een sine, ci cu propriile convingeri \u0219i priorit\u0103\u021bi din acel moment al vie\u021bii.<\/p>\n<p>\u201e\u0218i eu am primit un inel \u00een primul an de rela\u021bie, dar nu am semnat nimic. Nu pentru c\u0103 nu ar fi fost un moment frumos, ci pentru c\u0103 pur \u0219i simplu nu am sim\u021bit c\u0103 e pentru mine atunci\u201d, a spus ea \u00eentr-un interviu televizat recent.<\/p>\n<p>R\u0103spunsul Babs la logodna lui Dorian Popa cu Andreea<\/p>\n<p>Zilele trecute, Dorian a publicat \u00een mediul online o fotografie cu inelul cu care a cerut-o \u00een c\u0103s\u0103torie pe Andreea, partenera lui din ultima perioad\u0103. Babs nu a comentat direct momentul, \u00eens\u0103 a dat de \u00een\u021beles c\u0103 nu mai urm\u0103re\u0219te ce se \u00eent\u00e2mpl\u0103 \u00een via\u021ba fostului partener.<\/p>\n<p>Totodat\u0103, mama lui Dorian \u2013 cunoscut\u0103 drept \u201eMami\u0219or\u201d \u2013 a fost \u00eentrebat\u0103 despre aceast\u0103 etap\u0103 din via\u021ba fiului ei \u0219i a m\u0103rturisit c\u0103 este bucuroas\u0103 de alegerea f\u0103cut\u0103 de acesta:<\/p>\n<p>\u201ePentru mine este o veste nou\u0103, pentru c\u0103 nu \u0219tiu exact ce au planificat \u00een ultima vreme. Ne vedem mai rar, dar eu mi-am spus punctul de vedere demult: sunt foarte mul\u021bumit\u0103 de rela\u021bia lor. M\u0103 consider o soacr\u0103 \u0219i pentru Andreea, \u00eentr-un mod afectuos, desigur\u201d, a declarat ea.<\/p>\n","protected":false},"excerpt":{"rendered":"<p>La aproape doi ani de la separarea de Dorian Popa, Babs a vorbit deschis despre una dintre cele mai discutate decizii din rela\u021bia lor: de ce nu a acceptat s\u0103 devin\u0103 so\u021bia artistului, de\u0219i a fost cerut\u0103 \u00een c\u0103s\u0103torie. De\u0219i au format un cuplu timp de aproape zece ani, Babs a explicat c\u0103, de\u0219i a &#8230; <a title=\"Babs despre alegerea de a nu merge la altar cu Dorian Popa Am primit inelul dar nu mi-am dorit\" class=\"read-more\" href=\"https:\/\/dobrezrodla.com\/?p=1619\" aria-label=\"Read more about Babs despre alegerea de a nu merge la altar cu Dorian Popa Am primit inelul dar nu mi-am dorit\">Read more<\/a><\/p>\n","protected":false},"author":1,"featured_media":1618,"comment_status":"closed","ping_status":"open","sticky":false,"template":"","format":"standard","meta":{"footnotes":""},"categories":[1],"tags":[],"class_list":["post-1619","post","type-post","status-publish","format-standard","has-post-thumbnail","hentry","category-uncategorized"],"_links":{"self":[{"href":"https:\/\/dobrezrodla.com\/index.php?rest_route=\/wp\/v2\/posts\/1619","targetHints":{"allow":["GET"]}}],"collection":[{"href":"https:\/\/dobrezrodla.com\/index.php?rest_route=\/wp\/v2\/posts"}],"about":[{"href":"https:\/\/dobrezrodla.com\/index.php?rest_route=\/wp\/v2\/types\/post"}],"author":[{"embeddable":true,"href":"https:\/\/dobrezrodla.com\/index.php?rest_route=\/wp\/v2\/users\/1"}],"replies":[{"embeddable":true,"href":"https:\/\/dobrezrodla.com\/index.php?rest_route=%2Fwp%2Fv2%2Fcomments&post=1619"}],"version-history":[{"count":1,"href":"https:\/\/dobrezrodla.com\/index.php?rest_route=\/wp\/v2\/posts\/1619\/revisions"}],"predecessor-version":[{"id":1620,"href":"https:\/\/dobrezrodla.com\/index.php?rest_route=\/wp\/v2\/posts\/1619\/revisions\/1620"}],"wp:featuredmedia":[{"embeddable":true,"href":"https:\/\/dobrezrodla.com\/index.php?rest_route=\/wp\/v2\/media\/1618"}],"wp:attachment":[{"href":"https:\/\/dobrezrodla.com\/index.php?rest_route=%2Fwp%2Fv2%2Fmedia&parent=1619"}],"wp:term":[{"taxonomy":"category","embeddable":true,"href":"https:\/\/dobrezrodla.com\/index.php?rest_route=%2Fwp%2Fv2%2Fcategories&post=1619"},{"taxonomy":"post_tag","embeddable":true,"href":"https:\/\/dobrezrodla.com\/index.php?rest_route=%2Fwp%2Fv2%2Ftags&post=1619"}],"curies":[{"name":"wp","href":"https:\/\/api.w.org\/{rel}","templated":true}]}}