{"id":16211,"date":"2026-02-05T15:05:47","date_gmt":"2026-02-05T15:05:47","guid":{"rendered":"https:\/\/dobrezrodla.com\/?p=16211"},"modified":"2026-02-05T15:05:47","modified_gmt":"2026-02-05T15:05:47","slug":"wskazali-termin-kiedy-skonczy-sie-zima-w-polsce-to-wtedy-pozegnamy-siarczyste-mrozy","status":"publish","type":"post","link":"https:\/\/dobrezrodla.com\/?p=16211","title":{"rendered":"Wskazali termin, kiedy sko\u0144czy si\u0119 zima w Polsce. To wtedy po\u017cegnamy siarczyste mrozy"},"content":{"rendered":"\n<p>W ostatnich tygodniach Polska zmaga\u0142a si\u0119 z fal\u0105 siarczystych mroz\u00f3w, kt\u00f3re zdominowa\u0142y pogod\u0119 w wielu regionach. Wielu mieszka\u0144c\u00f3w z niecierpliwo\u015bci\u0105 oczekuje pierwszych oznak wiosny, szczeg\u00f3lnie po okresach, kiedy termometry miejscami wskazywa\u0142y nawet poni\u017cej -20 stopni Celsjusza. Na szcz\u0119\u015bcie najnowsze, d\u0142ugoterminowe prognozy daj\u0105 nadziej\u0119 na zdecydowany prze\u0142om w aurze.<\/p>\n\n\n\n<p>Obecnie na terenie kraju trwa swego rodzaju zmaganie dw\u00f3ch skrajnych mas powietrza. Ciep\u0142e pr\u0105dy nap\u0142ywaj\u0105 z zachodniej Europy, podczas gdy silne oddzia\u0142ywanie antycyklonu ze wschodu utrzymuje arktyczne temperatury. Dane z Instytutu Meteorologii i Gospodarki Wodnej (IMGW) wskazuj\u0105, \u017ce ostatnie dni stycznia cechowa\u0142y si\u0119 wyra\u017anymi kontrastami termicznymi \u2013 podczas gdy po\u0142udniowo-zachodnia cz\u0119\u015b\u0107 Polski odnotowywa\u0142a temperatury dodatnie, to na p\u00f3\u0142nocnym wschodzie nocne spadki si\u0119ga\u0142y nawet -15\u00b0C.<\/p>\n\n\n\n<figure class=\"wp-block-image\"><img decoding=\"async\" src=\"https:\/\/images.iberion.media\/images\/origin\/Zrzut_ekranu_2026_01_29_174319_f3e1400f4e.jpg\" alt=\"Zima w Polsce\"\/><figcaption class=\"wp-element-caption\">Fot. meteo.imgw.pl<\/figcaption><\/figure>\n\n\n\n<p>To pogodowe rozwarstwienie sprawia, \u017ce cho\u0107 odwil\u017c, zauwa\u017calna zw\u0142aszcza w pasie od Pomorza Zachodniego po \u015al\u0105sk, daje chwilow\u0105 ulg\u0119, to jednak trudne warunki pogodowe jeszcze nie znikn\u0119\u0142y. Meteorolodzy ostrzegaj\u0105 przed go\u0142oledzi\u0105 \u2013 niebezpiecznym zjawiskiem, powoduj\u0105cym powstawanie g\u0142adkiej, przezroczystej warstwy lodu wskutek marzn\u0105cego deszczu lub m\u017cawki. Towarzyszy ona ka\u017cdemu wkroczeniu cieplejszego powietrza na silnie wych\u0142odzony grunt.<\/p>\n\n\n\n<p>Mimo to, stabilizacja pogody zbli\u017ca si\u0119 szybciej ni\u017c mo\u017cna by przypuszcza\u0107, a kluczowe zmiany prognozowane s\u0105 na pocz\u0105tek lutego.<\/p>\n\n\n\n<h2 class=\"wp-block-heading\">Luty 2026 pod znakiem mro\u017anych incydent\u00f3w<\/h2>\n\n\n\n<p>Najnowsze prognozy eksperymentalne IMGW wskazuj\u0105, \u017ce w lutym 2026 roku nie nale\u017cy spodziewa\u0107 si\u0119 ekstremalnych anomalii temperatury. Paradoksalnie oznacza to, \u017ce zima nadal nie odpu\u015bci zbyt \u0142atwo. \u015arednie miesi\u0119czne temperatury powietrza w ca\u0142ym kraju maj\u0105 utrzyma\u0107 si\u0119 w granicach wieloletniej normy z lat 1991\u20132020.<\/p>\n\n\n\n<p>W praktyce oznacza to typowy polski luty, w kt\u00f3rym okresy odwil\u017cy b\u0119d\u0105 si\u0119 przeplata\u0107 z falami mrozu, szczeg\u00f3lnie dotkliwymi w pierwszej dekadzie miesi\u0105ca.<\/p>\n\n\n\n<figure class=\"wp-block-image\"><img decoding=\"async\" src=\"https:\/\/images.iberion.media\/images\/origin\/Zrzut_ekranu_2026_01_29_174506_0dadbb04d4.jpg\" alt=\"Mr\u00f3z w Polsce\"\/><figcaption class=\"wp-element-caption\">Fot. meteo.imgw.pl<\/figcaption><\/figure>\n\n\n\n<p>Modele pogodowe ze Stan\u00f3w Zjednoczonych, takie jak popularny Climate Forecast System (CFS), sugeruj\u0105, \u017ce luty mo\u017ce by\u0107 nieco ch\u0142odniejszy ni\u017c norma, zw\u0142aszcza w p\u00f3\u0142nocnej Polsce. W tych regionach ujemna anomalia temperatury mo\u017ce wynie\u015b\u0107 od 1 do 2 stopni Celsjusza, co zwiastuje cz\u0119stsze powroty siarczystych mroz\u00f3w w por\u00f3wnaniu do innych cz\u0119\u015bci kraju.<\/p>\n\n\n\n<p>Mimo tej prognozy, og\u00f3lny trend pokazuje stopniowe wygaszanie najbardziej intensywnych atak\u00f3w zimy, przygotowuj\u0105c warunki do marcowego ocieplenia.<\/p>\n\n\n\n<h2 class=\"wp-block-heading\">Kiedy upragniony prze\u0142om i uderzenie wiosennego ciep\u0142a?<\/h2>\n\n\n\n<p>Prawdziwa zmiana w prognozach pojawia si\u0119 dopiero w perspektywie marca. Tam, wed\u0142ug ameryka\u0144skich system\u00f3w prognostycznych, zima faktycznie ma ulec ostatecznej kapitulacji. Model CFS zapowiada bardzo ciep\u0142y marzec, z anomali\u0105 dodatni\u0105 si\u0119gaj\u0105c\u0105 od 2 do 3 stopni Celsjusza ponad norm\u0119. W efekcie mo\u017cna si\u0119 spodziewa\u0107 szybkiego nadej\u015bcia przed<\/p>\n","protected":false},"excerpt":{"rendered":"<p>W ostatnich tygodniach Polska zmaga\u0142a si\u0119 z fal\u0105 siarczystych mroz\u00f3w, kt\u00f3re zdominowa\u0142y pogod\u0119 w wielu regionach. Wielu mieszka\u0144c\u00f3w z niecierpliwo\u015bci\u0105 oczekuje pierwszych oznak wiosny, szczeg\u00f3lnie po okresach, kiedy termometry miejscami wskazywa\u0142y nawet poni\u017cej -20 stopni Celsjusza. Na szcz\u0119\u015bcie najnowsze, d\u0142ugoterminowe prognozy daj\u0105 nadziej\u0119 na zdecydowany prze\u0142om w aurze. Obecnie na terenie kraju trwa swego rodzaju &#8230; <a title=\"Wskazali termin, kiedy sko\u0144czy si\u0119 zima w Polsce. To wtedy po\u017cegnamy siarczyste mrozy\" class=\"read-more\" href=\"https:\/\/dobrezrodla.com\/?p=16211\" aria-label=\"Read more about Wskazali termin, kiedy sko\u0144czy si\u0119 zima w Polsce. To wtedy po\u017cegnamy siarczyste mrozy\">Read more<\/a><\/p>\n","protected":false},"author":1,"featured_media":0,"comment_status":"open","ping_status":"open","sticky":false,"template":"","format":"standard","meta":{"footnotes":""},"categories":[1],"tags":[],"class_list":["post-16211","post","type-post","status-publish","format-standard","hentry","category-uncategorized"],"_links":{"self":[{"href":"https:\/\/dobrezrodla.com\/index.php?rest_route=\/wp\/v2\/posts\/16211","targetHints":{"allow":["GET"]}}],"collection":[{"href":"https:\/\/dobrezrodla.com\/index.php?rest_route=\/wp\/v2\/posts"}],"about":[{"href":"https:\/\/dobrezrodla.com\/index.php?rest_route=\/wp\/v2\/types\/post"}],"author":[{"embeddable":true,"href":"https:\/\/dobrezrodla.com\/index.php?rest_route=\/wp\/v2\/users\/1"}],"replies":[{"embeddable":true,"href":"https:\/\/dobrezrodla.com\/index.php?rest_route=%2Fwp%2Fv2%2Fcomments&post=16211"}],"version-history":[{"count":1,"href":"https:\/\/dobrezrodla.com\/index.php?rest_route=\/wp\/v2\/posts\/16211\/revisions"}],"predecessor-version":[{"id":16212,"href":"https:\/\/dobrezrodla.com\/index.php?rest_route=\/wp\/v2\/posts\/16211\/revisions\/16212"}],"wp:attachment":[{"href":"https:\/\/dobrezrodla.com\/index.php?rest_route=%2Fwp%2Fv2%2Fmedia&parent=16211"}],"wp:term":[{"taxonomy":"category","embeddable":true,"href":"https:\/\/dobrezrodla.com\/index.php?rest_route=%2Fwp%2Fv2%2Fcategories&post=16211"},{"taxonomy":"post_tag","embeddable":true,"href":"https:\/\/dobrezrodla.com\/index.php?rest_route=%2Fwp%2Fv2%2Ftags&post=16211"}],"curies":[{"name":"wp","href":"https:\/\/api.w.org\/{rel}","templated":true}]}}