{"id":16224,"date":"2026-02-05T20:18:26","date_gmt":"2026-02-05T20:18:26","guid":{"rendered":"https:\/\/dobrezrodla.com\/?p=16224"},"modified":"2026-02-05T20:18:27","modified_gmt":"2026-02-05T20:18:27","slug":"wielka-tragedia-w-rodzinie-karpiela-bulecki-byl-wielka-gwiazda-a-dzisiaj-juz-nie-ma-go-z-nami-2","status":"publish","type":"post","link":"https:\/\/dobrezrodla.com\/?p=16224","title":{"rendered":"Wielka tragedia w rodzinie Karpiela-Bu\u0142ecki. By\u0142 wielk\u0105 gwiazd\u0105, a dzisiaj ju\u017c nie ma go z nami"},"content":{"rendered":"\n<p>Pierwsze tygodnie 2026 roku przynios\u0142y polskiej scenie publicznej seri\u0119 smutnych wiadomo\u015bci o odej\u015bciach wa\u017cnych postaci. Cho\u0107 nie wszystkie nazwiska zyska\u0142y natychmiastow\u0105 s\u0142aw\u0119, ka\u017cde z tych wydarze\u0144 g\u0142\u0119boko poruszy\u0142o zwi\u0105zane z nimi \u015brodowiska zawodowe i spo\u0142eczne.<\/p>\n\n\n\n<p>Na pocz\u0105tku stycznia po\u017cegnali\u015bmy Roberta Wolskiego \u2013 wybitnego lekkoatlet\u0119 specjalizuj\u0105cego si\u0119 w skoku wzwy\u017c, olimpijczyka z Aten 2004. Pod koniec grudnia 2025 roku uleg\u0142 powa\u017cnemu wypadkowi samochodowemu, w wyniku kt\u00f3rego zmar\u0142 w wieku 43 lat. Jego kariera obfitowa\u0142a w sukcesy, a sympati\u0119 fan\u00f3w zyska\u0142 nie tylko talentem, ale tak\u017ce wra\u017cliwo\u015bci\u0105 i optymizmem poza aren\u0105 sportow\u0105.<\/p>\n\n\n\n<figure class=\"wp-block-image\"><img decoding=\"async\" src=\"https:\/\/bystragrazyna.pl\/wp-content\/uploads\/2026\/02\/40.jpg\" alt=\"obrazek\"\/><\/figure>\n\n\n\n<p>W tym samym czasie styczniowe dni przynios\u0142y informacje o \u015bmierci kilku os\u00f3b aktywnych w polityce i dzia\u0142alno\u015bci spo\u0142ecznej: Wiktora Kineckiego \u2013 do\u015bwiadczonego dyplomaty i pos\u0142a, Mieczys\u0142awa Czerniawskiego \u2013 parlamentarzysty o bogatej historii dzia\u0142a\u0144 spo\u0142ecznych, S\u0142awomira Sadowskiego \u2013 senatora zaanga\u017cowanego w polityk\u0119 regionaln\u0105 oraz Lucyny Pietrzyk \u2013 by\u0142ej pos\u0142anki PSL. Ka\u017cda z tych postaci wp\u0142yn\u0119\u0142a na \u017cycie publiczne Polski na sw\u00f3j unikalny spos\u00f3b, a ich odej\u015bcie przypomnia\u0142o o nieub\u0142aganym przemijaniu czasu.<\/p>\n\n\n\n<p>Poza \u015bwiatem zawodowym pod koniec stycznia odesz\u0142a Jadwiga \u017bak-Stewart, uznawana za najstarsz\u0105 Polk\u0119, kt\u00f3ra do\u017cy\u0142a 113 lat. Jej \u017cycie obj\u0119\u0142o niemal ca\u0142y XX wiek \u2013 od czas\u00f3w dzi\u015b niemal nierealnych po er\u0119 zaawansowanych technologii i dynamicznych przemian spo\u0142ecznych. Jej \u015bmier\u0107 symbolizuje, \u017ce historia nie istnieje tylko w ksi\u0105\u017ckach, lecz \u017cyje w pami\u0119ci tych, kt\u00f3rzy j\u0105 prze\u017cyli.<\/p>\n\n\n\n<h2 class=\"wp-block-heading\">Sebastian Karpiel-Bu\u0142ecka i Paulina Krupi\u0144ska \u2013 gwiazdy na tle codzienno\u015bci<\/h2>\n\n\n\n<p>Zar\u00f3wno Sebastian Karpiel-Bu\u0142ecka, jak i Paulina Krupi\u0144ska od lat pozostaj\u0105 w centrum medialnego zainteresowania, cho\u0107 ka\u017cdy kroczy w\u0142asn\u0105 \u015bcie\u017ck\u0105 kariery. Sebastian, lider popularnego zespo\u0142u Zakopower, s\u0142ynie z po\u0142\u0105czenia muzycznej pasji z niepowtarzaln\u0105 g\u00f3ralsk\u0105 energi\u0105. Jego koncerty przyci\u0105gaj\u0105 t\u0142umy, a wywiady ukazuj\u0105 nie tylko poczucie humoru, ale i g\u0142\u0119bok\u0105 wra\u017cliwo\u015b\u0107, tworz\u0105c pe\u0142niejszy obraz artysty poza scen\u0105.<\/p>\n\n\n\n<p>Paulina Krupi\u0144ska-Karpiel to z kolei symbol elegancji i konsekwencji. Kariera modelki i tytu\u0142 Miss Polonia otworzy\u0142y jej drzwi do \u015bwiata medi\u00f3w, gdzie umiej\u0119tnie r\u00f3wnowa\u017cy \u017cycie prywatne z zawodowym. Mimo cz\u0119stych pojawie\u0144 si\u0119 w portalach plotkarskich, selektywnie dzieli si\u0119 informacjami, dbaj\u0105c o prywatno\u015b\u0107.<\/p>\n\n\n\n<p>Wsp\u00f3lnie tworz\u0105 par\u0119, kt\u00f3ra z powodzeniem balansuje mi\u0119dzy blaskiem fleszy a codziennymi rodzinnymi wyzwaniami. Cho\u0107 ich zwi\u0105zek bywa komentowany w mediach spo\u0142eczno\u015bciowych, potrafi\u0105 chroni\u0107 prywatno\u015b\u0107 tam, gdzie inni z niej rezygnuj\u0105. Ich relacja zachwyca autentyczno\u015bci\u0105 i inspiruje, pokazuj\u0105c, \u017ce w \u015bwiecie celebryt\u00f3w mo\u017cna pozosta\u0107 sob\u0105.<\/p>\n\n\n\n<h2 class=\"wp-block-heading\">Tragiczna strata w rodzinie Karpiela-Bu\u0142eckich i Krupi\u0144skich<\/h2>\n\n\n\n<p>Wiecz\u00f3r poniedzia\u0142kowy przyni\u00f3s\u0142 smutn\u0105 wiadomo\u015b\u0107, kt\u00f3ra poruszy\u0142a nie tylko rodzin\u0119, ale i tysi\u0105ce obserwator\u00f3w \u017cycia Sebastiana Karpiela-Bu\u0142ecki oraz Pauliny Krupi\u0144skiej. Zmar\u0142 J\u00f3zef G\u0105sienica-Sobczak \u2013 wuj Sebastiana i cz\u0142onek rodziny Krupi\u0144skich, osoba znacz\u0105ca dla bliskich znacznie wi\u0119cej ni\u017c tylko krewny. By\u0142 prawdziw\u0105 inspiracj\u0105 i filarem rodziny.<\/p>\n\n\n\n<p>J\u00f3zef G\u0105sienica-Sobczak zapisa\u0142 si\u0119 w historii polskiego sportu jako wybitny biathlonista, czterokrotny uczestnik zimowych igrzysk olimpijskich i wielokrotny reprezentant Polski na arenie mi\u0119dzynarodowej. Jego postawa by\u0142a wzorem determinacji, dyscypliny i zaanga\u017cowania, a prywatnie okazywa\u0142 si\u0119 cz\u0142owiekiem ciep\u0142ym, skromnym i pe\u0142nym \u017cyciowej m\u0105dro\u015bci, kt\u00f3r\u0105 ch\u0119tnie dzieli\u0142 z bliskimi.<\/p>\n\n\n\n<blockquote class=\"wp-block-quote is-layout-flow wp-block-quote-is-layout-flow\">\n<p>\u015amier\u0107 J\u00f3zefa G\u0105sienicy-Sobczaka przypomina, \u017ce za ka\u017cd\u0105 publiczn\u0105 postaci\u0105 kryj\u0105 si\u0119 bliscy, kt\u00f3rzy odczuwaj\u0105 strat\u0119 osobi\u015bcie i bardzo g\u0142\u0119boko.<\/p>\n<\/blockquote>\n\n\n\n<p>Dla Sebastiana i Pauliny odej\u015bcie wujka zamkn\u0119\u0142o wa\u017cny rozdzia\u0142 \u017cycia. Jego obecno\u015b\u0107 by\u0142a dla nich wsparciem i inspiracj\u0105, a ta strata podkre\u015bla, jak kluczowe s\u0105 wi\u0119zi rodzinne i pami\u0119\u0107 o bliskich \u2013 nawet w \u015bwiecie pe\u0142nym fleszy i medialnego rozg\u0142osu.<\/p>\n\n\n\n<p>To wydarzenie staje si\u0119 dla polskiej publiczno\u015bci okazj\u0105 do refleksji nad znaczeniem os\u00f3b, kt\u00f3re swoim \u017cyciem i dokonaniami inspiruj\u0105 zar\u00f3wno w sferze zawodowej, jak i codziennej egzystencji.<\/p>\n","protected":false},"excerpt":{"rendered":"<p>Pierwsze tygodnie 2026 roku przynios\u0142y polskiej scenie publicznej seri\u0119 smutnych wiadomo\u015bci o odej\u015bciach wa\u017cnych postaci. Cho\u0107 nie wszystkie nazwiska zyska\u0142y natychmiastow\u0105 s\u0142aw\u0119, ka\u017cde z tych wydarze\u0144 g\u0142\u0119boko poruszy\u0142o zwi\u0105zane z nimi \u015brodowiska zawodowe i spo\u0142eczne. Na pocz\u0105tku stycznia po\u017cegnali\u015bmy Roberta Wolskiego \u2013 wybitnego lekkoatlet\u0119 specjalizuj\u0105cego si\u0119 w skoku wzwy\u017c, olimpijczyka z Aten 2004. Pod koniec &#8230; <a title=\"Wielka tragedia w rodzinie Karpiela-Bu\u0142ecki. By\u0142 wielk\u0105 gwiazd\u0105, a dzisiaj ju\u017c nie ma go z nami\" class=\"read-more\" href=\"https:\/\/dobrezrodla.com\/?p=16224\" aria-label=\"Read more about Wielka tragedia w rodzinie Karpiela-Bu\u0142ecki. By\u0142 wielk\u0105 gwiazd\u0105, a dzisiaj ju\u017c nie ma go z nami\">Read more<\/a><\/p>\n","protected":false},"author":1,"featured_media":0,"comment_status":"open","ping_status":"open","sticky":false,"template":"","format":"standard","meta":{"footnotes":""},"categories":[1],"tags":[],"class_list":["post-16224","post","type-post","status-publish","format-standard","hentry","category-uncategorized"],"_links":{"self":[{"href":"https:\/\/dobrezrodla.com\/index.php?rest_route=\/wp\/v2\/posts\/16224","targetHints":{"allow":["GET"]}}],"collection":[{"href":"https:\/\/dobrezrodla.com\/index.php?rest_route=\/wp\/v2\/posts"}],"about":[{"href":"https:\/\/dobrezrodla.com\/index.php?rest_route=\/wp\/v2\/types\/post"}],"author":[{"embeddable":true,"href":"https:\/\/dobrezrodla.com\/index.php?rest_route=\/wp\/v2\/users\/1"}],"replies":[{"embeddable":true,"href":"https:\/\/dobrezrodla.com\/index.php?rest_route=%2Fwp%2Fv2%2Fcomments&post=16224"}],"version-history":[{"count":1,"href":"https:\/\/dobrezrodla.com\/index.php?rest_route=\/wp\/v2\/posts\/16224\/revisions"}],"predecessor-version":[{"id":16225,"href":"https:\/\/dobrezrodla.com\/index.php?rest_route=\/wp\/v2\/posts\/16224\/revisions\/16225"}],"wp:attachment":[{"href":"https:\/\/dobrezrodla.com\/index.php?rest_route=%2Fwp%2Fv2%2Fmedia&parent=16224"}],"wp:term":[{"taxonomy":"category","embeddable":true,"href":"https:\/\/dobrezrodla.com\/index.php?rest_route=%2Fwp%2Fv2%2Fcategories&post=16224"},{"taxonomy":"post_tag","embeddable":true,"href":"https:\/\/dobrezrodla.com\/index.php?rest_route=%2Fwp%2Fv2%2Ftags&post=16224"}],"curies":[{"name":"wp","href":"https:\/\/api.w.org\/{rel}","templated":true}]}}