{"id":16230,"date":"2026-02-05T20:19:40","date_gmt":"2026-02-05T20:19:40","guid":{"rendered":"https:\/\/dobrezrodla.com\/?p=16230"},"modified":"2026-02-05T20:19:40","modified_gmt":"2026-02-05T20:19:40","slug":"tomasz-glogowski-z-ko-ostro-o-nawrockim-i-rbn-to-jest-smieszne","status":"publish","type":"post","link":"https:\/\/dobrezrodla.com\/?p=16230","title":{"rendered":"Tomasz G\u0142ogowski z KO ostro o Nawrockim i RBN. \u00abTo jest \u015bmieszne\u00bb"},"content":{"rendered":"\n<p>Prezydent Karol Nawrocki zwo\u0142a\u0142 posiedzenie Rady Bezpiecze\u0144stwa Narodowego na 11 lutego 2026 roku. W\u015br\u00f3d trzech g\u0142\u00f3wnych temat\u00f3w znalaz\u0142o si\u0119 zaproszenie Polski do Rady Pokoju \u2013 nowej inicjatywy mi\u0119dzynarodowej powo\u0142anej przez prezydenta USA Donalda Trumpa. Sprawa budzi spore emocje w Warszawie. Komentarza w tej sprawie udzieli\u0142 nam pose\u0142 KO, Tomasz G\u0142ogowski.<\/p>\n\n\n\n<p>Rada Pokoju to organ zainicjowany przez Donalda Trumpa, oficjalnie powo\u0142any w styczniu 2026 roku w Davos<br>Polska otrzyma\u0142a osobiste zaproszenie skierowane do prezydenta Karola Nawrockiego<br>Pocz\u0105tkowo mia\u0142a zajmowa\u0107 si\u0119 zarz\u0105dzaniem rozejmem i odbudow\u0105 Strefy Gazy, ale statut pozwala na szersze dzia\u0142ania<br>Czym dok\u0142adnie jest Rada Pokoju?<br>Rada Pokoju zosta\u0142a oficjalnie zainaugurowana podczas \u015awiatowego Forum Ekonomicznego w Davos w styczniu 2026 roku. Na czele stoi prezydent USA Donald Trump.<\/p>\n\n\n\n<p>Inicjatywa powsta\u0142a jako element wdra\u017cania drugiej fazy rozejmu w Strefie Gazy. Zak\u0142ada si\u0119, \u017ce rada ma wspiera\u0107 stabilizacj\u0119, monitorowa\u0107 rozejm oraz koordynowa\u0107 odbudow\u0119 zniszczonych teren\u00f3w.<\/p>\n\n\n\n<p>Z czasem mandat Rady ma by\u0107 rozszerzany na inne konflikty na \u015bwiecie. Cz\u0142onkostwo jest zaproszeniowe \u2013 pa\u0144stwa mog\u0105 do\u0142\u0105czy\u0107 wy\u0142\u0105cznie po akceptacji przez Stany Zjednoczone.<\/p>\n\n\n\n<p>W\u015br\u00f3d cz\u0142onk\u00f3w-za\u0142o\u017cycieli i zaproszonych pa\u0144stw znalaz\u0142y si\u0119 kraje o bardzo r\u00f3\u017cnym profilu politycznym, w tym pa\u0144stwa autorytarne.<\/p>\n\n\n\n<figure class=\"wp-block-image\"><img decoding=\"async\" src=\"https:\/\/central.biz.ua\/wp-content\/uploads\/2026\/02\/image-7.png\" alt=\"\" class=\"wp-image-8813\"\/><\/figure>\n\n\n\n<p>Dlaczego temat trafi na Rad\u0119 Bezpiecze\u0144stwa Narodowego?<br>RBN jest konstytucyjnym organem doradczym prezydenta w sprawach wewn\u0119trznego i zewn\u0119trznego bezpiecze\u0144stwa pa\u0144stwa.<\/p>\n\n\n\n<p>Temat Rady Pokoju pojawi\u0142 si\u0119 jako jeden z trzech punkt\u00f3w obrad (obok po\u017cyczki na program SAFE oraz sprawy kontakt\u00f3w marsza\u0142ka W\u0142odzimierza Czarzastego).<\/p>\n\n\n\n<p>Posiedzenie ma charakter konsultacyjny. Prezydent chce pozna\u0107 stanowisko kluczowych konstytucyjnych organ\u00f3w pa\u0144stwa przed ewentualnym podj\u0119ciem dalszych krok\u00f3w.<\/p>\n\n\n\n<p>Decyzja o przyst\u0105pieniu do Rady Pokoju \u2013 je\u015bli w og\u00f3le mia\u0142aby zapa\u015b\u0107 \u2013 i tak wymaga\u0142aby wsp\u00f3lnego dzia\u0142ania prezydenta, rz\u0105du i parlamentu. Na razie \u017cadna oficjalna deklaracja o ch\u0119ci cz\u0142onkostwa nie pad\u0142a.<\/p>\n\n\n\n<p>\u00abNie dor\u00f3s\u0142 do pe\u0142nienia funkcji\u00bb<br>Skomentowa\u0142 to dla nas Tomasz G\u0142ogowski, pose\u0142 KO:<\/p>\n\n\n\n<ul class=\"wp-block-list\">\n<li>Moim zdaniem absolutnie nie powinni\u015bmy do niej przyst\u0119powa\u0107. Nawet bez analizy koszt\u00f3w samo rozwa\u017canie cz\u0142onkostwa w takiej organizacji jest \u015bmieszne, zw\u0142aszcza \u017ce ca\u0142y \u015bwiat zachodni jasno zadeklarowa\u0142 brak zamiaru udzia\u0142u w tym projekcie. S\u0105dz\u0119, \u017ce wkr\u00f3tce tak\u017ce sojusznicy Trumpa, a by\u0107 mo\u017ce nawet cz\u0119\u015b\u0107 spo\u0142ecze\u0144stwa ameryka\u0144skiego i Republikan\u00f3w, zaczn\u0105 si\u0119 od niego odwraca\u0107. Z tego, co rozumiem, mia\u0142aby to by\u0107 struktura o charakterze de facto prywatnym \u2014 z do\u017cywotnim przyw\u00f3dztwem Donalda Trumpa, a nie prezydenta Stan\u00f3w Zjednoczonych wybieranego na kadencj\u0119.\u00a0<\/li>\n\n\n\n<li>Do tego pojawia si\u0119 kwestia ewentualnych wp\u0142at, kt\u00f3re niekoniecznie trafia\u0142yby na konto rz\u0105du ameryka\u0144skiego. Traktowanie tego projektu powa\u017cnie jest dla mnie ca\u0142kowicie niezrozumia\u0142e. Zdaj\u0119 sobie spraw\u0119, \u017ce przez najbli\u017csze trzy lata Trump pozostanie prezydentem USA i \u015bwiatowi przyw\u00f3dcy musz\u0105 wa\u017cy\u0107 s\u0142owa. Je\u015bli jednak prezydent Karol Nawrocki rzeczywi\u015bcie rozwa\u017ca dzi\u015b cz\u0142onkostwo w tej Radzie, to oznacza, \u017ce nie dor\u00f3s\u0142 do pe\u0142nienia funkcji prezydenta.<\/li>\n<\/ul>\n\n\n\n<p>\u0179r\u00f3d\u0142o: Goniec.pl&nbsp;<\/p>\n","protected":false},"excerpt":{"rendered":"<p>Prezydent Karol Nawrocki zwo\u0142a\u0142 posiedzenie Rady Bezpiecze\u0144stwa Narodowego na 11 lutego 2026 roku. W\u015br\u00f3d trzech g\u0142\u00f3wnych temat\u00f3w znalaz\u0142o si\u0119 zaproszenie Polski do Rady Pokoju \u2013 nowej inicjatywy mi\u0119dzynarodowej powo\u0142anej przez prezydenta USA Donalda Trumpa. Sprawa budzi spore emocje w Warszawie. Komentarza w tej sprawie udzieli\u0142 nam pose\u0142 KO, Tomasz G\u0142ogowski. Rada Pokoju to organ zainicjowany &#8230; <a title=\"Tomasz G\u0142ogowski z KO ostro o Nawrockim i RBN. \u00abTo jest \u015bmieszne\u00bb\" class=\"read-more\" href=\"https:\/\/dobrezrodla.com\/?p=16230\" aria-label=\"Read more about Tomasz G\u0142ogowski z KO ostro o Nawrockim i RBN. \u00abTo jest \u015bmieszne\u00bb\">Read more<\/a><\/p>\n","protected":false},"author":1,"featured_media":0,"comment_status":"open","ping_status":"open","sticky":false,"template":"","format":"standard","meta":{"footnotes":""},"categories":[1],"tags":[],"class_list":["post-16230","post","type-post","status-publish","format-standard","hentry","category-uncategorized"],"_links":{"self":[{"href":"https:\/\/dobrezrodla.com\/index.php?rest_route=\/wp\/v2\/posts\/16230","targetHints":{"allow":["GET"]}}],"collection":[{"href":"https:\/\/dobrezrodla.com\/index.php?rest_route=\/wp\/v2\/posts"}],"about":[{"href":"https:\/\/dobrezrodla.com\/index.php?rest_route=\/wp\/v2\/types\/post"}],"author":[{"embeddable":true,"href":"https:\/\/dobrezrodla.com\/index.php?rest_route=\/wp\/v2\/users\/1"}],"replies":[{"embeddable":true,"href":"https:\/\/dobrezrodla.com\/index.php?rest_route=%2Fwp%2Fv2%2Fcomments&post=16230"}],"version-history":[{"count":1,"href":"https:\/\/dobrezrodla.com\/index.php?rest_route=\/wp\/v2\/posts\/16230\/revisions"}],"predecessor-version":[{"id":16231,"href":"https:\/\/dobrezrodla.com\/index.php?rest_route=\/wp\/v2\/posts\/16230\/revisions\/16231"}],"wp:attachment":[{"href":"https:\/\/dobrezrodla.com\/index.php?rest_route=%2Fwp%2Fv2%2Fmedia&parent=16230"}],"wp:term":[{"taxonomy":"category","embeddable":true,"href":"https:\/\/dobrezrodla.com\/index.php?rest_route=%2Fwp%2Fv2%2Fcategories&post=16230"},{"taxonomy":"post_tag","embeddable":true,"href":"https:\/\/dobrezrodla.com\/index.php?rest_route=%2Fwp%2Fv2%2Ftags&post=16230"}],"curies":[{"name":"wp","href":"https:\/\/api.w.org\/{rel}","templated":true}]}}