{"id":1625,"date":"2025-07-18T09:58:53","date_gmt":"2025-07-18T09:58:53","guid":{"rendered":"https:\/\/dobrezrodla.com\/?p=1625"},"modified":"2025-07-18T09:58:53","modified_gmt":"2025-07-18T09:58:53","slug":"mihai-mitoseru-planuri-serioase-alaturi-de-partenera-sa-asteptam-o-minune-in-viata-noastra","status":"publish","type":"post","link":"https:\/\/dobrezrodla.com\/?p=1625","title":{"rendered":"Mihai Mito\u0219eru planuri serioase al\u0103turi de partenera sa A\u0219tept\u0103m o minune \u00een via\u021ba noastr\u0103"},"content":{"rendered":"<p>Mihai Mito\u0219eru tr\u0103ie\u0219te din nou bucuria unei rela\u021bii stabile \u0219i mature. Dup\u0103 o perioad\u0103 \u00een care a preferat discre\u021bia, prezentatorul TV a confirmat c\u0103 \u0219i-a ref\u0103cut via\u021ba al\u0103turi de o nou\u0103 partener\u0103. Rela\u021bia lor a \u00eenceput \u00een urm\u0103 cu c\u00e2teva luni, iar recent, cei doi au decis s\u0103 fac\u0103 un pas important: s\u0103 locuiasc\u0103 \u00eempreun\u0103.<\/p>\n<p>Partenera lui Mihai s-a mutat din Italia \u00een Bucure\u0219ti, renun\u021b\u00e2nd la vechea via\u021b\u0103 pentru a fi al\u0103turi de el. Cei doi se declar\u0103 extrem de ferici\u021bi \u0219i echilibra\u021bi \u00een noul \u00eenceput, iar comunicarea dintre ei pare s\u0103 fie cheia armoniei care s-a instalat \u00eenc\u0103 din primele s\u0103pt\u0103m\u00e2ni.<\/p>\n<p>\u201eZici c\u0103 suntem \u00eempreun\u0103 de 20 de ani, a\u0219a de bine ne \u00een\u021belegem. Avem o rela\u021bie natural\u0103, f\u0103r\u0103 presiune, f\u0103r\u0103 a\u0219tept\u0103ri nerealiste. Suntem doi oameni maturi, care \u0219tiu ce vor de la via\u021b\u0103 \u0219i care se bucur\u0103 de ceea ce tr\u0103iesc \u00een fiecare zi\u201d, a povestit Mihai Mito\u0219eru.<\/p>\n<p>Visul de a deveni p\u0103rin\u021bi<\/p>\n<p>Un alt detaliu important pe care prezentatorul l-a \u00eemp\u0103rt\u0103\u0219it cu sinceritate este dorin\u021ba comun\u0103 a cuplului de a avea un copil. F\u0103r\u0103 a pune presiune pe timp sau pe decizii gr\u0103bite, Mihai \u0219i partenera sa \u00ee\u0219i doresc ca aceast\u0103 \u201eminune\u201d s\u0103 apar\u0103 natural \u00een via\u021ba lor.<\/p>\n<p>\u201eNe dorim foarte mult un copil. Asta este acum \u00een centrul preocup\u0103rilor noastre. C\u00e2nd va fi s\u0103 fie, ne vom bucura din toat\u0103 inima. Avem r\u0103bdare \u0219i \u00eencredere.\u201d<\/p>\n<p>Chiar dac\u0103 planurile de nunt\u0103 sunt deja conturate, cei doi au hot\u0103r\u00e2t s\u0103 a\u0219tepte p\u00e2n\u0103 c\u00e2nd familia lor se va \u00eentregi.<\/p>\n<p>\u201eNunta o s\u0103 vin\u0103 \u0219i ea, dar dup\u0103 ce va ap\u0103rea copilul. Nu ne gr\u0103bim. Am\u00e2ndoi suntem divor\u021ba\u021bi, nu sim\u021bim nevoia de a bifa formalit\u0103\u021bi. O vom face pentru noi, pentru sufletul nostru, atunci c\u00e2nd va fi momentul potrivit.\u201d<\/p>\n<p>Locul \u00een care va avea loc evenimentul<\/p>\n<p>De\u0219i data nu a fost stabilit\u0103, Mihai Mito\u0219eru a m\u0103rturisit c\u0103 locul \u00een care \u00ee\u0219i dore\u0219te s\u0103 organizeze petrecerea de nunt\u0103 este deja ales: acela\u0219i spa\u021biu unde \u0219i-a s\u0103rb\u0103torit recent ziua de na\u0219tere. Este vorba despre o loca\u021bie \u00een aer liber, la Pope\u0219ti, unde se simte \u00een largul lui, \u00eentr-un cadru relaxat \u0219i prietenos.<\/p>\n<p>\u201eDe ziua mea, pe 10 iulie, am f\u0103cut o petrecere frumoas\u0103 cu prietenii apropia\u021bi. Pe tricourile noastre era scris\u0103 data, 10.07. A fost special \u0219i ne-am sim\u021bit extraordinar. Acolo, pe iarba aceea, vrem s\u0103 ne \u0219i c\u0103s\u0103torim. Simplu, sincer, \u00eentre oameni dragi.\u201d<\/p>\n<p>Un nou capitol \u00een via\u021ba lui Mihai Mito\u0219eru<\/p>\n<p>Pentru Mihai, aceast\u0103 perioad\u0103 este una lini\u0219tit\u0103 \u0219i plin\u0103 de speran\u021b\u0103. Dup\u0103 experien\u021bele trecute \u0219i provoc\u0103rile personale prin care a trecut, pare c\u0103 a g\u0103sit din nou echilibrul al\u0103turi de o persoan\u0103 care \u00eei \u00eemp\u0103rt\u0103\u0219e\u0219te valorile. F\u0103r\u0103 presiunea reflectoarelor sau a a\u0219tept\u0103rilor publicului, \u00ee\u0219i tr\u0103ie\u0219te via\u021ba personal\u0103 \u00een ritmul propriu, cu modestie \u0219i claritate.<\/p>\n<p>\u201eNu mai sunt la v\u00e2rsta la care s\u0103 m\u0103 las purtat de valuri. Acum \u0219tiu ce conteaz\u0103 cu adev\u0103rat. \u0218i dac\u0103 Dumnezeu ne va binecuv\u00e2nta cu un copil, atunci tot ce construim va avea un alt sens.\u201d<\/p>\n","protected":false},"excerpt":{"rendered":"<p>Mihai Mito\u0219eru tr\u0103ie\u0219te din nou bucuria unei rela\u021bii stabile \u0219i mature. Dup\u0103 o perioad\u0103 \u00een care a preferat discre\u021bia, prezentatorul TV a confirmat c\u0103 \u0219i-a ref\u0103cut via\u021ba al\u0103turi de o nou\u0103 partener\u0103. Rela\u021bia lor a \u00eenceput \u00een urm\u0103 cu c\u00e2teva luni, iar recent, cei doi au decis s\u0103 fac\u0103 un pas important: s\u0103 locuiasc\u0103 \u00eempreun\u0103. &#8230; <a title=\"Mihai Mito\u0219eru planuri serioase al\u0103turi de partenera sa A\u0219tept\u0103m o minune \u00een via\u021ba noastr\u0103\" class=\"read-more\" href=\"https:\/\/dobrezrodla.com\/?p=1625\" aria-label=\"Read more about Mihai Mito\u0219eru planuri serioase al\u0103turi de partenera sa A\u0219tept\u0103m o minune \u00een via\u021ba noastr\u0103\">Read more<\/a><\/p>\n","protected":false},"author":1,"featured_media":1624,"comment_status":"closed","ping_status":"open","sticky":false,"template":"","format":"standard","meta":{"footnotes":""},"categories":[1],"tags":[],"class_list":["post-1625","post","type-post","status-publish","format-standard","has-post-thumbnail","hentry","category-uncategorized"],"_links":{"self":[{"href":"https:\/\/dobrezrodla.com\/index.php?rest_route=\/wp\/v2\/posts\/1625","targetHints":{"allow":["GET"]}}],"collection":[{"href":"https:\/\/dobrezrodla.com\/index.php?rest_route=\/wp\/v2\/posts"}],"about":[{"href":"https:\/\/dobrezrodla.com\/index.php?rest_route=\/wp\/v2\/types\/post"}],"author":[{"embeddable":true,"href":"https:\/\/dobrezrodla.com\/index.php?rest_route=\/wp\/v2\/users\/1"}],"replies":[{"embeddable":true,"href":"https:\/\/dobrezrodla.com\/index.php?rest_route=%2Fwp%2Fv2%2Fcomments&post=1625"}],"version-history":[{"count":1,"href":"https:\/\/dobrezrodla.com\/index.php?rest_route=\/wp\/v2\/posts\/1625\/revisions"}],"predecessor-version":[{"id":1626,"href":"https:\/\/dobrezrodla.com\/index.php?rest_route=\/wp\/v2\/posts\/1625\/revisions\/1626"}],"wp:featuredmedia":[{"embeddable":true,"href":"https:\/\/dobrezrodla.com\/index.php?rest_route=\/wp\/v2\/media\/1624"}],"wp:attachment":[{"href":"https:\/\/dobrezrodla.com\/index.php?rest_route=%2Fwp%2Fv2%2Fmedia&parent=1625"}],"wp:term":[{"taxonomy":"category","embeddable":true,"href":"https:\/\/dobrezrodla.com\/index.php?rest_route=%2Fwp%2Fv2%2Fcategories&post=1625"},{"taxonomy":"post_tag","embeddable":true,"href":"https:\/\/dobrezrodla.com\/index.php?rest_route=%2Fwp%2Fv2%2Ftags&post=1625"}],"curies":[{"name":"wp","href":"https:\/\/api.w.org\/{rel}","templated":true}]}}