{"id":16257,"date":"2026-02-06T12:38:30","date_gmt":"2026-02-06T12:38:30","guid":{"rendered":"https:\/\/dobrezrodla.com\/?p=16257"},"modified":"2026-02-06T12:38:30","modified_gmt":"2026-02-06T12:38:30","slug":"wtracanie-sie-w-sprawy-polski-ambasador-usa-w-ogniu-krytyki","status":"publish","type":"post","link":"https:\/\/dobrezrodla.com\/?p=16257","title":{"rendered":"&#8220;Wtr\u0105canie si\u0119 w sprawy Polski&#8221;. Ambasador USA w ogniu krytyki"},"content":{"rendered":"\n<p>Ambasador USA zerwa\u0142 kontakty z Czarzastym przez X<br>W czwartek ambasador Stan\u00f3w Zjednoczonych w Polsce og\u0142osi\u0142 zerwanie kontakt\u00f3w z W\u0142odzimierzem Czarzastym. Zrobi\u0142 to w nietypowy spos\u00f3b, bo za pomoc\u0105 postu na platformie X. Wskaza\u0142 na krytyczne wypowiedzi marsza\u0142ka Sejmu pod adresem Donalda Trumpa. Decyzja ma obowi\u0105zywa\u0107 ze skutkiem natychmiastowym i jest reakcj\u0105 na s\u0142owa, kt\u00f3re wed\u0142ug niego naruszy\u0142y wzajemny szacunek uderzaj\u0105c w relacje polsko-ameryka\u0144skie.<\/p>\n\n\n\n<p>Czytaj tak\u017ce:<\/p>\n\n\n\n<p>By\u0142y dyplomata o wpisie ambasadora. &#8220;Odbieram to jako prowokacj\u0119&#8221;<br>Sprawa wywo\u0142a\u0142a zdziwienie w\u015br\u00f3d by\u0142ych dyplomat\u00f3w. &#8211; Wpis ambasadora USA o zerwaniu kontakt\u00f3w z marsza\u0142kiem polskiego Sejmu to sprawa niewyobra\u017calna w dyplomacji &#8211; stwierdzi\u0142 by\u0142y ambasador Polski w Norwegii i Australii Andrzej Jaroszy\u0144ski. Oceni\u0142, \u017ce publiczne og\u0142oszenie zerwania kontakt\u00f3w w mediach spo\u0142eczno\u015bciowych jest sytuacj\u0105 niewyobra\u017caln\u0105 w praktyce dyplomatycznej. Zwr\u00f3ci\u0142 uwag\u0119, \u017ce z wpisu nie wynika, jakie dok\u0142adnie relacje maj\u0105 zosta\u0107 zerwane ani kto faktycznie podj\u0105\u0142 tak\u0105 decyzj\u0119.<\/p>\n\n\n\n<ul class=\"wp-block-list\">\n<li>Takie sprawy za\u0142atwia si\u0119 w drodze nieformalnych rozm\u00f3w i wyja\u015bnie\u0144. Odbieram to jako prowokacj\u0119 i wtr\u0105canie si\u0119 w wewn\u0119trzne sprawy Polski &#8211; podkre\u015bli\u0142 Jaroszy\u0144ski. Jego zdaniem dyplomaci nie powinni publicznie formu\u0142owa\u0107 zastrze\u017ce\u0144 wobec najwy\u017cszych przedstawicieli w\u0142adz pa\u0144stwa, w kt\u00f3rym pe\u0142ni\u0105 swoj\u0105 misj\u0119.<\/li>\n<\/ul>\n\n\n\n<p>Takiego przypadku jeszcze nie by\u0142o. &#8220;Sytuacja kuriozalna&#8221;<br>By\u0142y ambasador zaznaczy\u0142 r\u00f3wnie\u017c, \u017ce nie jest jasne, czy chodzi wy\u0142\u0105cznie o relacje pomi\u0119dzy ambasad\u0105 USA a marsza\u0142kiem Sejmu, czy te\u017c o decyzj\u0119 ca\u0142ej administracji ameryka\u0144skiej. &#8211; W obu przypadkach jest to sytuacja kuriozalna. Po raz pierwszy s\u0142ysz\u0119 o takim incydencie w stosunkach dyplomatycznych &#8211; doda\u0142.<\/p>\n\n\n\n<p>\u0179r\u00f3d\u0142em sporu by\u0142y s\u0142owa W\u0142odzimierza Czarzastego z pocz\u0105tku tygodnia. W poniedzia\u0142ek, 2 stycznia, marsza\u0142ek Sejmu zapowiedzia\u0142, \u017ce nie poprze wniosku o przyznanie Donaldowi Trumpowi Pokojowej Nagrody Nobla. Zdaniem polityka Lewicy ameryka\u0144ski prezydent na ni\u0105 nie zas\u0142uguje, poniewa\u017c destabilizuje sytuacj\u0119 w organizacjach mi\u0119dzynarodowych, takich jak Unia Europejska czy NATO oraz prowadzi &#8211; jak to okre\u015bli\u0142 &#8211; polityk\u0119 transakcyjn\u0105.<\/p>\n","protected":false},"excerpt":{"rendered":"<p>Ambasador USA zerwa\u0142 kontakty z Czarzastym przez XW czwartek ambasador Stan\u00f3w Zjednoczonych w Polsce og\u0142osi\u0142 zerwanie kontakt\u00f3w z W\u0142odzimierzem Czarzastym. Zrobi\u0142 to w nietypowy spos\u00f3b, bo za pomoc\u0105 postu na platformie X. Wskaza\u0142 na krytyczne wypowiedzi marsza\u0142ka Sejmu pod adresem Donalda Trumpa. Decyzja ma obowi\u0105zywa\u0107 ze skutkiem natychmiastowym i jest reakcj\u0105 na s\u0142owa, kt\u00f3re wed\u0142ug &#8230; <a title=\"&#8220;Wtr\u0105canie si\u0119 w sprawy Polski&#8221;. Ambasador USA w ogniu krytyki\" class=\"read-more\" href=\"https:\/\/dobrezrodla.com\/?p=16257\" aria-label=\"Read more about &#8220;Wtr\u0105canie si\u0119 w sprawy Polski&#8221;. Ambasador USA w ogniu krytyki\">Read more<\/a><\/p>\n","protected":false},"author":1,"featured_media":0,"comment_status":"open","ping_status":"open","sticky":false,"template":"","format":"standard","meta":{"footnotes":""},"categories":[1],"tags":[],"class_list":["post-16257","post","type-post","status-publish","format-standard","hentry","category-uncategorized"],"_links":{"self":[{"href":"https:\/\/dobrezrodla.com\/index.php?rest_route=\/wp\/v2\/posts\/16257","targetHints":{"allow":["GET"]}}],"collection":[{"href":"https:\/\/dobrezrodla.com\/index.php?rest_route=\/wp\/v2\/posts"}],"about":[{"href":"https:\/\/dobrezrodla.com\/index.php?rest_route=\/wp\/v2\/types\/post"}],"author":[{"embeddable":true,"href":"https:\/\/dobrezrodla.com\/index.php?rest_route=\/wp\/v2\/users\/1"}],"replies":[{"embeddable":true,"href":"https:\/\/dobrezrodla.com\/index.php?rest_route=%2Fwp%2Fv2%2Fcomments&post=16257"}],"version-history":[{"count":1,"href":"https:\/\/dobrezrodla.com\/index.php?rest_route=\/wp\/v2\/posts\/16257\/revisions"}],"predecessor-version":[{"id":16258,"href":"https:\/\/dobrezrodla.com\/index.php?rest_route=\/wp\/v2\/posts\/16257\/revisions\/16258"}],"wp:attachment":[{"href":"https:\/\/dobrezrodla.com\/index.php?rest_route=%2Fwp%2Fv2%2Fmedia&parent=16257"}],"wp:term":[{"taxonomy":"category","embeddable":true,"href":"https:\/\/dobrezrodla.com\/index.php?rest_route=%2Fwp%2Fv2%2Fcategories&post=16257"},{"taxonomy":"post_tag","embeddable":true,"href":"https:\/\/dobrezrodla.com\/index.php?rest_route=%2Fwp%2Fv2%2Ftags&post=16257"}],"curies":[{"name":"wp","href":"https:\/\/api.w.org\/{rel}","templated":true}]}}